{"id":11585,"date":"2026-07-31T07:05:15","date_gmt":"2026-07-31T10:05:15","guid":{"rendered":"https:\/\/blogs.correiobraziliense.com.br\/azedo\/?p=11585"},"modified":"2026-07-31T07:08:41","modified_gmt":"2026-07-31T10:08:41","slug":"falar-sobre-a-guerra-do-paraguai-e-um-dos-pecados-capitais-da-nossa-diplomacia","status":"publish","type":"post","link":"https:\/\/blogs.correiobraziliense.com.br\/azedo\/falar-sobre-a-guerra-do-paraguai-e-um-dos-pecados-capitais-da-nossa-diplomacia\/","title":{"rendered":"Falar sobre a Guerra do Paraguai \u00e9 um dos pecados capitais da nosssa diplomacia"},"content":{"rendered":"<p><em><strong>O Paraguai sofreu uma cat\u00e1strofe demogr\u00e1fica: perdeu quase 90% da popula\u00e7\u00e3o masculina adulta, e sua popula\u00e7\u00e3o foi reduzida a menos da metade. O corpo de L\u00f3pez foi profanado<\/strong><\/em><\/p>\n<p>Um dos sete volumes da cole\u00e7\u00e3o Plenos Pecados, da Editora Objetiva, Xadrez, Truco e Outras Guerras, do escritor Jos\u00e9 Roberto Torero, \u00e9 inspirado na Guerra do Paraguai, o maior conflito armado internacional em que o Brasil esteve envolvido no continente. O livro \u00e9 uma s\u00e1tira macabra envolvendo personagens em conflito durante a Guerra do Paraguai. Seu pecado capital \u00e9 a ira. A narrativa acompanha, de forma ficcional, a implac\u00e1vel persegui\u00e7\u00e3o ao mariscal Francisco Solano L\u00f3pez, ditador do Paraguai, por determina\u00e7\u00e3o do pr\u00edncipe franc\u00eas Gast\u00e3o de Orl\u00e9ans, o Conde d&#8217;Eu, comandante-chefe do Ex\u00e9rcito imperial na fase final da guerra. Casado com a princesa Isabel, herdeira do trono brasileiro, o pr\u00edncipe franc\u00eas era mau como o pica-pau.<\/p>\n<p>A guerra come\u00e7ou em 1864, com a apreens\u00e3o do navio brasileiro Marqu\u00eas de Olinda e a invas\u00e3o da ent\u00e3o prov\u00edncia de Mato Grosso pelas for\u00e7as paraguaias, e terminou em 1870. O Paraguai sofreu uma cat\u00e1strofe demogr\u00e1fica: perdeu quase 90% da popula\u00e7\u00e3o masculina adulta, e sua popula\u00e7\u00e3o foi reduzida a menos da metade. N\u00e3o h\u00e1 provas de que a Inglaterra teria provocado a guerra para destruir um Paraguai industrializado e aut\u00f4nomo.<\/p>\n<p>A mem\u00f3ria do conflito permanece t\u00e3o sens\u00edvel que boa parte da documenta\u00e7\u00e3o hist\u00f3rica \u00e9 cercada por controv\u00e9rsias sobre seu sigilo. Em 2004, o governo paraguaio chegou a pedir oficialmente acesso a arquivos brasileiros sobre a guerra e da posterior demarca\u00e7\u00e3o das fronteiras. Para o Itamaraty, mexer nesse passado sempre significa reabrir feridas que a integra\u00e7\u00e3o bilateral procura cicatrizar.<\/p>\n<p>Solano L\u00f3pez morreu em Cerro Cor\u00e1, ou Aquidabanigui, em 1\u00ba de mar\u00e7o de 1870, na \u00faltima batalha da guerra. Depois da derrota paraguaia em Campo Grande, em agosto de 1869, o que restava de seu ex\u00e9rcito havia sido reduzido a algumas centenas de combatentes, entre velhos, adolescentes e crian\u00e7as, famintos, malvestidos e precariamente armados. Em 26 de fevereiro de 1870, o general Jos\u00e9 Ant\u00f4nio Correia da C\u00e2mara avan\u00e7ou contra o acampamento de L\u00f3pez \u00e0 frente de mais de 2 mil homens. Francisco, o Panchito, filho de L\u00f3pez, com apenas 15 anos, morreu durante a resist\u00eancia. Foi uma opera\u00e7\u00e3o r\u00e1pida e brutal, de cerco e aniquilamento.<\/p>\n<p>Leia tamb\u00e9m: <a href=\"https:\/\/www.correiobraziliense.com.br\/mundo\/2024\/12\/7010325-guerra-do-paraguai-160-anos-as-descobertas-que-contradizem-o-que-a-escola-ensinou-sobre-o-conflito-sangrento.html\"><strong>As descobertas que contradizem o que a escola ensinou sobre a Guerra do Paraguai<\/strong><\/a><\/p>\n<p>L\u00f3pez tentou escapar acompanhado de poucos oficiais, mas foi alcan\u00e7ado por soldados brasileiros. A narrativa oficial sustenta que recusou a rendi\u00e7\u00e3o e morreu em combate; outra hip\u00f3tese \u00e9 que tenha sido executado quando j\u00e1 estava gravemente ferido. O cabo Jos\u00e9 Francisco Lacerda, o Chico Diabo, atingiu-o com uma lan\u00e7a. Depois, houve um disparo de autoria controversa. Seu cad\u00e1ver foi mutilado e seus objetos pessoais transformados em trof\u00e9us.<\/p>\n<p>A espada de L\u00f3pez foi enviada ao imperador Dom Pedro II. Sua condecora\u00e7\u00e3o ficou com o ent\u00e3o visconde do Rio Branco; o general C\u00e2mara, com seu rel\u00f3gio, mais tarde doado a um museu. Chico Diabo tomou para si uma faca de prata e ouro com as iniciais FL, de Francisco L\u00f3pez. O saque dos objetos pessoais e a profana\u00e7\u00e3o do cad\u00e1ver sintetizam uma campanha de exterm\u00ednio, na qual a elimina\u00e7\u00e3o f\u00edsica de Solano L\u00f3pez se confundiu com a destrui\u00e7\u00e3o do que restava de seu pa\u00eds.<\/p>\n<p><strong>Terreno minado<\/strong><\/p>\n<p>Outro s\u00edmbolo desse passado \u00e9 o canh\u00e3o El Cristiano, de 12 toneladas, hoje exposto no Museu Hist\u00f3rico Nacional, na Pra\u00e7a Marechal \u00c2ncora, no Rio de Janeiro. Fundido com o bronze dos sinos de igrejas paraguaias, foi capturado como trof\u00e9u. Para os paraguaios, \u00e9 uma lembran\u00e7a material da devasta\u00e7\u00e3o sofrida. Uma boa ideia seria devolv\u00ea-lo.<\/p>\n<p>Lula pisou nesse terreno minado: &#8220;A gente n\u00e3o pode se esquecer que um belo dia o Paraguai resolveu invadir o Brasil, invadiu Corumb\u00e1, ao mesmo tempo invadiu o Uruguai, invadiu a Argentina e aquela guerra, que parecia que era nada, durou cinco anos&#8221;. E simplificou um conflito complexo: o Paraguai invadiu territ\u00f3rios do Brasil e da Argentina, mas n\u00e3o invadiu o Uruguai, porque Solano L\u00f3pez apoiava o governo blanco uruguaio e considerava a interven\u00e7\u00e3o brasileira naquele pa\u00eds uma ruptura do equil\u00edbrio regional.<\/p>\n<p><em>Leia mais:<\/em>\u00a0<a href=\"https:\/\/www.correiobraziliense.com.br\/politica\/2026\/07\/7471191-mal-estar-com-paraguai-se-agrava-e-gera-protesto-diplomatico.html\"><strong>Mal-estar com Paraguai se agrava e gera protesto diplom\u00e1tico<\/strong><\/a><\/p>\n<p>A rea\u00e7\u00e3o de Assun\u00e7\u00e3o \u00e0s declara\u00e7\u00f5es era previs\u00edvel. O presidente Santiago Pe\u00f1a telefonou a Lula, e o embaixador brasileiro, Jos\u00e9 Ant\u00f4nio Marcondes de Carvalho, foi convocado para receber uma nota oficial. Esse \u00e9 um gesto formal de descontentamento. O Paraguai se enxerga como v\u00edtima de um massacre.<\/p>\n<p>O estresse diplom\u00e1tico ocorre durante as negocia\u00e7\u00f5es do Anexo C do Tratado de Itaipu, que define as bases financeiras e comerciais da energia produzida pela hidrel\u00e9trica. A tarifa foi fixada em US$ 19,28 por quilowatt at\u00e9 2026, mas continua pendente a defini\u00e7\u00e3o das regras para a comercializa\u00e7\u00e3o do excedente paraguaio. Cada pa\u00eds tem direito a 50% da energia, e o Paraguai cede ao Brasil a parcela que n\u00e3o consome. Assun\u00e7\u00e3o quer negociar essa energia no mercado e obter uma remunera\u00e7\u00e3o maior. Itaipu \u00e9 estrat\u00e9gica para o sistema el\u00e9trico brasileiro.<\/p>\n<p>A rela\u00e7\u00e3o j\u00e1 havia sido agastada pela revela\u00e7\u00e3o de que a Ag\u00eancia Brasileira de Intelig\u00eancia teria invadido sistemas do governo paraguaio para obter informa\u00e7\u00f5es sobre a posi\u00e7\u00e3o de Assun\u00e7\u00e3o nas negocia\u00e7\u00f5es, no governo Jair Bolsonaro e no in\u00edcio da atual administra\u00e7\u00e3o. O secret\u00e1rio de Estado norte-americano, Marco Rubio, defende que o excedente energ\u00e9tico seja utilizado para alimentar centros de dados e projetos de intelig\u00eancia artificial das big techs, que seriam instalados no Paraguai. A alternativa fortalece o poder de barganha de Assun\u00e7\u00e3o.<\/p>\n<p><em>Vale a pena ler de novo:\u00a0<\/em><\/p>\n<p><a href=\"https:\/\/www.correiobraziliense.com.br\/diversao-e-arte\/2021\/05\/4927136-livro-conta-a-historia-dos-soldados-negros-que-morreram-na-guerra-do-paraguai.html\"><strong>Livro conta a hist\u00f3ria dos soldados negros que morreram na guerra do Paraguai<\/strong><\/a><\/p>\n<p><a href=\"https:\/\/blogs.correiobraziliense.com.br\/azedo\/nas-entrelinhas-diplomacia-do-governo-lula-tem-dualidade-insustentavel\/\"><strong>Diplomacia do governo Lula tem dualidade insustent\u00e1vel<\/strong><\/a><\/p>\n<p><strong>Nas entrelinhas<\/strong><em>: todas as colunas no<\/em>\u00a0<a href=\"https:\/\/blogs.correiobraziliense.com.br\/azedo\/\"><strong>Blog do Azedo<\/strong><\/a><\/p>\n<p>&nbsp;<\/p>\n","protected":false},"excerpt":{"rendered":"<p>O Paraguai sofreu uma cat\u00e1strofe demogr\u00e1fica: perdeu quase 90% da popula\u00e7\u00e3o masculina adulta, e sua popula\u00e7\u00e3o foi reduzida a menos da metade. O corpo de L\u00f3pez foi profanado Um dos sete volumes da cole\u00e7\u00e3o Plenos Pecados, da Editora Objetiva, Xadrez, Truco e Outras Guerras, do escritor Jos\u00e9 Roberto Torero, \u00e9 inspirado na Guerra do Paraguai, o maior conflito armado internacional [&hellip;]<\/p>\n","protected":false},"author":39,"featured_media":11590,"comment_status":"open","ping_status":"closed","sticky":false,"template":"","format":"standard","meta":{"footnotes":""},"categories":[1223,980,589,1950,4,164,1135,369,92,972,113,1907,8,9,3,80,76],"tags":[360,1909,1908,2171,10,1998],"class_list":["post-11585","post","type-post","status-publish","format-standard","has-post-thumbnail","hentry","category-brasilia","category-eleicoes-2","category-eua","category-geografia","category-governo","category-guerra","category-inglaterra","category-itamaraty","category-literatura","category-memoria","category-militares","category-paraguai","category-partidos","category-politica-2","category-politica","category-seguranca","category-trump","tag-guerra","tag-itaipu","tag-paraguai","tag-pena","tag-lula","tag-rubio"],"_links":{"self":[{"href":"https:\/\/blogs.correiobraziliense.com.br\/azedo\/wp-json\/wp\/v2\/posts\/11585","targetHints":{"allow":["GET"]}}],"collection":[{"href":"https:\/\/blogs.correiobraziliense.com.br\/azedo\/wp-json\/wp\/v2\/posts"}],"about":[{"href":"https:\/\/blogs.correiobraziliense.com.br\/azedo\/wp-json\/wp\/v2\/types\/post"}],"author":[{"embeddable":true,"href":"https:\/\/blogs.correiobraziliense.com.br\/azedo\/wp-json\/wp\/v2\/users\/39"}],"replies":[{"embeddable":true,"href":"https:\/\/blogs.correiobraziliense.com.br\/azedo\/wp-json\/wp\/v2\/comments?post=11585"}],"version-history":[{"count":5,"href":"https:\/\/blogs.correiobraziliense.com.br\/azedo\/wp-json\/wp\/v2\/posts\/11585\/revisions"}],"predecessor-version":[{"id":11594,"href":"https:\/\/blogs.correiobraziliense.com.br\/azedo\/wp-json\/wp\/v2\/posts\/11585\/revisions\/11594"}],"wp:featuredmedia":[{"embeddable":true,"href":"https:\/\/blogs.correiobraziliense.com.br\/azedo\/wp-json\/wp\/v2\/media\/11590"}],"wp:attachment":[{"href":"https:\/\/blogs.correiobraziliense.com.br\/azedo\/wp-json\/wp\/v2\/media?parent=11585"}],"wp:term":[{"taxonomy":"category","embeddable":true,"href":"https:\/\/blogs.correiobraziliense.com.br\/azedo\/wp-json\/wp\/v2\/categories?post=11585"},{"taxonomy":"post_tag","embeddable":true,"href":"https:\/\/blogs.correiobraziliense.com.br\/azedo\/wp-json\/wp\/v2\/tags?post=11585"}],"curies":[{"name":"wp","href":"https:\/\/api.w.org\/{rel}","templated":true}]}}