{"id":11580,"date":"2026-07-30T08:58:35","date_gmt":"2026-07-30T11:58:35","guid":{"rendered":"https:\/\/blogs.correiobraziliense.com.br\/azedo\/?p=11580"},"modified":"2026-07-30T08:59:03","modified_gmt":"2026-07-30T11:59:03","slug":"fortes-em-go-e-mg-caiado-e-zema-nao-conseguem-nacionalizar-candidaturas","status":"publish","type":"post","link":"https:\/\/blogs.correiobraziliense.com.br\/azedo\/fortes-em-go-e-mg-caiado-e-zema-nao-conseguem-nacionalizar-candidaturas\/","title":{"rendered":"Fortes em GO e MG, Caiado e Zema n\u00e3o conseguem nacionalizar candidaturas"},"content":{"rendered":"<p><em><strong>Que pa\u00eds queremos? Essa pergunta est\u00e1 posta novamente nas elei\u00e7\u00f5es, com o agravante de os liberais n\u00e3o terem um projeto claro. Muito da polariza\u00e7\u00e3o se deve a isso<\/strong><\/em><\/p>\n<p>A elei\u00e7\u00e3o presidencial mostra uma polariza\u00e7\u00e3o assim\u00e9trica. Candidato \u00e0 reelei\u00e7\u00e3o, o presidente Luiz In\u00e1cio Lula da Silva lidera a disputa nacionalmente e conserva vantagem nas simula\u00e7\u00f5es de segundo turno, enquanto Fl\u00e1vio Bolsonaro demonstra resili\u00eancia suficiente para permanecer como seu principal advers\u00e1rio. Apesar das den\u00fancias, erros e brigas na campanha do filho 01 de Jair Bolsonaro, as possibilidades de uma terceira via continuam restritas. Os ex-governadores Ronaldo Caiado (GO) e Romeu Zema (MG), mesmo com a proje\u00e7\u00e3o conquistada como governadores, n\u00e3o conseguem transformar seus redutos regionais em alavanca para nacionalizar as candidaturas.<\/p>\n<p>Os principais col\u00e9gios eleitorais mostram dois Brasis: o meridional e o setentrional. Essa divis\u00e3o foi apontada a primeira vez em 1920, em Popula\u00e7\u00f5es Meridionais do Brasil, de Oliveira Viana. Escrito entre 1916 e 1918, levou dois anos para ser publicado, pela livraria Jos\u00e9 Olympio. O que dizia Viana? Ele definia tr\u00eas arqu\u00e9tipos para o povo brasileiro: o sertanejo, o matuto e o ga\u00facho. O primeiro volume de Popula\u00e7\u00f5es Meridionais do Brasil dedicou aos paulistas, fluminenses e mineiros; o segundo, ao campeador rio-grandense. Foram sucedidos pela publica\u00e7\u00e3o mete\u00f3rica de mais quatro ensaios: O Idealismo da Constitui\u00e7\u00e3o (1920), Pequenos Estudos da Psicologia Social (1921), Evolu\u00e7\u00e3o do Povo Brasileiro (1923) e O Ocaso do Imp\u00e9rio (1924). Partia do homem para criticar as institui\u00e7\u00f5es da \u00e9poca.<\/p>\n<p><em>Leia tamb\u00e9m:\u00a0<\/em><\/p>\n<p><a href=\"https:\/\/www.correiobraziliense.com.br\/politica\/2026\/07\/7469825-genial-quaest-na-bahia-acm-neto-e-jeronimo-rodrigues-lideram-disputa.html\"><strong>ACM Neto e Jer\u00f4nimo Rodrigues empatam na Bahia<\/strong><\/a><\/p>\n<p><a href=\"https:\/\/www.correiobraziliense.com.br\/politica\/2026\/07\/7470597-genial-quaest-daniel-vilela-tem-vantagem-para-2-turno-em-goias.html\"><strong>Vilela tem 16 pontos sobre Perillo no 1\u00ba turno<\/strong><strong>\u00a0em Goi\u00e1s<\/strong><\/a><\/p>\n<p>&#8220;O sentimento das nossas realidades, t\u00e3o s\u00f3lido e seguro nos velhos capit\u00e3es gerais, desapareceu, com efeito, das nossas classes dirigentes: h\u00e1 um s\u00e9culo vivemos praticamente em pleno sonho (\u2026.) O grande movimento democr\u00e1tico da Revolu\u00e7\u00e3o Francesa; as agita\u00e7\u00f5es parlamentares inglesas; o esp\u00edrito liberal das institui\u00e7\u00f5es que regem a rep\u00fablica americana, tudo isto exerceu e exerce sobre nossos dirigentes, pol\u00edticos, estadistas, legisladores, publicistas, uma fascina\u00e7\u00e3o magn\u00e9tica que lhes daltoniza completamente a vis\u00e3o nacional dos nossos problemas. Sob esse fasc\u00ednio inelut\u00e1vel, perdem a no\u00e7\u00e3o objetiva do Brasil real e criam para uso deles um Brasil artificial&#8221;.<\/p>\n<p>Oliveira Viana atacou frontalmente os liberais brasileiros, corroborado pela iniquidade social que havia sido desnudada por Euclydes da Cunha, ao descrever a Guerra de Canudos em Os Sert\u00f5es. Conclu\u00eda que era preciso &#8220;coragem infinita&#8221; para &#8220;contravir ostensivamente \u00e0s ideias de liberdade e construir um poderoso Estado centralizado, capaz de impor-se a todo o pa\u00eds pelo prest\u00edgio fascinante de uma grande miss\u00e3o nacional&#8221;. Ao dizer que era imposs\u00edvel reproduzir aqui no Brasil o parlamentarismo ingl\u00eas, o liberalismo democr\u00e1tico \u00e0 francesa, ou o federalismo e descentraliza\u00e7\u00e3o republicana ao estilo americano, Oliveira Viana recomendava uma interven\u00e7\u00e3o radical pelo Estado, destinado a cria\u00e7\u00e3o de bases sociais aptas a sustentar futuros governos liberais. Para ele, esse &#8220;autoritarismo instrumental&#8221; da elite agr\u00e1ria e as popula\u00e7\u00f5es meridionais, de recente imigra\u00e7\u00e3o europeia, seriam protagonistas do moderno, enquanto o Brasil setentrional, sobretudo o Nordeste, representaria o atraso.<\/p>\n<p><strong>Faixa de fronteira<\/strong><\/p>\n<p>A consagra\u00e7\u00e3o das ideias antissistema de Oliveira Viana viria com o Estado Novo, do qual foi o grande ide\u00f3logo, e com a &#8220;Polaca&#8221;, a Constitui\u00e7\u00e3o de 1937, redigida por Francisco Campos e outorgada pelo ditador Get\u00falio Vargas. Ironicamente, Jorge Caldeira, em Hist\u00f3ria da Riqueza no Brasil (Esta\u00e7\u00e3o Brasil), destaca que o colapso pol\u00edtico da Rep\u00fablica Velha interrompeu mudan\u00e7as importantes que estavam em curso, alavancadas por nosso mercado interno e a economia do sert\u00e3o, como o aumento de rentabilidade da exporta\u00e7\u00e3o de caf\u00e9, a grande acumula\u00e7\u00e3o de capital dos cafeicultores paulistas, que apostaram na industrializa\u00e7\u00e3o, e n\u00e3o no patrimonialismo, ao contr\u00e1rio das oligarquias rurais que Viana enaltecera.<\/p>\n<p>Que pa\u00eds queremos? Essa pergunta est\u00e1 posta novamente nas elei\u00e7\u00f5es, com o agravante de os liberais n\u00e3o terem um projeto claro. Muito da polariza\u00e7\u00e3o se deve a isso. Segunda as pesquisas regionais divulgadas ontem pela Genial Quaest, Lula domina Bahia e Pernambuco, onde alcan\u00e7a, respectivamente, 52% e 55% no primeiro turno, contra 18% e 21% de Fl\u00e1vio. No segundo, as diferen\u00e7as aumentam para 56% a 23% na Bahia e 58% a 24% em Pernambuco. O presidente tamb\u00e9m lidera no Par\u00e1, por 38% a 31%, e vence o candidato do PL por 44% a 37% na disputa direta. S\u00e3o resultados que reafirmam a for\u00e7a do lulismo no Brasil setentrional.<\/p>\n<p><em>Leia mais:\u00a0<\/em><\/p>\n<p><a href=\"https:\/\/www.correiobraziliense.com.br\/politica\/2026\/07\/7470610-genial-quaest-ciro-gomes-lidera-disputa-pelo-governo-do-ce-e-vence-elmano.html\"><strong>Ciro Gomes lidera disputa pelo governo do CE e venceria Elmano<\/strong><\/a><\/p>\n<p><a href=\"https:\/\/www.correiobraziliense.com.br\/politica\/2026\/07\/7470595-genial-quaest-juliana-brizola-e-zucco-lideram-disputa-ao-governo-do-rs.html\"><strong>Juliana Brizola e Zucco lideram disputa ao governo do RS<\/strong><\/a><\/p>\n<p>Fl\u00e1vio, entretanto, mostra grande competitividade no Centro-Sul. Lidera no Paran\u00e1 por 42% a 24% e venceria Lula por 50% a 28% no segundo turno. Aparece numericamente \u00e0 frente em S\u00e3o Paulo, por 34% a 30%, e no Rio de Janeiro, por 32% a 30%. Nos confrontos diretos, as vantagens seriam de 40% a 35% em S\u00e3o Paulo e de 38% a 35% no Rio. Em Minas Gerais, estado historicamente decisivo, Lula e Fl\u00e1vio est\u00e3o tecnicamente empatados: 30% a 29% no primeiro turno e 38% a 35%, no segundo.<\/p>\n<p>Caiado e Zema est\u00e3o numa esp\u00e9cie faixa de fronteira entre esses dois brasis. O ex-governador mineiro alcan\u00e7a 12% em Minas, seu \u00fanico resultado de dois d\u00edgitos entre os sete estados pesquisados. Fora de sua base, registra apenas 1% na Bahia, no Par\u00e1 e em Pernambuco; 2% no Paran\u00e1 e no Rio; e 3% em S\u00e3o Paulo. Sua candidatura continua sendo uma extens\u00e3o de sua lideran\u00e7a regional, sem uma identidade nacional. O segundo turno confirma essa limita\u00e7\u00e3o. Em Minas, Zema aparece com 37% contra 39% de Lula, em empate t\u00e9cnico, resultado que demonstra sua for\u00e7a estadual. Fora dali, por\u00e9m, n\u00e3o amea\u00e7a a polariza\u00e7\u00e3o.<\/p>\n<p>Caiado enfrenta o mesmo obst\u00e1culo. Estribado nos resultados do governo de Goi\u00e1s, sobretudo na seguran\u00e7a p\u00fablica, na educa\u00e7\u00e3o e na gest\u00e3o administrativa, entretanto, n\u00e3o atravessa as fronteiras estaduais. No primeiro turno, Ronaldo Caiado lidera com 33% das inten\u00e7\u00f5es de voto. Fl\u00e1vio Bolsonaro tem 27%. Lula (PT) registra 23%. Os demais candidatos pontuaram com 1% cada.\u00a0Em cen\u00e1rios de segundo turno, Caiado tem 67% das inten\u00e7\u00f5es de voto contra 23% de Lula.\u00a0Nos demais estados analisados, por\u00e9m, oscila entre 1% e 4%: chega a 4% em Minas, registra 3% no Par\u00e1, no Rio e em S\u00e3o Paulo, 2% no Paran\u00e1 e somente 1% na Bahia e em Pernambuco.<\/p>\n<p>Apesar da trajet\u00f3ria pol\u00edtica mais longa e da estrutura do PSD, ainda n\u00e3o conseguiu apresentar uma alternativa nacional ao bolsonarismo. Nas simula\u00e7\u00f5es de segundo turno, Caiado alcan\u00e7a resultados melhores: 30% contra 38% de Lula em Minas, 30% contra 45% no Par\u00e1, 34% contra 35% em S\u00e3o Paulo e 33% contra 29% no Paran\u00e1. Esse crescimento decorre, em boa medida, da transfer\u00eancia do voto contr\u00e1rio a Lula quando Fl\u00e1vio \u00e9 retirado da disputa.<\/p>\n<p>Vale a pena ler de novo:<\/p>\n<p><a href=\"https:\/\/blogs.correiobraziliense.com.br\/azedo\/quando-a-pequena-politica-poe-em-risco-o-papel-do-estado-democratico\/\"><strong>Quando a \u201cpequena pol\u00edtica\u201d p\u00f5e em risco o papel do Estado Democr\u00e1tico<\/strong><\/a><\/p>\n<p><a href=\"https:\/\/blogs.correiobraziliense.com.br\/azedo\/uma-historia-do-jazz-a-decadencia-da-politica-e-a-blindagem-eleitoral\/\"><strong>Uma hist\u00f3ria do jazz, a decad\u00eancia da pol\u00edtica e a blindagem eleitoral<\/strong><\/a><\/p>\n<p><strong>Nas entrelinhas<\/strong><em>: todas as colunas no<\/em>\u00a0<a href=\"https:\/\/blogs.correiobraziliense.com.br\/azedo\/\"><strong>Blog do Azedo<\/strong><\/a><\/p>\n","protected":false},"excerpt":{"rendered":"<p>Que pa\u00eds queremos? Essa pergunta est\u00e1 posta novamente nas elei\u00e7\u00f5es, com o agravante de os liberais n\u00e3o terem um projeto claro. Muito da polariza\u00e7\u00e3o se deve a isso A elei\u00e7\u00e3o presidencial mostra uma polariza\u00e7\u00e3o assim\u00e9trica. Candidato \u00e0 reelei\u00e7\u00e3o, o presidente Luiz In\u00e1cio Lula da Silva lidera a disputa nacionalmente e conserva vantagem nas simula\u00e7\u00f5es de segundo turno, enquanto Fl\u00e1vio Bolsonaro [&hellip;]<\/p>\n","protected":false},"author":39,"featured_media":11586,"comment_status":"open","ping_status":"closed","sticky":false,"template":"","format":"standard","meta":{"footnotes":""},"categories":[457,1223,285,980,1950,1618,4,92,972,302,8,3,9,1075],"tags":[1427,1733,776,1050,10],"class_list":["post-11580","post","type-post","status-publish","format-standard","has-post-thumbnail","hentry","category-bahia","category-brasilia","category-ceara","category-eleicoes-2","category-geografia","category-goias","category-governo","category-literatura","category-memoria","category-minas","category-partidos","category-politica","category-politica-2","category-rio-grande-do-sul","tag-caiado","tag-flavio","tag-viana","tag-zema","tag-lula"],"_links":{"self":[{"href":"https:\/\/blogs.correiobraziliense.com.br\/azedo\/wp-json\/wp\/v2\/posts\/11580","targetHints":{"allow":["GET"]}}],"collection":[{"href":"https:\/\/blogs.correiobraziliense.com.br\/azedo\/wp-json\/wp\/v2\/posts"}],"about":[{"href":"https:\/\/blogs.correiobraziliense.com.br\/azedo\/wp-json\/wp\/v2\/types\/post"}],"author":[{"embeddable":true,"href":"https:\/\/blogs.correiobraziliense.com.br\/azedo\/wp-json\/wp\/v2\/users\/39"}],"replies":[{"embeddable":true,"href":"https:\/\/blogs.correiobraziliense.com.br\/azedo\/wp-json\/wp\/v2\/comments?post=11580"}],"version-history":[{"count":2,"href":"https:\/\/blogs.correiobraziliense.com.br\/azedo\/wp-json\/wp\/v2\/posts\/11580\/revisions"}],"predecessor-version":[{"id":11587,"href":"https:\/\/blogs.correiobraziliense.com.br\/azedo\/wp-json\/wp\/v2\/posts\/11580\/revisions\/11587"}],"wp:featuredmedia":[{"embeddable":true,"href":"https:\/\/blogs.correiobraziliense.com.br\/azedo\/wp-json\/wp\/v2\/media\/11586"}],"wp:attachment":[{"href":"https:\/\/blogs.correiobraziliense.com.br\/azedo\/wp-json\/wp\/v2\/media?parent=11580"}],"wp:term":[{"taxonomy":"category","embeddable":true,"href":"https:\/\/blogs.correiobraziliense.com.br\/azedo\/wp-json\/wp\/v2\/categories?post=11580"},{"taxonomy":"post_tag","embeddable":true,"href":"https:\/\/blogs.correiobraziliense.com.br\/azedo\/wp-json\/wp\/v2\/tags?post=11580"}],"curies":[{"name":"wp","href":"https:\/\/api.w.org\/{rel}","templated":true}]}}