{"id":11575,"date":"2026-07-29T04:51:59","date_gmt":"2026-07-29T07:51:59","guid":{"rendered":"https:\/\/blogs.correiobraziliense.com.br\/azedo\/?p=11575"},"modified":"2026-07-29T04:54:50","modified_gmt":"2026-07-29T07:54:50","slug":"candidatos-de-oposicao-tem-agenda-comum-focada-nos-pontos-fracos-de-lula","status":"publish","type":"post","link":"https:\/\/blogs.correiobraziliense.com.br\/azedo\/candidatos-de-oposicao-tem-agenda-comum-focada-nos-pontos-fracos-de-lula\/","title":{"rendered":"Candidatos de oposi\u00e7\u00e3o t\u00eam agenda comum focada nos pontos fracos de Lula"},"content":{"rendered":"<p><strong>Hertz disputa esquerda cr\u00edtica ao governo; Cury procura moderados; Caiado representa centro-direita administrativa; e Avalanche aposta no populismo<\/strong><\/p>\n<p>Promovida pelo Correio Braziliense, ontem, a primeira rodada de sabatinas com candidatos \u00e0 Presid\u00eancia mostrou que existe uma agenda comum de oposi\u00e7\u00e3o ao governo, embora sejam muito diferentes as alternativas apresentadas. Hertz Dias (PSTU), Augusto Cury (Avante), Ronaldo Caiado (PSD) e Leonardo Avalanche (PRTB) criticaram, por caminhos distintos, a condu\u00e7\u00e3o da economia, o funcionamento das institui\u00e7\u00f5es, a pol\u00edtica externa e a capacidade do Estado de enfrentar os problemas da popula\u00e7\u00e3o.<\/p>\n<p>Essa converg\u00eancia pode dificultar a reelei\u00e7\u00e3o de Luiz In\u00e1cio Lula da Silva, porque amplia o discurso oposicionista para al\u00e9m de seu principal advers\u00e1rio, Fl\u00e1vio Bolsonaro (PL). No primeiro turno, essas candidaturas retiram votos do filho de Jair Bolsonaro, mas ningu\u00e9m sabe qual ser\u00e1 o destino desses eleitores num eventual segundo turno.<\/p>\n<p>Conduzidas por Denise Rothenburg, titular da coluna Bras\u00edlia-DF; Ana Maria Campos, editora de Pol\u00edtica local e titular da coluna Eixo Capital; Carmen Souza, editora de Opini\u00e3o; e Carlos Alexandre de Souza, editor de Pol\u00edtica, Brasil e Economia, as sabatinas expuseram a diversidade da disputa. As perguntas sobre or\u00e7amento, governabilidade, seguran\u00e7a, rela\u00e7\u00f5es internacionais e funcionamento dos Poderes revelaram projetos dirigidos a p\u00fablicos distintos, mas convergentes ao culpar o governo pelos problemas nacionais.<\/p>\n<p>A contesta\u00e7\u00e3o mais radical partiu de Hertz Dias. Professor, rapper e ativista, o candidato do PSTU defendeu a revoga\u00e7\u00e3o do arcabou\u00e7o fiscal e das reformas da Previd\u00eancia, trabalhista e tribut\u00e1ria, al\u00e9m da suspens\u00e3o do pagamento da d\u00edvida p\u00fablica. \u201cN\u00e3o existe d\u00e9ficit da Previd\u00eancia. N\u00f3s vamos revogar as reformas da Previd\u00eancia, suspender o pagamento da d\u00edvida p\u00fablica e revogar o arcabou\u00e7o fiscal\u201d, afirmou.<\/p>\n<p><em>Leia tamb\u00e9m<\/em>:\u00a0<a href=\"https:\/\/www.correiobraziliense.com.br\/politica\/2026\/07\/7469218-presidenciavel-hertz-dias-defende-revogacao-do-arcabouco-fiscal-e-reformas.html\"><strong>Presidenci\u00e1vel Hertz Dias defende revoga\u00e7\u00e3o do arcabou\u00e7o fiscal e reformas<\/strong><\/a><\/p>\n<p>\u00c0 esquerda do PT, Hertz adotou a narrativa dos pobres contra os ricos: \u201cOs bilion\u00e1rios est\u00e3o intocados neste pa\u00eds.\u201d Busca atrair eleitores radicalizados e descontentes com a modera\u00e7\u00e3o econ\u00f4mica do governo. Embora tenha uma base eleitoral pouco expressiva, o PSTU atua entre servidores, sindicalistas, jovens e movimentos sociais, al\u00e9m de pressionar partidos como o Psol a radicalizar o discurso.<\/p>\n<p>O escritor e psiquiatra Augusto Cury procurou construir uma imagem moderada, mas apresentou propostas de grande impacto institucional. A principal foi estabelecer mandatos de oito anos para os ministros do Supremo Tribunal Federal: \u201cO STF deveria passar por uma reforma no sentido de que eles deveriam ficar oito anos e depois ir embora.\u201d Cury tamb\u00e9m prop\u00f4s retirar do presidente da Rep\u00fablica o protagonismo na escolha dos ministros. Magistrados, integrantes do Minist\u00e9rio P\u00fablico e a Ordem dos Advogados do Brasil passariam a participar diretamente das indica\u00e7\u00f5es. Segundo ele, isso reduziria a \u201cinterfer\u00eancia do Executivo no Judici\u00e1rio\u201d.<\/p>\n<p><strong>Terceira via<\/strong><\/p>\n<p>Cury aspira ocupar o espa\u00e7o de terceira via. Na seguran\u00e7a, resumiu sua vis\u00e3o numa frase: \u201cO pior do que o crime organizado \u00e9 o Estado desorganizado.\u201d Defendeu integra\u00e7\u00e3o entre Pol\u00edcia Federal e pol\u00edcias estaduais, valoriza\u00e7\u00e3o profissional, tecnologia e preven\u00e7\u00e3o municipal. Tamb\u00e9m tratou a expans\u00e3o das bets como problema de sa\u00fade mental e de prote\u00e7\u00e3o das fam\u00edlias.<\/p>\n<p><em>Leia tamb\u00e9m:<\/em>\u00a0<a href=\"https:\/\/www.correiobraziliense.com.br\/politica\/2026\/07\/7469321-as-redes-socias-tem-de-ser-responsabilizadas-sim-afirma-cury.html\"><strong>&#8220;As redes socias t\u00eam de ser responsabilizadas, sim&#8221;, afirma Cury<\/strong><\/a><\/p>\n<p>Ex-governador de Goi\u00e1s, Ronaldo Caiado \u00e9 o mais competitivo dos quatro sabatinados. O candidato do PSD criticou medidas que considera populistas, advertiu para seus efeitos sobre o Or\u00e7amento de 2027 e associou responsabilidade fiscal \u00e0 capacidade de presta\u00e7\u00e3o de servi\u00e7os. Na pol\u00edtica externa, procurou diferenciar-se do governo e do bolsonarismo.<\/p>\n<p>Ao comentar as trocas de ataques entre Lula, Donald Trump e aliados de Bolsonaro, Caiado afirmou que a disputa se transformou numa \u201cbriga de rua\u201d. Caiado condenou a interfer\u00eancia estrangeira na elei\u00e7\u00e3o, inclusive a participa\u00e7\u00e3o do presidente argentino, Javier Milei, na campanha de Fl\u00e1vio Bolsonaro, mas tamb\u00e9m responsabilizou Lula pela escalada: \u201cEles brigam pelo mesmo interesse: n\u00e3o discutir os assuntos do Brasil.\u201d Ao prometer resgatar a \u201cliturgia do cargo\u201d e o protagonismo do Itamaraty, tenta apresentar-se como candidato de autoridade, previsibilidade e experi\u00eancia administrativa.<\/p>\n<p><em>Leia mais:<\/em>\u00a0<a href=\"https:\/\/www.correiobraziliense.com.br\/politica\/2026\/07\/7469373-caiado-chama-medidas-do-governo-de-brincadeira-populista.html\"><strong>Caiado chama medidas do governo de &#8220;brincadeira populista&#8221;<\/strong><\/a><\/p>\n<p>No combate ao feminic\u00eddio, defendeu a integra\u00e7\u00e3o entre seguran\u00e7a, sa\u00fade, assist\u00eancia social, Minist\u00e9rio P\u00fablico e Defensoria. \u201cBriga de marido e mulher n\u00e3o se mete a colher. O Caiado mete algema e tornozeleira nesse vagabundo\u201d, afirmou. Tamb\u00e9m prop\u00f4s confiscar os bens dos condenados e transferi-los \u00e0 fam\u00edlia da v\u00edtima. A medida precisaria preservar os direitos de terceiros, herdeiros e dependentes, al\u00e9m do devido processo legal.<\/p>\n<p>Leonardo Avalanche representa a vertente mais populista. O candidato do PRTB defendeu distribuir celulares a jovens e empreendedores que conclu\u00edssem cursos p\u00fablicos. Alegou que R$ 3 bilh\u00f5es do or\u00e7amento de publicidade permitiriam comprar \u201cquase 500 milh\u00f5es de aparelhos\u201d. A conta n\u00e3o se sustenta.<\/p>\n<p><em>Leia mais:<\/em><a href=\"https:\/\/www.correiobraziliense.com.br\/politica\/2026\/07\/7469440-leonardo-avalanche-diz-que-distribuicao-de-iphones-e-viavel.html\"><strong>\u00a0Leonardo Avalanche diz que distribui\u00e7\u00e3o de iPhones \u00e9 vi\u00e1vel\u00a0<\/strong><\/a><\/p>\n<p>A rodada revelou uma oposi\u00e7\u00e3o fragmentada, por\u00e9m extensa. Hertz disputa a esquerda cr\u00edtica ao governo; Cury procura os moderados; Caiado busca consolidar uma centro-direita administrativa; e Avalanche no populismo mais rudimentar. Apesar dos limites de cada candidatura, todas disseminam a avalia\u00e7\u00e3o de que o governo n\u00e3o responde adequadamente aos problemas do pa\u00eds.<\/p>\n<p><em>Vale a pena ler de novo:\u00a0<\/em><\/p>\n<p><a href=\"https:\/\/blogs.correiobraziliense.com.br\/azedo\/o-fantasma-de-cristiano-e-a-sombra-de-futuro-dos-lideres-de-oposicao\/\"><strong>O fantasma de Cristiano e a sombra de futuro dos l\u00edderes de oposi\u00e7\u00e3o<\/strong><\/a><\/p>\n<p><a href=\"https:\/\/blogs.correiobraziliense.com.br\/azedo\/de-lacerda-a-flavio-washington-ronda-a-politica-brasileira\/\"><strong>De Lacerda a Fl\u00e1vio, Washington ronda a pol\u00edtica brasileira<\/strong><\/a><\/p>\n<p><strong>Nas entrelinhas<\/strong><em>: todas as colunas no<\/em>\u00a0<a href=\"https:\/\/blogs.correiobraziliense.com.br\/azedo\/\"><strong>Blog do Azedo<\/strong><\/a><\/p>\n","protected":false},"excerpt":{"rendered":"<p>Hertz disputa esquerda cr\u00edtica ao governo; Cury procura moderados; Caiado representa centro-direita administrativa; e Avalanche aposta no populismo Promovida pelo Correio Braziliense, ontem, a primeira rodada de sabatinas com candidatos \u00e0 Presid\u00eancia mostrou que existe uma agenda comum de oposi\u00e7\u00e3o ao governo, embora sejam muito diferentes as alternativas apresentadas. Hertz Dias (PSTU), Augusto Cury (Avante), Ronaldo Caiado (PSD) e Leonardo [&hellip;]<\/p>\n","protected":false},"author":39,"featured_media":11583,"comment_status":"open","ping_status":"closed","sticky":false,"template":"","format":"standard","meta":{"footnotes":""},"categories":[1223,677,36,980,4,7,8,9,3,80,76,68],"tags":[2169,1427,2167,2168,10,2170],"class_list":["post-11575","post","type-post","status-publish","format-standard","has-post-thumbnail","hentry","category-brasilia","category-comunicacao","category-economia","category-eleicoes-2","category-governo","category-justica","category-partidos","category-politica-2","category-politica","category-seguranca","category-trump","category-violencia","tag-avalanche","tag-caiado","tag-cury","tag-hertz","tag-lula","tag-sabatinas"],"_links":{"self":[{"href":"https:\/\/blogs.correiobraziliense.com.br\/azedo\/wp-json\/wp\/v2\/posts\/11575","targetHints":{"allow":["GET"]}}],"collection":[{"href":"https:\/\/blogs.correiobraziliense.com.br\/azedo\/wp-json\/wp\/v2\/posts"}],"about":[{"href":"https:\/\/blogs.correiobraziliense.com.br\/azedo\/wp-json\/wp\/v2\/types\/post"}],"author":[{"embeddable":true,"href":"https:\/\/blogs.correiobraziliense.com.br\/azedo\/wp-json\/wp\/v2\/users\/39"}],"replies":[{"embeddable":true,"href":"https:\/\/blogs.correiobraziliense.com.br\/azedo\/wp-json\/wp\/v2\/comments?post=11575"}],"version-history":[{"count":2,"href":"https:\/\/blogs.correiobraziliense.com.br\/azedo\/wp-json\/wp\/v2\/posts\/11575\/revisions"}],"predecessor-version":[{"id":11582,"href":"https:\/\/blogs.correiobraziliense.com.br\/azedo\/wp-json\/wp\/v2\/posts\/11575\/revisions\/11582"}],"wp:featuredmedia":[{"embeddable":true,"href":"https:\/\/blogs.correiobraziliense.com.br\/azedo\/wp-json\/wp\/v2\/media\/11583"}],"wp:attachment":[{"href":"https:\/\/blogs.correiobraziliense.com.br\/azedo\/wp-json\/wp\/v2\/media?parent=11575"}],"wp:term":[{"taxonomy":"category","embeddable":true,"href":"https:\/\/blogs.correiobraziliense.com.br\/azedo\/wp-json\/wp\/v2\/categories?post=11575"},{"taxonomy":"post_tag","embeddable":true,"href":"https:\/\/blogs.correiobraziliense.com.br\/azedo\/wp-json\/wp\/v2\/tags?post=11575"}],"curies":[{"name":"wp","href":"https:\/\/api.w.org\/{rel}","templated":true}]}}