{"id":11552,"date":"2026-07-22T07:42:11","date_gmt":"2026-07-22T10:42:11","guid":{"rendered":"https:\/\/blogs.correiobraziliense.com.br\/azedo\/?p=11552"},"modified":"2026-07-23T10:20:19","modified_gmt":"2026-07-23T13:20:19","slug":"o-fantasma-de-cristiano-e-a-sombra-de-futuro-dos-lideres-de-oposicao","status":"publish","type":"post","link":"https:\/\/blogs.correiobraziliense.com.br\/azedo\/o-fantasma-de-cristiano-e-a-sombra-de-futuro-dos-lideres-de-oposicao\/","title":{"rendered":"O fantasma de Cristiano e a sombra de futuro dos l\u00edderes de oposi\u00e7\u00e3o"},"content":{"rendered":"<p><em><strong>Est\u00e1 em curso uma opera\u00e7\u00e3o de cristianiza\u00e7\u00e3o do candidato do PL, Fl\u00e1vio Bolsonaro, que at\u00e9 agora se mant\u00e9m como principal candidato de oposi\u00e7\u00e3o<\/strong><\/em><\/p>\n<p>O mineiro Cristiano Machado (1893-1953) era advogado e diplomata quando se aventurou na pol\u00edtica na disputa presidencial. Ex-prefeito de Belo Horizonte antes da Revolu\u00e7\u00e3o de 1930, nas elei\u00e7\u00f5es de 1950 seu nome saiu da cartola dos caciques do PSD para enfrentar o candidato da UDN, Eduardo Gomes. Durante a campanha, por\u00e9m, perdeu o apoio em seu pr\u00f3prio partido e de aliados para a candidatura de Get\u00falio Vargas. Essa trai\u00e7\u00e3o recebeu um nome hoje consagrado na pol\u00edtica brasileira: &#8220;cristianiza\u00e7\u00e3o&#8221;.<\/p>\n<p>Foi uma esp\u00e9cie de conto da carochinha. Em 15 de maio de 1950, reunidos na casa de Cirilo J\u00fanior (presidente do partido), os caciques do PSD indicaram Cristiano \u00e0 Presid\u00eancia. O pol\u00edtico mineiro ficou de procurar Get\u00falio Vargas (PTB) e Ademar de Barros (PSP), oferecendo a vice-presid\u00eancia na chapa. O general G\u00f3is Monteiro transmitiria essa escolha ao presidente Eurico Gaspar Dutra. Vargas n\u00e3o fez obje\u00e7\u00e3o.<\/p>\n<p>Entretanto, a ala getulista do PSD do Rio Grande do Sul recusou-se a aceitar a candidatura de Cristiano. Membros do PSP comunicaram que tamb\u00e9m n\u00e3o apoiariam o nome de Cristiano, j\u00e1 que a candidatura de Vargas seria apoiada por Ademar. Mesmo assim, o nome de Cristiano Machado foi aclamado no dia 9 de junho. A conven\u00e7\u00e3o do partido n\u00e3o contou com a presen\u00e7a da maioria dos representantes ga\u00fachos.<\/p>\n<p>Vargas venceu as elei\u00e7\u00f5es de 3 de outubro de 1950 com 3.849.040 votos, grande parte de redutos do PSD. Seus caciques promoveram um processo de esvaziamento eleitoral que ficou conhecido no jarg\u00e3o pol\u00edtico como &#8220;cristianiza\u00e7\u00e3o&#8221;. Com 1.697.193 votos, Cristiano ficou atr\u00e1s de Eduardo Gomes, que teve apoio de 2.342.384 de eleitores.<\/p>\n<p>Est\u00e1 em curso uma opera\u00e7\u00e3o de cristianiza\u00e7\u00e3o do candidato do PL, Fl\u00e1vio Bolsonaro, que at\u00e9 agora se mant\u00e9m como principal candidato de oposi\u00e7\u00e3o, gra\u00e7as \u00e0 for\u00e7a do bolsonarismo nas redes sociais. No mundo pol\u00edtico e empresarial, entretanto, Fl\u00e1vio est\u00e1 sendo abandonado; em determinados segmentos evang\u00e9licos, tamb\u00e9m. A tese \u00e9 de que n\u00e3o ser\u00e1 capaz de vencer Lula no segundo turno, e um candidato conservador mais experiente e moderado teria o perfil ideal para derrotar o atual preesidente da Rep\u00fablica.<\/p>\n<p>Quem pretende vestir esse figurino \u00e9 o ex-governador Ronaldo Caiado (PSD), que tamb\u00e9m corre risco de &#8220;cristianiza\u00e7\u00e3o&#8221;, mas ganhou novo f\u00f4lego. A escolha do ex-prefeito de S\u00e3o Paulo Gilberto Kassab, presidente do PSD, para vice reanimou sua candidatura, que busca o apoio do Centr\u00e3o. Remanescente das elei\u00e7\u00f5es de 1989, como o presidente Luiz In\u00e1cio Lula da Silva, Caiado saiu do governo de Goi\u00e1s com grande aprova\u00e7\u00e3o e sempre teve muito tr\u00e2nsito entre lideran\u00e7as do agroneg\u00f3cio e da \u00e1rea m\u00e9dica mais conservadora.<\/p>\n<p><em>Leia tamb\u00e9m<\/em>:\u00a0<a href=\"https:\/\/www.correiobraziliense.com.br\/politica\/2026\/07\/7465226-valdemar-diz-que-bolsonaro-decidira-vice-de-flavio-e-confirma-reuniao-com-tereza-cristina.html\"><strong>Valdemar diz que Bolsonaro decidir\u00e1 vice de Fl\u00e1vio e confirma reuni\u00e3o com Tereza Cristina<\/strong><\/a><\/p>\n<p>Caiado agora disputa o apoio do Uni\u00e3o Brasil e do Progressistas, de Ciro Nogueira e Arthur Lira, que sempre foram contra a candidatura de Fl\u00e1vio, por achar que n\u00e3o seria p\u00e1reo para Lula. Com apoio de Kassab, tamb\u00e9m costeia o alambrado do Republicanos, partido do governador de S\u00e3o Paulo, Tarc\u00edsio de Freitas, aliado natural de Fl\u00e1vio Bolsonaro, mas que at\u00e9 agora n\u00e3o indicou a vice do candidato do PL.<\/p>\n<p><strong>Ego\u00edstas e altru\u00edstas<\/strong><\/p>\n<p>Para o neodarwinista Richard Dawkins, autor de Deus, um del\u00edrio, somos uma &#8220;m\u00e1quina de sobreviv\u00eancia&#8221; de um gene cujo objetivo \u00e9 a autorreplica\u00e7\u00e3o, isto \u00e9, a perpetua\u00e7\u00e3o da esp\u00e9cie. No livro O gene ego\u00edsta ( Companhia das Letras), ao analisar a reprodu\u00e7\u00e3o sexuada dos animais, Dawkins buscou uma explica\u00e7\u00e3o para a conviv\u00eancia entre o ego\u00edsmo dos genes e o altru\u00edsmo das esp\u00e9cies: uma esp\u00e9cie de &#8220;cluster&#8221; biol\u00f3gico garantiria a sobreviv\u00eancia e replica\u00e7\u00e3o de ambos.<\/p>\n<p>O cuco \u00e9 uma das esp\u00e9cies mais ego\u00edstas: procria, mas n\u00e3o educa os filhos; p\u00f5e os ovos no ninho de outras aves, aproveitando sua aus\u00eancia. Quando o danado do cuco nasce, joga os demais ovos para fora do ninho, matando os filhotes leg\u00edtimos para ser criado no lugar deles. Quando cresce, bate asas e vai embora. A analogia serve para muitos pol\u00edticos.<\/p>\n<p>Como no beisebol, na pol\u00edtica \u00e9 muito comum o sujeito achar que o bom rapaz terminar\u00e1 por \u00faltimo. O ardil, a dissimula\u00e7\u00e3o, a esperteza e a falta de escr\u00fapulos parecem ser a regra do jogo. Mas a pol\u00edtica tamb\u00e9m exige altru\u00edsmo, ou seja, a coopera\u00e7\u00e3o com os demais integrantes da esp\u00e9cie para n\u00e3o entrar em extin\u00e7\u00e3o. \u00c9 a\u00ed que os bons rapazes podem virar o jogo e acabar em primeiro.<\/p>\n<p><em>Leia mais:<\/em>\u00a0<a href=\"https:\/\/www.correiobraziliense.com.br\/politica\/2026\/07\/7465298-michelle-ainda-nao-decidiu-se-ira-a-convencao-nacional-do-pl.html\"><strong>Michelle ainda n\u00e3o decidiu se ir\u00e1 \u00e0 conven\u00e7\u00e3o nacional do PL<\/strong><\/a><\/p>\n<p>E a &#8220;sombra de futuro&#8221;? O conceito \u00e9 dos militares brit\u00e2nicos, refere-se \u00e0 estrat\u00e9gia de sobreviv\u00eancia dos soldados ingleses, franceses e alem\u00e3es no final da Primeira Guerra Mundial, quando eles come\u00e7aram a cooperar tacitamente no front, em alguns casos abertamente. Esperavam os pol\u00edticos e generais acabarem com a guerra. Como eram jovens, tinham uma expectativa de vida civil muito maior do que a deles. At\u00e9 que ponto Tarc\u00edsio e Michelle Bolsonaro querem que Fl\u00e1vio ganhe as elei\u00e7\u00f5es? S\u00e3o potenciais candidatos em 1930. Caiado e Kassab est\u00e3o se movimentando em busca dessa resposta.<\/p>\n<p><strong><em>Vale a pena ler de novo:<\/em><\/strong><\/p>\n<p><a href=\"https:\/\/blogs.correiobraziliense.com.br\/azedo\/isolamento-politico-de-lula-pode-favorecer-oposicao-no-segundo-turno\/\"><strong>Isolamento pol\u00edtico de Lula pode favorecer oposi\u00e7\u00e3o no segundo turno<\/strong><\/a><\/p>\n<p><a href=\"https:\/\/blogs.correiobraziliense.com.br\/azedo\/quando-a-pequena-politica-poe-em-risco-o-papel-do-estado-democratico\/\"><strong>Quando a \u201cpequena pol\u00edtica\u201d p\u00f5e em risco o papel do Estado Democr\u00e1tico<\/strong><\/a><\/p>\n<p><strong>Nas entrelinhas<\/strong><em>: <\/em>todas as colunas diariamente no\u00a0<a href=\"https:\/\/blogs.correiobraziliense.com.br\/azedo\/\"><strong>Blog do Azedo<\/strong><\/a><\/p>\n","protected":false},"excerpt":{"rendered":"<p>Est\u00e1 em curso uma opera\u00e7\u00e3o de cristianiza\u00e7\u00e3o do candidato do PL, Fl\u00e1vio Bolsonaro, que at\u00e9 agora se mant\u00e9m como principal candidato de oposi\u00e7\u00e3o O mineiro Cristiano Machado (1893-1953) era advogado e diplomata quando se aventurou na pol\u00edtica na disputa presidencial. Ex-prefeito de Belo Horizonte antes da Revolu\u00e7\u00e3o de 1930, nas elei\u00e7\u00f5es de 1950 seu nome saiu da cartola dos caciques [&hellip;]<\/p>\n","protected":false},"author":39,"featured_media":11002,"comment_status":"open","ping_status":"closed","sticky":false,"template":"","format":"standard","meta":{"footnotes":""},"categories":[1223,980,371,1618,4,164,972,113,8,3,9],"tags":[130,1427,2160,1733,1129,789,10],"class_list":["post-11552","post","type-post","status-publish","format-standard","has-post-thumbnail","hentry","category-brasilia","category-eleicoes-2","category-etica","category-goias","category-governo","category-guerra","category-memoria","category-militares","category-partidos","category-politica","category-politica-2","tag-bolsonaro","tag-caiado","tag-cristiano","tag-flavio","tag-kassab","tag-michele","tag-lula"],"_links":{"self":[{"href":"https:\/\/blogs.correiobraziliense.com.br\/azedo\/wp-json\/wp\/v2\/posts\/11552","targetHints":{"allow":["GET"]}}],"collection":[{"href":"https:\/\/blogs.correiobraziliense.com.br\/azedo\/wp-json\/wp\/v2\/posts"}],"about":[{"href":"https:\/\/blogs.correiobraziliense.com.br\/azedo\/wp-json\/wp\/v2\/types\/post"}],"author":[{"embeddable":true,"href":"https:\/\/blogs.correiobraziliense.com.br\/azedo\/wp-json\/wp\/v2\/users\/39"}],"replies":[{"embeddable":true,"href":"https:\/\/blogs.correiobraziliense.com.br\/azedo\/wp-json\/wp\/v2\/comments?post=11552"}],"version-history":[{"count":5,"href":"https:\/\/blogs.correiobraziliense.com.br\/azedo\/wp-json\/wp\/v2\/posts\/11552\/revisions"}],"predecessor-version":[{"id":11566,"href":"https:\/\/blogs.correiobraziliense.com.br\/azedo\/wp-json\/wp\/v2\/posts\/11552\/revisions\/11566"}],"wp:featuredmedia":[{"embeddable":true,"href":"https:\/\/blogs.correiobraziliense.com.br\/azedo\/wp-json\/wp\/v2\/media\/11002"}],"wp:attachment":[{"href":"https:\/\/blogs.correiobraziliense.com.br\/azedo\/wp-json\/wp\/v2\/media?parent=11552"}],"wp:term":[{"taxonomy":"category","embeddable":true,"href":"https:\/\/blogs.correiobraziliense.com.br\/azedo\/wp-json\/wp\/v2\/categories?post=11552"},{"taxonomy":"post_tag","embeddable":true,"href":"https:\/\/blogs.correiobraziliense.com.br\/azedo\/wp-json\/wp\/v2\/tags?post=11552"}],"curies":[{"name":"wp","href":"https:\/\/api.w.org\/{rel}","templated":true}]}}