{"id":11545,"date":"2026-07-21T06:51:30","date_gmt":"2026-07-21T09:51:30","guid":{"rendered":"https:\/\/blogs.correiobraziliense.com.br\/azedo\/?p=11545"},"modified":"2026-07-21T06:57:27","modified_gmt":"2026-07-21T09:57:27","slug":"cenario-eleitoral-comeca-a-se-definir-com-consolidacao-de-candidaturas","status":"publish","type":"post","link":"https:\/\/blogs.correiobraziliense.com.br\/azedo\/cenario-eleitoral-comeca-a-se-definir-com-consolidacao-de-candidaturas\/","title":{"rendered":"Cen\u00e1rio eleitoral come\u00e7a a se definir com consolida\u00e7\u00e3o de candidaturas"},"content":{"rendered":"<p>Estruturas de poder, palanques compartilhados, recursos financeiros e tempo de televis\u00e3o fazem toda a diferen\u00e7a, mas tamb\u00e9m existe o imponder\u00e1vel, como em 2018<\/p>\n<p>A campanha presidencial entrou numa nova fase. A abertura do per\u00edodo das conven\u00e7\u00f5es partid\u00e1rias, nesta segunda-feira, transforma as pr\u00e9-candidaturas em candidaturas formais e obriga os partidos a fechar suas alian\u00e7as, escolher os candidatos a vice e armar os palanques estaduais, que acabam tendo muito peso na disputa pela Presid\u00eancia. Renan Santos, do Miss\u00e3o, foi o primeiro presidenci\u00e1vel a oficializar seu nome, numa conven\u00e7\u00e3o antecipada, realizada ontem, ao lado do militar da reserva Aroldo Medina.<\/p>\n<p>O presidente Luiz In\u00e1cio Lula da Silva (PT), Fl\u00e1vio Bolsonaro (PL), Ronaldo Caiado (PSD) e Romeu Zema (Novo) dever\u00e3o confirmar suas candidaturas nas pr\u00f3ximas duas semanas. As conven\u00e7\u00f5es podem ser realizadas at\u00e9 5 de agosto, e os pedidos de registro precisam ser apresentados \u00e0 Justi\u00e7a Eleitoral at\u00e9 15 de agosto. A antecipa\u00e7\u00e3o da conven\u00e7\u00e3o do Miss\u00e3o foi justificada por Renan como uma medida de seguran\u00e7a. Segundo ele, as amea\u00e7as atribu\u00eddas a organiza\u00e7\u00f5es criminosas tornaram necess\u00e1ria a prote\u00e7\u00e3o da Pol\u00edcia Federal assegurada aos candidatos.<\/p>\n<p>O Miss\u00e3o manter\u00e1, por\u00e9m, o evento marcado para 1\u00ba de agosto, em S\u00e3o Paulo, quando pretende apresentar o chamado Livro Amarelo, documento que re\u00fane as principais propostas de seu programa. Ligado \u00e0 funda\u00e7\u00e3o do Movimento Brasil Livre, Renan procura ocupar o espa\u00e7o de uma direita liberal, antissistema e n\u00e3o subordinada ao bolsonarismo, com \u00eanfase no combate ao crime organizado, no endurecimento da legisla\u00e7\u00e3o penal e numa agenda econ\u00f4mica radicalmente liberal.<\/p>\n<p>Mesmo sem estrutura compar\u00e1vel \u00e0 dos grandes partidos, Renan entra na disputa com uma legenda pr\u00f3pria, sem coliga\u00e7\u00f5es e com um discurso voltado principalmente aos eleitores jovens, urbanos e conectados \u00e0s redes sociais. Sua candidatura ajuda a demonstrar que o campo da direita n\u00e3o chegar\u00e1 unificado ao primeiro turno. O mais prejudicado no primeiro turno \u00e9 Fl\u00e1vio Bolsonaro, que perde votos em S\u00e3o Paulo, apesar do apoio do governador Tarc\u00edsio de Freitas (Republicanos). Seu desafio ser\u00e1 transformar a visibilidade conquistada pelo MBL em capilaridade nacional.<\/p>\n<p>Leia tamb\u00e9m:\u00a0<a href=\"https:\/\/www.correiobraziliense.com.br\/cidades-df\/2026\/07\/7463522-convencoes-reacendem-debate-sobre-busca-de-chapas-mais-representativas.html\"><strong>Conven\u00e7\u00f5es reacendem debate sobre busca de chapas mais representativas<\/strong><\/a><\/p>\n<p>Num pa\u00eds em que as campanhas presidenciais dependem de palanques estaduais, tempo de propaganda, financiamento, candidaturas proporcionais e presen\u00e7a organizada nos munic\u00edpios, a exist\u00eancia de estruturas de poder, palanques compartilhados, recursos financeiros e tempo de televis\u00e3o faz toda a diferen\u00e7a, embora exista o imponder\u00e1vel, como aconteceu em 2018, quando Lula foi preso e um desacreditado Jair Bolsonaro atropelou os concorrentes e se elegeu presidente.<\/p>\n<p><strong>Escolha de vices<\/strong><\/p>\n<p>Lula e Caiado j\u00e1 resolveram a composi\u00e7\u00e3o de suas chapas. O presidente repetir\u00e1 com Geraldo Alckmin, do PSB, a dobradinha vitoriosa de 2022. A escolha preserva uma alian\u00e7a que nasceu como s\u00edmbolo da frente democr\u00e1tica contra Jair Bolsonaro e mant\u00e9m ao lado de Lula uma lideran\u00e7a de perfil moderado, com tr\u00e2nsito no empresariado, na regi\u00e3o Sudeste e em setores cat\u00f3licos. Alckmin tamb\u00e9m representa uma ponte com parcelas do eleitorado de centro que n\u00e3o se identificam com o PT. Entretanto, essa capacidade de atra\u00e7\u00e3o foi desgastada pela polariza\u00e7\u00e3o e pelas dificuldades econ\u00f4micas e pol\u00edticas enfrentadas pelo governo.<\/p>\n<p><em>Leia mais:<\/em>\u00a0<a href=\"https:\/\/www.correiobraziliense.com.br\/politica\/2026\/07\/7464943-lula-recebe-apoio-do-pdt-para-as-eleicoes-e-critica-democracia-pos-golpe.html\"><strong>Lula recebe apoio do PDT para as elei\u00e7\u00f5es e critica democracia &#8220;p\u00f3s-golpe&#8221;<\/strong><\/a><\/p>\n<p>Ronaldo Caiado, por sua vez, formou uma chapa puro-sangue do PSD com Gilberto Kassab, ex-prefeito de S\u00e3o Paulo e presidente nacional da legenda. A composi\u00e7\u00e3o \u00e9 uma demonstra\u00e7\u00e3o de for\u00e7a partid\u00e1ria, mas envolve riscos. Kassab possui grande habilidade de articula\u00e7\u00e3o e comanda uma sigla com governadores, senadores, prefeitos e bancadas expressivas, por\u00e9m muitos diret\u00f3rios do PSD mant\u00eam rela\u00e7\u00f5es com o governo federal ou interesses regionais que podem dificultar um alinhamento autom\u00e1tico. Caiado corre risco de ser &#8220;cristianizado&#8221;. Seu desafio \u00e9 converter a capilaridade do partido numa candidatura nacional competitiva e ultrapassar a fronteira de sua base mais consolidada, o agroneg\u00f3cio e o Centro-Oeste. \u00c9 outro que atrapalha Fl\u00e1vio Bolsonaro.<\/p>\n<p>As maiores indefini\u00e7\u00f5es est\u00e3o nas chapas de Fl\u00e1vio Bolsonaro e Romeu Zema. Fl\u00e1vio busca uma mulher para a vice, numa tentativa de reduzir sua desvantagem entre o eleitorado feminino e ampliar a coaliz\u00e3o partid\u00e1ria. O nome mais natural seria o de Michele Bolsonaro, mas os dois est\u00e3o rompidos. H\u00e1 os nomes da ex-presidente da Caixa Daniella Marques (Republicanos) e da deputada Simone Marquetto (PP). A escolha depende do Republicanos e da federa\u00e7\u00e3o formada por Uni\u00e3o Brasil e Progressistas. Por ora, essas alian\u00e7as subiram no telhado. N\u00e3o basta preservar o n\u00facleo bolsonarista, Fl\u00e1vio precisa atrair partidos de centro e setores conservadores que ainda resistem \u00e0 sua candidatura.<\/p>\n<p>Zema enfrenta problema semelhante. O ex-governador mineiro procura um vice capaz de nacionalizar sua candidatura e abrir portas em outras legendas. Chegou a mencionar Michelle Bolsonaro, que recusou publicamente a hip\u00f3tese, enquanto o empres\u00e1rio Geraldo Rufino, do Podemos, perdeu for\u00e7a por causa da possibilidade de disputar o Senado em S\u00e3o Paulo. A indefini\u00e7\u00e3o revela que a escolha do vice, mais do que uma decis\u00e3o pessoal, tornou-se instrumento de negocia\u00e7\u00e3o de alian\u00e7as, palanques e recursos de campanha. Lobo solit\u00e1rio, Zema faz um discurso antissistema, com foco na seguran\u00e7a, nas privatiza\u00e7\u00f5es e no combate \u00e0 corrup\u00e7\u00e3o.<\/p>\n<p><strong><em>Vale a pena ler de novo:\u00a0<\/em><\/strong><\/p>\n<p><a href=\"https:\/\/blogs.correiobraziliense.com.br\/azedo\/o-brasil-entre-soberania-democracia-e-seus-velhos-problemas-sociais\/\"><strong>O Brasil entre soberania, democracia e seus velhos problemas sociais<\/strong><\/a><\/p>\n<p><a href=\"https:\/\/blogs.correiobraziliense.com.br\/azedo\/a-sombra-de-monroe-tarifaco-e-declaracao-de-guerra-comercial-ao-brasil\/\"><strong>\u00c0 sombra de Monroe, tarifa\u00e7o \u00e9 declara\u00e7\u00e3o de guerra comercial ao Brasil<\/strong><\/a><\/p>\n<p><strong>Nas entrelinhas<\/strong><em>: <\/em>todas as colunas diariamente no\u00a0<a href=\"https:\/\/blogs.correiobraziliense.com.br\/azedo\/\"><strong>Blog do Azedo<\/strong><\/a><\/p>\n","protected":false},"excerpt":{"rendered":"<p>Estruturas de poder, palanques compartilhados, recursos financeiros e tempo de televis\u00e3o fazem toda a diferen\u00e7a, mas tamb\u00e9m existe o imponder\u00e1vel, como em 2018 A campanha presidencial entrou numa nova fase. A abertura do per\u00edodo das conven\u00e7\u00f5es partid\u00e1rias, nesta segunda-feira, transforma as pr\u00e9-candidaturas em candidaturas formais e obriga os partidos a fechar suas alian\u00e7as, escolher os candidatos a vice e armar [&hellip;]<\/p>\n","protected":false},"author":39,"featured_media":11555,"comment_status":"open","ping_status":"closed","sticky":false,"template":"","format":"standard","meta":{"footnotes":""},"categories":[1223,677,980,371,7,972,8,9,3],"tags":[1427,1733,273,1050,10],"class_list":["post-11545","post","type-post","status-publish","format-standard","has-post-thumbnail","hentry","category-brasilia","category-comunicacao","category-eleicoes-2","category-etica","category-justica","category-memoria","category-partidos","category-politica-2","category-politica","tag-caiado","tag-flavio","tag-renan","tag-zema","tag-lula"],"_links":{"self":[{"href":"https:\/\/blogs.correiobraziliense.com.br\/azedo\/wp-json\/wp\/v2\/posts\/11545","targetHints":{"allow":["GET"]}}],"collection":[{"href":"https:\/\/blogs.correiobraziliense.com.br\/azedo\/wp-json\/wp\/v2\/posts"}],"about":[{"href":"https:\/\/blogs.correiobraziliense.com.br\/azedo\/wp-json\/wp\/v2\/types\/post"}],"author":[{"embeddable":true,"href":"https:\/\/blogs.correiobraziliense.com.br\/azedo\/wp-json\/wp\/v2\/users\/39"}],"replies":[{"embeddable":true,"href":"https:\/\/blogs.correiobraziliense.com.br\/azedo\/wp-json\/wp\/v2\/comments?post=11545"}],"version-history":[{"count":2,"href":"https:\/\/blogs.correiobraziliense.com.br\/azedo\/wp-json\/wp\/v2\/posts\/11545\/revisions"}],"predecessor-version":[{"id":11554,"href":"https:\/\/blogs.correiobraziliense.com.br\/azedo\/wp-json\/wp\/v2\/posts\/11545\/revisions\/11554"}],"wp:featuredmedia":[{"embeddable":true,"href":"https:\/\/blogs.correiobraziliense.com.br\/azedo\/wp-json\/wp\/v2\/media\/11555"}],"wp:attachment":[{"href":"https:\/\/blogs.correiobraziliense.com.br\/azedo\/wp-json\/wp\/v2\/media?parent=11545"}],"wp:term":[{"taxonomy":"category","embeddable":true,"href":"https:\/\/blogs.correiobraziliense.com.br\/azedo\/wp-json\/wp\/v2\/categories?post=11545"},{"taxonomy":"post_tag","embeddable":true,"href":"https:\/\/blogs.correiobraziliense.com.br\/azedo\/wp-json\/wp\/v2\/tags?post=11545"}],"curies":[{"name":"wp","href":"https:\/\/api.w.org\/{rel}","templated":true}]}}