{"id":11540,"date":"2026-07-19T08:58:50","date_gmt":"2026-07-19T11:58:50","guid":{"rendered":"https:\/\/blogs.correiobraziliense.com.br\/azedo\/?p=11540"},"modified":"2026-07-19T10:11:24","modified_gmt":"2026-07-19T13:11:24","slug":"o-brasil-entre-soberania-democracia-e-seus-velhos-problemas-sociais","status":"publish","type":"post","link":"https:\/\/blogs.correiobraziliense.com.br\/azedo\/o-brasil-entre-soberania-democracia-e-seus-velhos-problemas-sociais\/","title":{"rendered":"O Brasil entre soberania, democracia e seus velhos problemas sociais"},"content":{"rendered":"<p><em><strong>A retalia\u00e7\u00e3o de Trump pode fortalecer uma narrativa nacionalista, mas o custo de vida, a inseguran\u00e7a, os juros, a qualidade dos servi\u00e7os e a esperan\u00e7a continuar\u00e3o orientando o voto<\/strong><\/em><\/p>\n<p>Quem quiser que se iluda, estamos diante de um novo ciclo pol\u00edtico de longa dura\u00e7\u00e3o, no qual os velhos problemas do pa\u00eds j\u00e1 n\u00e3o podem ser enfrentados da mesma forma, num contexto de crise da democracia ocidental, revolu\u00e7\u00e3o tecnol\u00f3gica e desestrutura\u00e7\u00e3o dos pactos diplom\u00e1ticos p\u00f3s Segunda Guerra Mundial. \u00c9 nesse contexto que o Brasil chega \u00e0s elei\u00e7\u00f5es de 2026, com uma combina\u00e7\u00e3o complexa de problemas sociais e econ\u00f4micos, de radicaliza\u00e7\u00e3o pol\u00edtica e de mudan\u00e7a da ordem internacional.<\/p>\n<p>Ningu\u00e9m pode desconsiderar que o nosso subdesenvolvimento, para usar uma express\u00e3o cl\u00e1ssica, decorre da baixa produtividade, da desigualdade de oportunidades, da precariedade da educa\u00e7\u00e3o b\u00e1sica, da expans\u00e3o do crime organizado, dos deficits de saneamento e de habita\u00e7\u00e3o, do alto custo do capital e da fragilidade fiscal. Esse \u00e9 o diagn\u00f3stico que alimenta o debate e divide opini\u00f5es por parte de quem busca solu\u00e7\u00f5es para o pa\u00eds em bases democr\u00e1ticas.<\/p>\n<p>Ocorre que, agora, o Brasil enfrenta uma amea\u00e7a externa in\u00e9dita desde a redemocratiza\u00e7\u00e3o, na medida em que o governo norte-americano de Donald Trump transformou tarifas comerciais e press\u00f5es diplom\u00e1ticas em instrumentos de interfer\u00eancia pol\u00edtica, numa tentativa de favorecer seus aliados ideol\u00f3gicos e influenciar as escolhas dos brasileiros. N\u00e3o se trata, portanto, apenas de decidir quem governar\u00e1 o pa\u00eds, mas de definir como o Brasil defender\u00e1 sua democracia, sua economia e ocupar\u00e1 seu lugar numa ordem mundial em transforma\u00e7\u00e3o.<\/p>\n<p><em>Leia tamb\u00e9m<\/em>:\u00a0<a href=\"https:\/\/www.correiobraziliense.com.br\/politica\/2026\/07\/7463944-brasil-x-eua-o-pano-de-fundo-politico-da-sobretaxa.html\"><strong>O pano de fundo pol\u00edtico da sobretaxa<\/strong><\/a><\/p>\n<p>Os Estados Unidos continuam sendo um parceiro hist\u00f3rico fundamental, mas sua pol\u00edtica externa passa por uma mudan\u00e7a de paradigma. O movimento Maga (Make America Great Again) rompeu com aspectos importantes da tradi\u00e7\u00e3o liberal que orientou Washington no p\u00f3s-guerra. Em lugar da defesa das institui\u00e7\u00f5es multilaterais, da previsibilidade das alian\u00e7as e da abertura comercial, a Casa Branca opera uma diplomacia transacional, nacionalista e protecionista na qual pontificam o histrionismo de Trump e os interesses da plutocracia que hoje domina a pol\u00edtica norte-americana.<\/p>\n<p>Tarifas, san\u00e7\u00f5es e amea\u00e7as s\u00e3o utilizadas como instrumentos de press\u00e3o at\u00e9 mesmo contra pa\u00edses aliados estrat\u00e9gicos da Organiza\u00e7\u00e3o do Tratado do Atl\u00e2ntico Norte (Otan). Agora, a aproxima\u00e7\u00e3o entre o movimento Maga e o cl\u00e3 Bolsonaro trouxe um elemento perigoso \u00e0 disputa brasileira: a tentativa de vincular interesses econ\u00f4micos e estrat\u00e9gicos dos Estados Unidos no Brasil ao resultado de nossa elei\u00e7\u00e3o. A resposta n\u00e3o pode ser o velho antiamericanismo, mas exige a firme defesa da soberania.<\/p>\n<p>Uma boa rela\u00e7\u00e3o com os Estados Unidos n\u00e3o significa obedi\u00eancia, sobretudo quando interesses eleitorais e comerciais de uma corrente estrangeira se confundem com os de um grupo pol\u00edtico brasileiro. Sem embargo das cr\u00edticas, o governo de Luiz In\u00e1cio Lula da Silva n\u00e3o tem outra op\u00e7\u00e3o a n\u00e3o ser negociar com firmeza, recorrer \u00e0s institui\u00e7\u00f5es multilaterais, proteger os setores atingidos e, simultaneamente, preservar os canais de coopera\u00e7\u00e3o. Nossa pol\u00edtica externa \u00e9 de Estado, baseada nos interesses permanentes do Brasil.<\/p>\n<p><strong>Direitos e deveres<\/strong><\/p>\n<p>Ao contr\u00e1rio de outros momentos de tens\u00e3o com os Estados Unidos, como aquele que resultou no golpe militar de 1964, o Brasil tem rela\u00e7\u00f5es comerciais muito mais diversificadas. Nosso com\u00e9rcio com os Estados Unidos representa apenas 2% do Produto Interno Bruto (PIB), por\u00e9m, \u00e9 o principal destino de nossos produtos industrializados. E tamb\u00e9m n\u00e3o podemos cair na depend\u00eancia de nosso maior parceiro comercial, a China, cuja capacidade industrial excedente pressiona os produtores de outros pa\u00edses. O Brasil deve ampliar acordos com Uni\u00e3o Europeia, \u00cdndia, Jap\u00e3o, Canad\u00e1, M\u00e9xico, \u00c1frica, Sudeste Asi\u00e1tico e Oriente M\u00e9dio, sem abandonar Washington nem Pequim. Ou seja, trata-se de construir novas alternativas e buscar ainda maior integra\u00e7\u00e3o com a economia mundial.<\/p>\n<p><em>Leia mais:<\/em>\u00a0<a href=\"https:\/\/www.correiobraziliense.com.br\/mundo\/2026\/07\/7463520-trump-arma-o-cerco-no-quintal.html\"><strong>Trump arma o cerco no &#8220;quintal&#8221;<\/strong><\/a><\/p>\n<p>Nada disso, por\u00e9m, no plano interno, eliminar\u00e1 a insatisfa\u00e7\u00e3o social e resolver\u00e1 os problemas objetivos da popula\u00e7\u00e3o. A retalia\u00e7\u00e3o de Trump pode fortalecer momentaneamente uma narrativa nacionalista, mas o custo de vida, a inseguran\u00e7a, os juros, a qualidade dos servi\u00e7os p\u00fablicos e a esperan\u00e7a continuar\u00e3o orientando o voto. A elei\u00e7\u00e3o n\u00e3o ser\u00e1 decidida apenas com den\u00fancias do autoritarismo advers\u00e1rio. \u00c9 preciso demonstrar capacidade de entrega: seguran\u00e7a, educa\u00e7\u00e3o, sa\u00fade, habita\u00e7\u00e3o, mobilidade urbana, crescimento, inclus\u00e3o social e institui\u00e7\u00f5es que funcionem.<\/p>\n<p>Com a Constitui\u00e7\u00e3o de 1988, o Sistema \u00danico de Sa\u00fade (SUS), a universaliza\u00e7\u00e3o da educa\u00e7\u00e3o fundamental, o sal\u00e1rio m\u00ednimo valorizado, a transfer\u00eancia de renda, as a\u00e7\u00f5es afirmativas e a amplia\u00e7\u00e3o do acesso \u00e0 universidade transformaram a sociedade brasileira. N\u00e3o podemos brigar com os fatos. Os resultados insuficientes dessas pol\u00edticas n\u00e3o s\u00e3o a prova de que a inclus\u00e3o social fracassou. Nem devemos tratar quatro d\u00e9cadas de redemocratiza\u00e7\u00e3o como tempo perdido, apesar da descontinuidade administrativa e das recidivas olig\u00e1rquica e patrimonialista. O desafio n\u00e3o \u00e9 abandonar os fundamentos da Constitui\u00e7\u00e3o de 1988, mas atualizar os meios pelos quais se pretende alcan\u00e7ar igualdade, liberdade e dignidade.<\/p>\n<p>Entretanto,p Brasil realmente precisa reconciliar direitos coletivos com responsabilidade individual. A emancipa\u00e7\u00e3o e a inclus\u00e3o social devem oferecer condi\u00e7\u00f5es para que cada cidad\u00e3o desenvolva suas potencialidades e, ao mesmo tempo, responda por suas escolhas. O problema \u00e9 que o mau exemplo vem de cima, devido \u00e0 captura de institui\u00e7\u00f5es e pol\u00edticas p\u00fablicas por interesses privados, empresariais ou mesmo individuais. Vem da\u00ed, na verdade, a maior amea\u00e7a \u00e0s nossas democracia e soberania. Basta ver as pesquisas sobre aprova\u00e7\u00e3o das principais institui\u00e7\u00f5es do pa\u00eds.<\/p>\n<p><strong>Nas entrelinhas<\/strong><em>: <\/em>todas as colunas diariamente no\u00a0<a href=\"https:\/\/blogs.correiobraziliense.com.br\/azedo\/\"><strong>Blog do Azedo<\/strong><\/a><\/p>\n","protected":false},"excerpt":{"rendered":"<p>A retalia\u00e7\u00e3o de Trump pode fortalecer uma narrativa nacionalista, mas o custo de vida, a inseguran\u00e7a, os juros, a qualidade dos servi\u00e7os e a esperan\u00e7a continuar\u00e3o orientando o voto Quem quiser que se iluda, estamos diante de um novo ciclo pol\u00edtico de longa dura\u00e7\u00e3o, no qual os velhos problemas do pa\u00eds j\u00e1 n\u00e3o podem ser enfrentados da mesma forma, num [&hellip;]<\/p>\n","protected":false},"author":39,"featured_media":11546,"comment_status":"open","ping_status":"closed","sticky":false,"template":"","format":"standard","meta":{"footnotes":""},"categories":[1223,481,677,6,36,38,980,371,589,4,485,7,972,8,3,71,80,894,76],"tags":[],"class_list":["post-11540","post","type-post","status-publish","format-standard","has-post-thumbnail","hentry","category-brasilia","category-china","category-comunicacao","category-congresso","category-economia","category-educacao","category-eleicoes-2","category-etica","category-eua","category-governo","category-imposto","category-justica","category-memoria","category-partidos","category-politica","category-saude","category-seguranca","category-tecnologia","category-trump"],"_links":{"self":[{"href":"https:\/\/blogs.correiobraziliense.com.br\/azedo\/wp-json\/wp\/v2\/posts\/11540","targetHints":{"allow":["GET"]}}],"collection":[{"href":"https:\/\/blogs.correiobraziliense.com.br\/azedo\/wp-json\/wp\/v2\/posts"}],"about":[{"href":"https:\/\/blogs.correiobraziliense.com.br\/azedo\/wp-json\/wp\/v2\/types\/post"}],"author":[{"embeddable":true,"href":"https:\/\/blogs.correiobraziliense.com.br\/azedo\/wp-json\/wp\/v2\/users\/39"}],"replies":[{"embeddable":true,"href":"https:\/\/blogs.correiobraziliense.com.br\/azedo\/wp-json\/wp\/v2\/comments?post=11540"}],"version-history":[{"count":5,"href":"https:\/\/blogs.correiobraziliense.com.br\/azedo\/wp-json\/wp\/v2\/posts\/11540\/revisions"}],"predecessor-version":[{"id":11548,"href":"https:\/\/blogs.correiobraziliense.com.br\/azedo\/wp-json\/wp\/v2\/posts\/11540\/revisions\/11548"}],"wp:featuredmedia":[{"embeddable":true,"href":"https:\/\/blogs.correiobraziliense.com.br\/azedo\/wp-json\/wp\/v2\/media\/11546"}],"wp:attachment":[{"href":"https:\/\/blogs.correiobraziliense.com.br\/azedo\/wp-json\/wp\/v2\/media?parent=11540"}],"wp:term":[{"taxonomy":"category","embeddable":true,"href":"https:\/\/blogs.correiobraziliense.com.br\/azedo\/wp-json\/wp\/v2\/categories?post=11540"},{"taxonomy":"post_tag","embeddable":true,"href":"https:\/\/blogs.correiobraziliense.com.br\/azedo\/wp-json\/wp\/v2\/tags?post=11540"}],"curies":[{"name":"wp","href":"https:\/\/api.w.org\/{rel}","templated":true}]}}