{"id":11532,"date":"2026-07-16T09:35:46","date_gmt":"2026-07-16T12:35:46","guid":{"rendered":"https:\/\/blogs.correiobraziliense.com.br\/azedo\/?p=11532"},"modified":"2026-07-16T09:38:40","modified_gmt":"2026-07-16T12:38:40","slug":"lula-nao-entregara-o-que-trump-deseja-o-fim-do-pix-apesar-do-tarifaco","status":"publish","type":"post","link":"https:\/\/blogs.correiobraziliense.com.br\/azedo\/lula-nao-entregara-o-que-trump-deseja-o-fim-do-pix-apesar-do-tarifaco\/","title":{"rendered":"Lula n\u00e3o entregar\u00e1 o que Trump deseja, o fim do Pix, apesar do tarifa\u00e7o"},"content":{"rendered":"<p><em><strong>A ofensiva contra o Brasil n\u00e3o deve ser examinada apenas como uma disputa sobre al\u00edquotas, etanol, plataformas digitais ou acesso a mercados. Trata-se de um choque institucional<\/strong><\/em><\/p>\n<p>Representantes do governo dos Estados Unidos informaram ao Itamaraty que a decis\u00e3o sobre a aplica\u00e7\u00e3o de novas tarifas sobre produtos brasileiros j\u00e1 foi tomada. Somente ap\u00f3s a divulga\u00e7\u00e3o da decis\u00e3o, por\u00e9m, o governo brasileiro analisar\u00e1 o teor do an\u00fancio, para definir qual ser\u00e1 a sua rea\u00e7\u00e3o. Mais ou menos como naquele refr\u00e3o do samba Malandragem D\u00e1 Um Tempo ( &#8220;Vou apertar, mas n\u00e3o vou acender agora&#8221;), de autoria de Adelzonilton, Moacyr Bombeiro e Popular PA, imortalizado pelo sambista Bezerra da Silva, m\u00fasico letrado, que tocava viol\u00e3o cl\u00e1ssico em orquestras e era not\u00e1vel percussionista.<\/p>\n<p>Entre as possibilidades em discuss\u00e3o no Pal\u00e1cio do Planalto, o acionamento da Lei da Reciprocidade Econ\u00f4mica n\u00e3o est\u00e1 descartado, mas a prioridade \u00e9 a continuidade das negocia\u00e7\u00f5es diplom\u00e1ticas com os americanos pelo Itamaraty e o Minist\u00e9rio do Desenvolvimento, Ind\u00fastria, Com\u00e9rcio e Servi\u00e7os. Deixando o samba de lado, a ofensiva tarif\u00e1ria de Donald Trump contra o Brasil n\u00e3o deve ser examinada apenas como uma disputa sobre al\u00edquotas, etanol, plataformas digitais ou acesso a mercados. Trata-se de um choque institucional.<\/p>\n<p>Leia tamb\u00e9m: <a href=\"https:\/\/www.correiobraziliense.com.br\/economia\/2026\/07\/7462238-estados-unidos-confirmam-novo-tarifaco-de-25-para-produtos-brasileiros.html\"><strong>EUA confirmam novo tarifa\u00e7o de 25% para produtos brasileiros<\/strong><\/a><\/p>\n<p>O economista Douglass North (Nobel de 1993), estudioso da institucionalidade da economia, mostrou que o funcionamento da economia mundial e do com\u00e9rcio entre os pa\u00edses depende das &#8220;regras do jogo&#8221;: normas formais, conven\u00e7\u00f5es e mecanismos de cumprimento que reduzem a incerteza, protegem contratos e diminuem os custos de transa\u00e7\u00e3o. Quando Donald Trump transforma tarifas em instrumento discricion\u00e1rio de press\u00e3o pol\u00edtica, n\u00e3o altera somente o pre\u00e7o das mercadorias. Muda os incentivos de governos, bancos e empresas e estimula a cria\u00e7\u00e3o de estruturas capazes de reduzir a depend\u00eancia em rela\u00e7\u00e3o ao poder que passou a amea\u00e7\u00e1-los.<\/p>\n<p>A investiga\u00e7\u00e3o norte-americana sobre o comercio Brasil-Estados Unidos misturou Pix, etanol, plataformas digitais, propriedade intelectual, desmatamento e acordos tarif\u00e1rios. Tudo para justificar uma sobretaxa de 25% sobre milhares de produtos brasileiros. Cerca de 4,2 mil itens e US$ 15 bilh\u00f5es em exporta\u00e7\u00f5es podem ser atingidos. Entretanto, o tarifa\u00e7o deve preservar exce\u00e7\u00f5es para produtos relevantes \u00e0 pr\u00f3pria economia dos Estados Unidos, sinal de que a medida obedece a uma sele\u00e7\u00e3o pol\u00edtica de custos e benef\u00edcios. Na verdade, a rela\u00e7\u00e3o bilateral \u00e9 superavit\u00e1ria para os norte-americanos, o que contradiz a justificativa apresentada por Trump, pois os Estados Unidos mant\u00eam posi\u00e7\u00e3o comercial favor\u00e1vel diante do Brasil.<\/p>\n<p>North nos ajuda a compreender por que o tarifa\u00e7o \u00e9 mais grave do que uma retalia\u00e7\u00e3o convencional. As rela\u00e7\u00f5es comerciais produtivas dependem da confian\u00e7a de que as regras n\u00e3o ser\u00e3o modificadas arbitrariamente depois que investimentos e cadeias produtivas estiverem organizados. Tarifas unilaterais elevam o custo de medir riscos, renegociar contratos, financiar exporta\u00e7\u00f5es, contratar seguros e substituir fornecedores. Ou seja, bagun\u00e7a as opera\u00e7\u00f5es das empresas e a economia dos pa\u00edses.<\/p>\n<p><strong>O Pix \u00e9 nosso<\/strong><\/p>\n<p>Em vez de reduzir incertezas, a pol\u00edtica dos Estados Unidos passa a produzi-las e transforma o acesso ao maior mercado do mundo em concess\u00e3o revog\u00e1vel pela vontade presidencial. Entretanto, Trump n\u00e3o tem apoio un\u00e2nime das empresas norte-americanas. Muitas dependem de insumos brasileiros e pressionam por exce\u00e7\u00f5es, porque a tarifa funciona como imposto sobre suas pr\u00f3prias cadeias de produ\u00e7\u00e3o.<\/p>\n<p>O problema se amplia porque a ofensiva n\u00e3o se limita ao com\u00e9rcio de bens. Entre os impasses apresentados por Washington est\u00e3o o Pix, a abertura do mercado ao etanol norte-americano e uma morat\u00f3ria de quatro anos para tributos e multas de plataformas digitais. O Brasil considera esses pontos inegoci\u00e1veis e sustenta que o Pix \u00e9 uma infraestrutura p\u00fablica aberta a institui\u00e7\u00f5es nacionais e estrangeiras, compar\u00e1vel ao FedNow dos pr\u00f3prios Estados Unidos.<\/p>\n<p><em>Leia mais:<\/em>\u00a0<a href=\"https:\/\/www.correiobraziliense.com.br\/mundo\/2026\/07\/7462293-aprofundamento-da-ruptura-antes-das-eleicoes-e-altos-riscos-como-a-imprensa-internacional-noticiou-tarifa-de-25-dos-eua-contra-o-brasil.html\"><strong>&#8216;Aprofundamento da ruptura antes das elei\u00e7\u00f5es&#8217; e &#8216;altos riscos&#8217;\u00a0<\/strong><\/a><\/p>\n<p>N\u00e3o h\u00e1 a menor possibilidade de o Brasil acabar com o Pix por exig\u00eancia de Trump. Hoje, \u00e9 o principal meio eletr\u00f4nico de pagamento do pa\u00eds em n\u00famero de opera\u00e7\u00f5es, com mais de 170 milh\u00f5es de usu\u00e1rios, custos inferiores aos dos cart\u00f5es e participa\u00e7\u00e3o superior \u00e0 metade das transa\u00e7\u00f5es no segundo semestre de 2025. Classific\u00e1-lo como &#8220;pr\u00e1tica desleal&#8221; equivale a converter uma inova\u00e7\u00e3o destinada a reduzir custos de transa\u00e7\u00e3o em infra\u00e7\u00e3o comercial porque ela diminui a renda de intermedi\u00e1rios privados.<\/p>\n<p>H\u00e1 dois aspectos importantes a considerar. O primeiro \u00e9 de natureza econ\u00f4mica. Apesar de ser o segundo parceiro do Brasil, o com\u00e9rcio com os Estados Unidos, que movimentou US$ 36,4 bilh\u00f5es no primeiro semestre, representa apenas 2% do PIB brasileiro. Ou seja, o presidente Luiz In\u00e1cio Lula da Silva tem cacife para n\u00e3o entregar o que Trump est\u00e1 querendo. O segundo \u00e9 eleitoral: por mais que Fl\u00e1vio Bolsonaro tenha se esfor\u00e7ado para ser interlocutor da Casa Branca e obter o adiamento do aumento de tarifas, sua viagem a Washington para se encontrar com o secret\u00e1rio de Estado, Marco Rubio foi uma esp\u00e9cie de &#8220;me engana, que eu gosto&#8221;. Isto \u00e9, pura figura\u00e7\u00e3o. Na pr\u00e1tica, por\u00e9m, o que fez foi entregar a bandeira da soberania nacional para Lula nas elei\u00e7\u00f5es.<\/p>\n<p><strong>Nas entrelinhas<\/strong><em>: <\/em>todas as colunas diariamente no\u00a0<a href=\"https:\/\/blogs.correiobraziliense.com.br\/azedo\/\"><strong>Blog do Azedo<\/strong><\/a><\/p>\n","protected":false},"excerpt":{"rendered":"<p>A ofensiva contra o Brasil n\u00e3o deve ser examinada apenas como uma disputa sobre al\u00edquotas, etanol, plataformas digitais ou acesso a mercados. Trata-se de um choque institucional Representantes do governo dos Estados Unidos informaram ao Itamaraty que a decis\u00e3o sobre a aplica\u00e7\u00e3o de novas tarifas sobre produtos brasileiros j\u00e1 foi tomada. Somente ap\u00f3s a divulga\u00e7\u00e3o da decis\u00e3o, por\u00e9m, o governo [&hellip;]<\/p>\n","protected":false},"author":39,"featured_media":11538,"comment_status":"open","ping_status":"closed","sticky":false,"template":"","format":"standard","meta":{"footnotes":""},"categories":[1223,36,980,589,370,4,485,369,7,92,972,8,3,80,894,76],"tags":[1733,1860,1911,58,10,1998],"class_list":["post-11532","post","type-post","status-publish","format-standard","has-post-thumbnail","hentry","category-brasilia","category-economia","category-eleicoes-2","category-eua","category-exportacoes","category-governo","category-imposto","category-itamaraty","category-justica","category-literatura","category-memoria","category-partidos","category-politica","category-seguranca","category-tecnologia","category-trump","tag-flavio","tag-pix","tag-tarifaco","tag-trump","tag-lula","tag-rubio"],"_links":{"self":[{"href":"https:\/\/blogs.correiobraziliense.com.br\/azedo\/wp-json\/wp\/v2\/posts\/11532","targetHints":{"allow":["GET"]}}],"collection":[{"href":"https:\/\/blogs.correiobraziliense.com.br\/azedo\/wp-json\/wp\/v2\/posts"}],"about":[{"href":"https:\/\/blogs.correiobraziliense.com.br\/azedo\/wp-json\/wp\/v2\/types\/post"}],"author":[{"embeddable":true,"href":"https:\/\/blogs.correiobraziliense.com.br\/azedo\/wp-json\/wp\/v2\/users\/39"}],"replies":[{"embeddable":true,"href":"https:\/\/blogs.correiobraziliense.com.br\/azedo\/wp-json\/wp\/v2\/comments?post=11532"}],"version-history":[{"count":2,"href":"https:\/\/blogs.correiobraziliense.com.br\/azedo\/wp-json\/wp\/v2\/posts\/11532\/revisions"}],"predecessor-version":[{"id":11537,"href":"https:\/\/blogs.correiobraziliense.com.br\/azedo\/wp-json\/wp\/v2\/posts\/11532\/revisions\/11537"}],"wp:featuredmedia":[{"embeddable":true,"href":"https:\/\/blogs.correiobraziliense.com.br\/azedo\/wp-json\/wp\/v2\/media\/11538"}],"wp:attachment":[{"href":"https:\/\/blogs.correiobraziliense.com.br\/azedo\/wp-json\/wp\/v2\/media?parent=11532"}],"wp:term":[{"taxonomy":"category","embeddable":true,"href":"https:\/\/blogs.correiobraziliense.com.br\/azedo\/wp-json\/wp\/v2\/categories?post=11532"},{"taxonomy":"post_tag","embeddable":true,"href":"https:\/\/blogs.correiobraziliense.com.br\/azedo\/wp-json\/wp\/v2\/tags?post=11532"}],"curies":[{"name":"wp","href":"https:\/\/api.w.org\/{rel}","templated":true}]}}