{"id":11514,"date":"2026-07-10T08:57:12","date_gmt":"2026-07-10T11:57:12","guid":{"rendered":"https:\/\/blogs.correiobraziliense.com.br\/azedo\/?p=11514"},"modified":"2026-07-10T08:57:35","modified_gmt":"2026-07-10T11:57:35","slug":"alcolumbre-nao-se-entende-com-lula-e-congela-a-agenda-do-congresso","status":"publish","type":"post","link":"https:\/\/blogs.correiobraziliense.com.br\/azedo\/alcolumbre-nao-se-entende-com-lula-e-congela-a-agenda-do-congresso\/","title":{"rendered":"Alcolumbre n\u00e3o se entende com Lula e congela a agenda do Congresso"},"content":{"rendered":"<p><em><strong>O rompimento entre o presidente Lula e o presidente do Senado e do Congresso, ocorrido ap\u00f3s a rejei\u00e7\u00e3o do nome de Jorge Messias para o STF, tornou-se o principal fator de bloqueio da pauta legislativa<\/strong><\/em><\/p>\n<p>Com o Brasil fora da Copa e a pol\u00edtica retomando o centro da cena, o Congresso Nacional entrou definitivamente em modo eleitoral. A sess\u00e3o do Congresso prevista para essa quinta-feira foi cancelada por falta de acordo entre seu presidente, senador Davi Alcolumbre (Uni\u00e3o-AP), e o presidente Luiz In\u00e1cio Lula da Silva. O Legislativo n\u00e3o deve votar mais nada de relevante antes do recesso e, muito provavelmente, tampouco antes das elei\u00e7\u00f5es de outubro.<\/p>\n<p>A paralisia atinge temas como a PEC da Seguran\u00e7a P\u00fablica e a regulamenta\u00e7\u00e3o da explora\u00e7\u00e3o de terras raras. Na pr\u00e1tica, a agenda institucional foi sequestrada pela disputa de poder entre o Executivo e o Congresso. O rompimento entre Lula e Alcolumbre, ocorrido ap\u00f3s a rejei\u00e7\u00e3o do nome de Jorge Messias para o Supremo Tribunal Federal, tornou-se o principal fator de bloqueio da pauta legislativa.<\/p>\n<p>A crise n\u00e3o decorre de uma diverg\u00eancia program\u00e1tica clara, de um grande embate federativo ou de um choque ideol\u00f3gico. O que se v\u00ea \u00e9 uma mistura de ressentimento pol\u00edtico, disputa por espa\u00e7os de poder, recados cruzados e c\u00e1lculo eleitoral. Alcolumbre n\u00e3o perdoou o modo como o Planalto conduziu a articula\u00e7\u00e3o em torno da vaga no STF; Lula, por sua vez, ainda n\u00e3o encontrou o caminho para recompor uma rela\u00e7\u00e3o funcional com o presidente do Senado.<\/p>\n<p>Assim, o Congresso desacelerou. O encontro entre os dois foi anunciado e adiado diversas vezes. O resultado \u00e9 o congelamento da agenda nacional num momento em que o pa\u00eds exigiria exatamente o oposto. O Senado segura propostas consideradas priorit\u00e1rias pelo governo; a C\u00e2mara j\u00e1 trabalha com a perspectiva de apenas duas semanas de esfor\u00e7o concentrado em agosto e in\u00edcio de setembro, antes de mergulhar de vez na campanha.<\/p>\n<p>As datas previstas \u2014 de 10 a 14 de agosto e de 31 de agosto a 4 de setembro \u2014 mostram que a agenda legislativa foi subordinada ao calend\u00e1rio eleitoral. Em outubro, com o primeiro turno marcado para o dia 4, dificilmente haver\u00e1 espa\u00e7o pol\u00edtico para delibera\u00e7\u00f5es de maior impacto. O Congresso passou a operar sob a l\u00f3gica da sobreviv\u00eancia eleitoral de deputados e senadores, que estar\u00e3o ocupados em suas bases, cuidando da pr\u00f3pria reelei\u00e7\u00e3o ou da elei\u00e7\u00e3o de seus aliados.<\/p>\n<p><em>Leia mais:<\/em>\u00a0<a href=\"https:\/\/www.correiobraziliense.com.br\/politica\/2026\/07\/7458613-lula-e-teresa-leitao-discutem-avanco-de-6x1-e-pec-da-seguranca-no-senado.html\"><strong>Lula e Teresa Leit\u00e3o discutem avan\u00e7o de 6&#215;1 e PEC da Seguran\u00e7a no Senado<\/strong><\/a><\/p>\n<p>O governo tenta transformar a paralisia do Congresso em ativo eleitoral. Sua prioridade \u00e9 a aprova\u00e7\u00e3o final e a regulamenta\u00e7\u00e3o do fim da escala 6&#215;1. A proposta, que j\u00e1 passou pela C\u00e2mara com ampla maioria, tornou-se uma bandeira de campanha de Lula, com forte apelo simb\u00f3lico junto ao eleitorado que trabalha seis dias na semana. Se conseguir destravar a tramita\u00e7\u00e3o no Senado e aprovar a PEC ainda em julho, uma parte da redu\u00e7\u00e3o da jornada poderia entrar em vigor em setembro, a tempo de produzir um efeito concreto antes do pleito.<\/p>\n<p><strong>Pol\u00edtica externa<\/strong><\/p>\n<p>Essa \u00e9 a maior aposta do governo. Da\u00ed o nervosismo do PT com a demora de Alcolumbre em encaminhar a proposta \u00e0 Comiss\u00e3o de Constitui\u00e7\u00e3o e Justi\u00e7a. A troca de farpas entre o l\u00edder petista Pedro Uczai e o presidente do Senado elevou a tens\u00e3o. Uczai amea\u00e7ou &#8220;eleger&#8221; Alcolumbre como &#8220;inimigo&#8221; dos trabalhadores, caso a PEC n\u00e3o avan\u00e7asse; Alcolumbre respondeu com uma nota dura, afirmou que n\u00e3o se submete a ultimatos nem a press\u00f5es pol\u00edtico-eleitorais.<\/p>\n<p>Alcolumbre disse que &#8220;amea\u00e7as e constrangimentos institucionais&#8221; n\u00e3o aceleram a tramita\u00e7\u00e3o de mat\u00e9ria. No meio do embate, o governo tenta recuar da ret\u00f3rica e preservar a ponte com o presidente do Senado. Sem uma distens\u00e3o m\u00ednima, a PEC da 6&#215;1 corre o risco de virar apenas pe\u00e7a de propaganda, e n\u00e3o uma conquista efetiva.<\/p>\n<p>O Senado sob comando de Alcolumbre, segundo o pr\u00f3prio, n\u00e3o pode ser tratado como carimbador autom\u00e1tico das decis\u00f5es da C\u00e2mara. Ao sinalizar que a Casa levar\u00e1 &#8220;o tempo razo\u00e1vel&#8221; para analisar a mat\u00e9ria, reafirmou sua autoridade institucional. A vota\u00e7\u00e3o de qualquer pauta de interesse do governo depender\u00e1 de uma conversa entre Lula e Alcolumbre. Ou seja, a 6&#215;1 virou moeda de troca.<\/p>\n<p>Enquanto o governo se v\u00ea bloqueado no Congresso, a oposi\u00e7\u00e3o tenta montar o seu pr\u00f3prio palanque. Os advers\u00e1rios de Lula apostam em cerc\u00e1-lo na frente externa, sobretudo nas negocia\u00e7\u00f5es com os Estados Unidos e na crise aberta em torno do documento do Itamaraty sobre a classifica\u00e7\u00e3o do PCC e do Comando Vermelho como organiza\u00e7\u00f5es terroristas.<\/p>\n<p><em>Leia tamb\u00e9m:<\/em><a href=\"https:\/\/www.correiobraziliense.com.br\/politica\/2026\/07\/7458491-planalto-ve-protecionismo-dos-eua-e-culpa-flavio-por-tarifas.html\"><strong> Planalto v\u00ea &#8220;protecionismo&#8221; dos EUA e culpa Fl\u00e1vio por tarifas<\/strong><\/a><\/p>\n<p>O chanceler Mauro Vieira \u00e9 o principal alvo dessa ofensiva. O objetivo n\u00e3o \u00e9 apenas obter explica\u00e7\u00f5es t\u00e9cnicas sobre o teor do of\u00edcio ou sobre a interpreta\u00e7\u00e3o diplom\u00e1tica do tema. A oposi\u00e7\u00e3o pretende criar um fato pol\u00edtico, manter o governo sob press\u00e3o e atribuir a Lula uma suposta condu\u00e7\u00e3o desastrada da pol\u00edtica externa.<\/p>\n<p>O discurso da oposi\u00e7\u00e3o \u00e9 de que o Itamaraty teria criado uma crise diplom\u00e1tica desnecess\u00e1ria ao mencionar cen\u00e1rios envolvendo poss\u00edveis a\u00e7\u00f5es dos Estados Unidos depois da classifica\u00e7\u00e3o de fac\u00e7\u00f5es criminosas brasileiras como organiza\u00e7\u00f5es terroristas. Ao levar Mauro Vieira ao Congresso, os oposicionistas querem transformar um documento t\u00e9cnico em combust\u00edvel para a narrativa de que o governo Lula \u00e9 antiamericano por reflexo ideol\u00f3gico e incapaz de conduzir com pragmatismo uma negocia\u00e7\u00e3o delicada sobre tarifas e com\u00e9rcio exterior.<\/p>\n<p><strong>Nas entrelinhas<\/strong><em>: <\/em>todas as colunas diariamente no\u00a0<a href=\"https:\/\/blogs.correiobraziliense.com.br\/azedo\/\"><strong>Blog do Azedo<\/strong><\/a><\/p>\n","protected":false},"excerpt":{"rendered":"<p>O rompimento entre o presidente Lula e o presidente do Senado e do Congresso, ocorrido ap\u00f3s a rejei\u00e7\u00e3o do nome de Jorge Messias para o STF, tornou-se o principal fator de bloqueio da pauta legislativa Com o Brasil fora da Copa e a pol\u00edtica retomando o centro da cena, o Congresso Nacional entrou definitivamente em modo eleitoral. A sess\u00e3o do [&hellip;]<\/p>\n","protected":false},"author":39,"featured_media":11519,"comment_status":"open","ping_status":"closed","sticky":false,"template":"","format":"standard","meta":{"footnotes":""},"categories":[1223,6,36,980,589,370,4,485,8,9,3,80,44,48,76],"tags":[1821,307,247,1733,1096,10],"class_list":["post-11514","post","type-post","status-publish","format-standard","has-post-thumbnail","hentry","category-brasilia","category-congresso","category-economia","category-eleicoes-2","category-eua","category-exportacoes","category-governo","category-imposto","category-partidos","category-politica-2","category-politica","category-seguranca","category-terrorismo","category-trabalho","category-trump","tag-6x1","tag-alcolumbre","tag-eua","tag-flavio","tag-vieira","tag-lula"],"_links":{"self":[{"href":"https:\/\/blogs.correiobraziliense.com.br\/azedo\/wp-json\/wp\/v2\/posts\/11514","targetHints":{"allow":["GET"]}}],"collection":[{"href":"https:\/\/blogs.correiobraziliense.com.br\/azedo\/wp-json\/wp\/v2\/posts"}],"about":[{"href":"https:\/\/blogs.correiobraziliense.com.br\/azedo\/wp-json\/wp\/v2\/types\/post"}],"author":[{"embeddable":true,"href":"https:\/\/blogs.correiobraziliense.com.br\/azedo\/wp-json\/wp\/v2\/users\/39"}],"replies":[{"embeddable":true,"href":"https:\/\/blogs.correiobraziliense.com.br\/azedo\/wp-json\/wp\/v2\/comments?post=11514"}],"version-history":[{"count":2,"href":"https:\/\/blogs.correiobraziliense.com.br\/azedo\/wp-json\/wp\/v2\/posts\/11514\/revisions"}],"predecessor-version":[{"id":11520,"href":"https:\/\/blogs.correiobraziliense.com.br\/azedo\/wp-json\/wp\/v2\/posts\/11514\/revisions\/11520"}],"wp:featuredmedia":[{"embeddable":true,"href":"https:\/\/blogs.correiobraziliense.com.br\/azedo\/wp-json\/wp\/v2\/media\/11519"}],"wp:attachment":[{"href":"https:\/\/blogs.correiobraziliense.com.br\/azedo\/wp-json\/wp\/v2\/media?parent=11514"}],"wp:term":[{"taxonomy":"category","embeddable":true,"href":"https:\/\/blogs.correiobraziliense.com.br\/azedo\/wp-json\/wp\/v2\/categories?post=11514"},{"taxonomy":"post_tag","embeddable":true,"href":"https:\/\/blogs.correiobraziliense.com.br\/azedo\/wp-json\/wp\/v2\/tags?post=11514"}],"curies":[{"name":"wp","href":"https:\/\/api.w.org\/{rel}","templated":true}]}}