{"id":11506,"date":"2026-07-08T08:37:26","date_gmt":"2026-07-08T11:37:26","guid":{"rendered":"https:\/\/blogs.correiobraziliense.com.br\/azedo\/?p=11506"},"modified":"2026-07-08T08:37:47","modified_gmt":"2026-07-08T11:37:47","slug":"tarifas-embutem-interesses-eleitorais-e-negocios-da-plutocracia-de-trump","status":"publish","type":"post","link":"https:\/\/blogs.correiobraziliense.com.br\/azedo\/tarifas-embutem-interesses-eleitorais-e-negocios-da-plutocracia-de-trump\/","title":{"rendered":"Tarifas embutem interesses eleitorais e neg\u00f3cios da plutocracia de Trump"},"content":{"rendered":"<p><em><strong>Das empresas, entidade e pessoas f\u00edsicas dos EUA na audi\u00eancia sobre tarifas, 30 foram contra e 14 a favor; das 34 brasileiras, somente Fl\u00e1vio foi a favor<\/strong><\/em><\/p>\n<p>O imbr\u00f3glio do tarifa\u00e7o dos Estados Unidos contra o Brasil \u00e9 mais do que um contencioso comercial, no qual os dois pa\u00edses negociam tarifas com base em interesses rec\u00edprocos. Como ficou evidente nessa ter\u00e7a-feira, com a participa\u00e7\u00e3o do senador Fl\u00e1vio Bolsonaro (PL), pr\u00e9-candidato a presidente da Rep\u00fablica, na audi\u00eancia p\u00fablica promovida pelo Escrit\u00f3rio do Representante Comercial dos Estados Unidos (USTR), h\u00e1 dois eixos cruzados de negocia\u00e7\u00e3o.<\/p>\n<p>O eixo com o qual o Itamaraty trabalha \u00e9 econ\u00f4mico-empresarial, no qual pesam os interesses concretos das cadeias produtivas integradas entre Brasil e EUA; Fl\u00e1vio privilegiou o vi\u00e9s ideol\u00f3gico-pol\u00edtico, fortalecido pela conjuntura eleitoral nos dois pa\u00edses, que favorece a ofensiva da direita norte-americana contra regula\u00e7\u00f5es, institui\u00e7\u00f5es e governos que n\u00e3o se alinham \u00e0 sua agenda.<\/p>\n<p>Os neg\u00f3cios entre empresas brasileiras e norte-americanas aparecem nas manifesta\u00e7\u00f5es encaminhadas ao Escrit\u00f3rio do Representante Comercial dos Estados Unidos (USTR) na investiga\u00e7\u00e3o aberta com base na Se\u00e7\u00e3o 301. Foram 335 manifesta\u00e7\u00f5es de empresas e organiza\u00e7\u00f5es brasileiras e americanas, al\u00e9m de 30 de pessoas f\u00edsicas. Entre elas est\u00e3o gigantes, como Coca-Cola, Caterpillar, ADM, Tesla, Nestl\u00e9, CSN, Suzano, eBay, Siemens Energy, JBS e WEG, al\u00e9m de entidades como CNI, Fiesp, CNA, C\u00e2mara Americana de Com\u00e9rcio, Abiquim e Unica. N\u00e3o se trata, portanto, de uma rea\u00e7\u00e3o perif\u00e9rica ou diplom\u00e1tica, mas de uma mobiliza\u00e7\u00e3o do cora\u00e7\u00e3o da atividade produtiva e comercial dos dois lados.<\/p>\n<p>Depois da reuni\u00e3o, rebatendo os irm\u00e3os Bolsonaro, o Itamaraty destacou, em nota, que das 78 empresas, entidade e pessoas f\u00edsicas que se manifestaram na audi\u00eancia, 63 foram contra o tarifa\u00e7o e somente 15 a favor. Das 44 manifesta\u00e7\u00f5es norte-americanas, 30 foram contra e 14 a favor. J\u00e1 do lado brasileiro, das 34 manifesta\u00e7\u00f5es, apenas a de Fl\u00e1vio Bolsonaro foi a favor do tarifa\u00e7o, segundo o governo Lula.<\/p>\n<p><em>Leia tamb\u00e9m:<\/em> <a href=\"https:\/\/www.correiobraziliense.com.br\/politica\/2026\/07\/7457011-tarifaco-dos-eua-governo-intensifica-negociacao-para-evitar-sobretaxa.html\"><strong>Governo intensifica negocia\u00e7\u00e3o para evitar sobretaxa<\/strong><\/a><\/p>\n<p>O tarifa\u00e7o proposto por Washington \u2014 25% sobre produtos brasileiros, com a possibilidade de mais 12,5% em outra investiga\u00e7\u00e3o \u2014 colide com a pr\u00f3pria l\u00f3gica de reorganiza\u00e7\u00e3o das cadeias produtivas globais, que leva ao fortalecimento do com\u00e9rcio regional. N\u00e3o se resume \u00e0 venda de bens finais concorrentes; s\u00e3o insumos, mat\u00e9rias-primas, componentes e bens intermedi\u00e1rios que alimentam a pr\u00f3pria ind\u00fastria americana e sua complementariedade com os demais pa\u00edses das Am\u00e9ricas.<\/p>\n<p>A Fiesp sustenta, por exemplo, que a tarifa m\u00e9dia brasileira sobre produtos dos EUA \u00e9 baixa e que boa parte das exporta\u00e7\u00f5es brasileiras para o mercado americano n\u00e3o compete diretamente com a produ\u00e7\u00e3o local, mas a complementa. Em v\u00e1rios casos, trata-se de com\u00e9rcio intrafirma, entre filiais e matrizes, ou de insumos que entram no processo industrial norte-americano. Est\u00e3o nessa categoria, por exemplo, a carne do dianteiro usada para a produ\u00e7\u00e3o de hamb\u00fargueres, e o suco de laranja e caf\u00e9 indispens\u00e1veis \u00e0 refei\u00e7\u00e3o matinal das fam\u00edlias norte-americanas.<\/p>\n<p><strong>Resist\u00eancia nos EUA<\/strong><\/p>\n<p>Na pr\u00e1tica, o tarifa\u00e7o tamb\u00e9m eleva os custos para as empresas dos Estados Unidos, pressiona a infla\u00e7\u00e3o, reduz a competitividade e desorganiza cadeias que foram montadas ao longo de d\u00e9cadas em bases de integra\u00e7\u00e3o econ\u00f4mica. Por isso, a resist\u00eancia \u00e0 taxa\u00e7\u00e3o n\u00e3o \u00e9 apenas do governo brasileiro ou de entidades nacionais; representantes de setores americanos tamb\u00e9m advertiram para o risco de que o custo das tarifas recaia sobre os pr\u00f3prios EUA.<\/p>\n<p>A C\u00e2mara de Com\u00e9rcio americana falou em &#8220;consequ\u00eancias imprevistas&#8221; para a economia dos Estados Unidos; a coaliz\u00e3o We Pay the Tariffs foi ainda mais direta ao afirmar que &#8220;o custo recai com mais for\u00e7a sobre os americanos&#8221;; e at\u00e9 organiza\u00e7\u00f5es como a Public Citizen sa\u00edram em defesa do Pix e contestaram a tese de que a pol\u00edtica digital brasileira seria discriminat\u00f3ria contra empresas americanas.<\/p>\n<p>H\u00e1 uma profunda contradi\u00e7\u00e3o entre a l\u00f3gica protecionista de Trump e a din\u00e2mica complexa das cadeias integradas de produ\u00e7\u00e3o. Por isso, o governo brasileiro ainda tem esperan\u00e7a de convencer a Casa Branca de que punir o Brasil \u00e9, tamb\u00e9m, punir empresas e consumidores americanos que se beneficiam desse interc\u00e2mbio.<\/p>\n<p>O problema \u00e9 que esse eixo racional, econ\u00f4mico e empresarial talvez nem seja o dominante. O aspecto ideol\u00f3gico e pol\u00edtico-eleitoral \u00e9 que fragiliza a posi\u00e7\u00e3o brasileira. Formalmente, a investiga\u00e7\u00e3o da Se\u00e7\u00e3o 301 visa o com\u00e9rcio digital, os servi\u00e7os de pagamento eletr\u00f4nico, o combate \u00e0 corrup\u00e7\u00e3o, a defesa da propriedade intelectual, o etanol e desmatamento. Mas, na verdade, o tarifa\u00e7o n\u00e3o \u00e9 uma resposta comercial a supostas &#8220;pr\u00e1ticas desleais&#8221; do Brasil, mas um instrumento de press\u00e3o pol\u00edtica.<\/p>\n<p><em>Leia mais:<\/em>\u00a0<strong><a href=\"https:\/\/www.correiobraziliense.com.br\/opiniao\/2026\/07\/7456979-o-preco-da-interferencia.html\">O pre\u00e7o da interfer\u00eancia<\/a><\/strong><\/p>\n<p>Existe tamb\u00e9m um ingrediente subjacente, j\u00e1 revelado na troca de mensagens entre Fl\u00e1vio Bolsonaro e Marco Rubio: os grandes interesses em neg\u00f3cios da plutocracia que se forma em torno de Donald Trump, com tr\u00eas agendas priorit\u00e1rias: a ofensiva contra regula\u00e7\u00f5es sobre big techs, o ataque a sistemas p\u00fablicos que concorrem com empresas privadas \u2014 como o Pix \u2014 e o controle de fontes de mat\u00e9rias primas como as terras raras. Sem falar na solidariedade pol\u00edtica \u00e0 fam\u00edlia Bolsonaro, em sua guerra contra o STF e o governo Lula.<\/p>\n<p><strong>Nas entrelinhas<\/strong><em>: <\/em>todas as colunas diariamente no\u00a0<a href=\"https:\/\/blogs.correiobraziliense.com.br\/azedo\/\"><strong>Blog do Azedo<\/strong><\/a><\/p>\n","protected":false},"excerpt":{"rendered":"<p>Das empresas, entidade e pessoas f\u00edsicas dos EUA na audi\u00eancia sobre tarifas, 30 foram contra e 14 a favor; das 34 brasileiras, somente Fl\u00e1vio foi a favor O imbr\u00f3glio do tarifa\u00e7o dos Estados Unidos contra o Brasil \u00e9 mais do que um contencioso comercial, no qual os dois pa\u00edses negociam tarifas com base em interesses rec\u00edprocos. Como ficou evidente nessa [&hellip;]<\/p>\n","protected":false},"author":39,"featured_media":11511,"comment_status":"open","ping_status":"closed","sticky":false,"template":"","format":"standard","meta":{"footnotes":""},"categories":[1223,36,980,589,370,485,7,8,9,3],"tags":[130,2155,254,1879,58,10],"class_list":["post-11506","post","type-post","status-publish","format-standard","has-post-thumbnail","hentry","category-brasilia","category-economia","category-eleicoes-2","category-eua","category-exportacoes","category-imposto","category-justica","category-partidos","category-politica-2","category-politica","tag-bolsonaro","tag-empresas","tag-itamaraty","tag-tarifas","tag-trump","tag-lula"],"_links":{"self":[{"href":"https:\/\/blogs.correiobraziliense.com.br\/azedo\/wp-json\/wp\/v2\/posts\/11506","targetHints":{"allow":["GET"]}}],"collection":[{"href":"https:\/\/blogs.correiobraziliense.com.br\/azedo\/wp-json\/wp\/v2\/posts"}],"about":[{"href":"https:\/\/blogs.correiobraziliense.com.br\/azedo\/wp-json\/wp\/v2\/types\/post"}],"author":[{"embeddable":true,"href":"https:\/\/blogs.correiobraziliense.com.br\/azedo\/wp-json\/wp\/v2\/users\/39"}],"replies":[{"embeddable":true,"href":"https:\/\/blogs.correiobraziliense.com.br\/azedo\/wp-json\/wp\/v2\/comments?post=11506"}],"version-history":[{"count":2,"href":"https:\/\/blogs.correiobraziliense.com.br\/azedo\/wp-json\/wp\/v2\/posts\/11506\/revisions"}],"predecessor-version":[{"id":11512,"href":"https:\/\/blogs.correiobraziliense.com.br\/azedo\/wp-json\/wp\/v2\/posts\/11506\/revisions\/11512"}],"wp:featuredmedia":[{"embeddable":true,"href":"https:\/\/blogs.correiobraziliense.com.br\/azedo\/wp-json\/wp\/v2\/media\/11511"}],"wp:attachment":[{"href":"https:\/\/blogs.correiobraziliense.com.br\/azedo\/wp-json\/wp\/v2\/media?parent=11506"}],"wp:term":[{"taxonomy":"category","embeddable":true,"href":"https:\/\/blogs.correiobraziliense.com.br\/azedo\/wp-json\/wp\/v2\/categories?post=11506"},{"taxonomy":"post_tag","embeddable":true,"href":"https:\/\/blogs.correiobraziliense.com.br\/azedo\/wp-json\/wp\/v2\/tags?post=11506"}],"curies":[{"name":"wp","href":"https:\/\/api.w.org\/{rel}","templated":true}]}}