{"id":11502,"date":"2026-07-07T09:37:25","date_gmt":"2026-07-07T12:37:25","guid":{"rendered":"https:\/\/blogs.correiobraziliense.com.br\/azedo\/?p=11502"},"modified":"2026-07-07T09:37:25","modified_gmt":"2026-07-07T12:37:25","slug":"flavio-tenta-virar-o-jogo-do-tarifaco-mas-pode-aprofundar-seu-desgaste","status":"publish","type":"post","link":"https:\/\/blogs.correiobraziliense.com.br\/azedo\/flavio-tenta-virar-o-jogo-do-tarifaco-mas-pode-aprofundar-seu-desgaste\/","title":{"rendered":"Fl\u00e1vio tenta virar o jogo do tarifa\u00e7o, mas pode aprofundar seu desgaste"},"content":{"rendered":"<p><em><strong>Lula sentiu o cheiro de animal ferido na floresta. Trabalha para colar no cl\u00e3 Bolsonaro a responsabilidade pol\u00edtica pelo tarifa\u00e7o, ainda que a decis\u00e3o formal perten\u00e7a \u00e0 Casa Branca<\/strong><\/em><\/p>\n<p>As audi\u00eancias p\u00fablicas sobre o tarifa\u00e7o a ser aplicado \u00e0s exporta\u00e7\u00f5es brasileiras pelo presidente Donald Trump foram transformadas em palanque eleitoral pelo senador Fl\u00e1vio Bolsonaro (PL), candidato \u00e0 Presid\u00eancia da Rep\u00fablica, que tenta desfazer a imagem de que o bolsonarismo apoiou ou, no m\u00ednimo, estimulou as medidas da Casa Branca contra empresas brasileiras. O Itamaraty acompanha as audi\u00eancias, mas n\u00e3o participar\u00e1 formalmente, a n\u00e3o ser com observadores, porque privilegia as negocia\u00e7\u00f5es t\u00e9cnicas entre os dois governos, que atravessam um momento de turbul\u00eancia, mas n\u00e3o foram de todo interrompidas. Ou seja, n\u00e3o queimou os navios.<\/p>\n<p>Em Washington, ao mesmo tempo em que tenta se apresentar como defensor dos exportadores brasileiros, Fl\u00e1vio Bolsonaro precisa administrar o passivo pol\u00edtico acumulado por sua pr\u00f3pria fam\u00edlia nesse assunto. Seu irm\u00e3o, Eduardo Bolsonaro, hoje radicado nos Estados Unidos, e seu aliado Paulo Figueiredo, neto do ex-presidente Jo\u00e3o Figueiredo, foram defensores assumidos da linha de press\u00e3o de Trump contra o governo Lula e acabaram associados ao ambiente pol\u00edtico que favoreceu a escalada tarif\u00e1ria. Agora, com a crise comercial no centro da disputa presidencial, essas declara\u00e7\u00f5es v\u00eam sendo exumadas e usadas pelo Planalto contra Fl\u00e1vio Bolsonaro.<\/p>\n<p>A ida de Fl\u00e1vio \u00e0 audi\u00eancia p\u00fablica do Escrit\u00f3rio do Representante de Com\u00e9rcio dos Estados Unidos (USTR) foi desenhada como opera\u00e7\u00e3o de conten\u00e7\u00e3o de danos, mas pode se tornar uma armadilha pol\u00edtica. Seu objetivo \u00e9 n\u00e3o entrar na campanha de 2026 com a pecha de \u201ctraidor da p\u00e1tria\u201d, sendo correspons\u00e1vel por uma agress\u00e3o econ\u00f4mica a setores estrat\u00e9gicos do agroneg\u00f3cio, da ind\u00fastria e da pauta exportadora brasileira.<\/p>\n<p><em>Leia tamb\u00e9m<\/em>:\u00a0<a href=\"https:\/\/www.correiobraziliense.com.br\/mundo\/2026\/07\/7456265-o-que-esta-em-jogo-em-audiencia-de-investigacao-dos-eua-contra-o-brasil-em-que-flavio-bolsonaro-vai-falar.html\"><strong>O que est\u00e1 em jogo em audi\u00eancia de investiga\u00e7\u00e3o dos EUA contra o Brasil<\/strong><\/a><\/p>\n<p>A opera\u00e7\u00e3o do candidato de oposi\u00e7\u00e3o \u00e9 arriscada, porque, em vez de apagar o rastro anterior, pode reavivar a mem\u00f3ria das posi\u00e7\u00f5es adotadas pelo bolsonarismo ao longo do conflito com o governo Lula e refor\u00e7ar a acusa\u00e7\u00e3o de oportunismo. Fl\u00e1vio se enrolou ainda mais ao defender, na pr\u00e1tica, que a entrada em vigor das novas tarifas fosse adiada at\u00e9 depois das elei\u00e7\u00f5es brasileiras, sob o argumento de que a medida poderia favorecer politicamente o presidente Luiz In\u00e1cio Lula da Silva.<\/p>\n<p>A declara\u00e7\u00e3o foi politicamente desastrosa. Deslocou o debate do terreno econ\u00f4mico e diplom\u00e1tico para a disputa eleitoral, como se o problema central n\u00e3o fosse o impacto sobre empresas, empregos e exporta\u00e7\u00f5es, mas sim o efeito da sobretaxa no resultado da elei\u00e7\u00e3o presidencial. Deu para Lula o argumento de que Fl\u00e1vio n\u00e3o discute a legitimidade das tarifas nem a defesa do interesse nacional, mas apenas calibrar o calend\u00e1rio de implementa\u00e7\u00e3o das tarifas para n\u00e3o prejudicar sua elei\u00e7\u00e3o.<\/p>\n<p><strong>Foro de negocia\u00e7\u00e3o<\/strong><\/p>\n<p>Lula sentiu o cheiro de animal ferido na floresta. Trabalha para colar no cl\u00e3 Bolsonaro a responsabilidade pol\u00edtica pelo tarifa\u00e7o, ainda que a decis\u00e3o formal perten\u00e7a \u00e0 Casa Branca. A narrativa oficial \u00e9 a de que a investiga\u00e7\u00e3o comercial americana e a ret\u00f3rica punitiva contra o Brasil foram fomentadas pelo cl\u00e3 Bolsonaro por meio de seus interlocutores nos Estados Unidos.<\/p>\n<p><em>Leia mais:<\/em> <a href=\"https:\/\/www.correiobraziliense.com.br\/politica\/2026\/07\/7456178-veja-por-que-carta-do-itamaraty-cita-risco-de-acao-militar-dos-eua.html\"><strong>Carta do Itamaraty cita risco de a\u00e7\u00e3o militar dos EUA<\/strong><\/a><\/p>\n<p>O ministro do Desenvolvimento, M\u00e1rcio Elias Rosa, n\u00e3o tirou por menos. Disse que a ida de Fl\u00e1vio \u00e0 audi\u00eancia \u00e9 \u201cineficaz\u201d e \u201cpouco sincera\u201d. A cr\u00edtica resume a percep\u00e7\u00e3o do governo. A audi\u00eancia virou extens\u00e3o da campanha presidencial, para demonstrar ao empresariado e ao eleitor conservador brasileiros que Bolsonaro 01 tem tr\u00e2nsito em Washington e capacidade de interlocu\u00e7\u00e3o com a direita americana. Busca ser uma ponte privilegiada com o trumpismo, para transformar em ativo aquilo que, at\u00e9 aqui, tornou-se passivo eleitoral: a afinidade ideol\u00f3gica da fam\u00edlia com o governo dos EUA.<\/p>\n<p>Para Lula, a crise oferece uma clivagem favor\u00e1vel ao governo. Em vez de se limitar ao embate ideol\u00f3gico cl\u00e1ssico entre petismo e bolsonarismo, o Planalto tenta reposicionar a discuss\u00e3o em termos de soberania econ\u00f4mica e defesa do interesse nacional. O bolsonarismo deixa de ser apenas advers\u00e1rio interno e passa a ser retratado como for\u00e7a disposta a tolerar \u2014 ou at\u00e9 estimular \u2014 medidas de um governo estrangeiro contra empresas e trabalhadores brasileiros, desde que isso enfraque\u00e7a o Pal\u00e1cio do Planalto.<\/p>\n<p>Esse ataque alcan\u00e7a segmentos refrat\u00e1rios \u00e0 reelei\u00e7\u00e3o de Lula do agro e da ind\u00fastria que t\u00eam peso regional, influ\u00eancia pol\u00edtica e avers\u00e3o a aventuras que atinjam seus neg\u00f3cios. Mas a outra dimens\u00e3o do problema, mais importante, \u00e9 a negocia\u00e7\u00e3o t\u00e9cnica, que est\u00e1 sendo atropelada pelo debate eleitoral. O Itamaraty e o Minist\u00e9rio do Desenvolvimento sustentam que o espa\u00e7o real de negocia\u00e7\u00e3o n\u00e3o \u00e9 a audi\u00eancia p\u00fablica, mas as conversas bilaterais e reservadas mantidas com a administra\u00e7\u00e3o americana.<\/p>\n<p>A op\u00e7\u00e3o do governo brasileiro de n\u00e3o participar formalmente das audi\u00eancias, enviando apenas observadores, decorre dessa avalia\u00e7\u00e3o. As sess\u00f5es do USTR servem para ouvir importadores, exportadores, associa\u00e7\u00f5es setoriais, consultorias e representantes empresariais. Mas n\u00e3o s\u00e3o o foro de um acordo entre os governos. A aposta do Itamaraty brasileira \u00e9 demonstrar, nas tratativas t\u00e9cnicas, que a rela\u00e7\u00e3o comercial com os Estados Unidos n\u00e3o se enquadra na l\u00f3gica punitiva sugerida pelo USTR e que o tarifa\u00e7o, al\u00e9m de politicamente contaminado, \u00e9 economicamente contraproducente para os pr\u00f3prios Estados Unidos, que tem superavit comercial com o Brasil.<\/p>\n<p><strong>Nas entrelinhas<\/strong><em>: <\/em>todas as colunas diariamente no\u00a0<a href=\"https:\/\/blogs.correiobraziliense.com.br\/azedo\/\"><strong>Blog do Azedo<\/strong><\/a><\/p>\n<p>&nbsp;<\/p>\n","protected":false},"excerpt":{"rendered":"<p>Lula sentiu o cheiro de animal ferido na floresta. Trabalha para colar no cl\u00e3 Bolsonaro a responsabilidade pol\u00edtica pelo tarifa\u00e7o, ainda que a decis\u00e3o formal perten\u00e7a \u00e0 Casa Branca As audi\u00eancias p\u00fablicas sobre o tarifa\u00e7o a ser aplicado \u00e0s exporta\u00e7\u00f5es brasileiras pelo presidente Donald Trump foram transformadas em palanque eleitoral pelo senador Fl\u00e1vio Bolsonaro (PL), candidato \u00e0 Presid\u00eancia da Rep\u00fablica, [&hellip;]<\/p>\n","protected":false},"author":39,"featured_media":11507,"comment_status":"open","ping_status":"closed","sticky":false,"template":"","format":"standard","meta":{"footnotes":""},"categories":[1223,36,980,589,370,4,485,369,7,972,8,9,3],"tags":[361,1733,254,1911,58,10],"class_list":["post-11502","post","type-post","status-publish","format-standard","has-post-thumbnail","hentry","category-brasilia","category-economia","category-eleicoes-2","category-eua","category-exportacoes","category-governo","category-imposto","category-itamaraty","category-justica","category-memoria","category-partidos","category-politica-2","category-politica","tag-exportacoes","tag-flavio","tag-itamaraty","tag-tarifaco","tag-trump","tag-lula"],"_links":{"self":[{"href":"https:\/\/blogs.correiobraziliense.com.br\/azedo\/wp-json\/wp\/v2\/posts\/11502","targetHints":{"allow":["GET"]}}],"collection":[{"href":"https:\/\/blogs.correiobraziliense.com.br\/azedo\/wp-json\/wp\/v2\/posts"}],"about":[{"href":"https:\/\/blogs.correiobraziliense.com.br\/azedo\/wp-json\/wp\/v2\/types\/post"}],"author":[{"embeddable":true,"href":"https:\/\/blogs.correiobraziliense.com.br\/azedo\/wp-json\/wp\/v2\/users\/39"}],"replies":[{"embeddable":true,"href":"https:\/\/blogs.correiobraziliense.com.br\/azedo\/wp-json\/wp\/v2\/comments?post=11502"}],"version-history":[{"count":2,"href":"https:\/\/blogs.correiobraziliense.com.br\/azedo\/wp-json\/wp\/v2\/posts\/11502\/revisions"}],"predecessor-version":[{"id":11508,"href":"https:\/\/blogs.correiobraziliense.com.br\/azedo\/wp-json\/wp\/v2\/posts\/11502\/revisions\/11508"}],"wp:featuredmedia":[{"embeddable":true,"href":"https:\/\/blogs.correiobraziliense.com.br\/azedo\/wp-json\/wp\/v2\/media\/11507"}],"wp:attachment":[{"href":"https:\/\/blogs.correiobraziliense.com.br\/azedo\/wp-json\/wp\/v2\/media?parent=11502"}],"wp:term":[{"taxonomy":"category","embeddable":true,"href":"https:\/\/blogs.correiobraziliense.com.br\/azedo\/wp-json\/wp\/v2\/categories?post=11502"},{"taxonomy":"post_tag","embeddable":true,"href":"https:\/\/blogs.correiobraziliense.com.br\/azedo\/wp-json\/wp\/v2\/tags?post=11502"}],"curies":[{"name":"wp","href":"https:\/\/api.w.org\/{rel}","templated":true}]}}