{"id":11489,"date":"2026-07-03T08:01:36","date_gmt":"2026-07-03T11:01:36","guid":{"rendered":"https:\/\/blogs.correiobraziliense.com.br\/azedo\/?p=11489"},"modified":"2026-07-03T08:01:56","modified_gmt":"2026-07-03T11:01:56","slug":"carta-de-flavio-a-trump-e-tiro-no-pe-que-favorece-lula","status":"publish","type":"post","link":"https:\/\/blogs.correiobraziliense.com.br\/azedo\/carta-de-flavio-a-trump-e-tiro-no-pe-que-favorece-lula\/","title":{"rendered":"Carta de Fl\u00e1vio a Trump \u00e9 tiro no p\u00e9 que favorece Lula"},"content":{"rendered":"<p><em><strong>Ao pedir apenas o adiamento da puni\u00e7\u00e3o, e n\u00e3o sua imediata revoga\u00e7\u00e3o, Fl\u00e1vio legitima a san\u00e7\u00e3o norte-americana. Passa a mensagem de que o tarifa\u00e7o pode ser aceit\u00e1vel<\/strong><\/em><\/p>\n<p>A carta enviada por Fl\u00e1vio Bolsonaro a Donald Trump, pedindo o adiamento por 180 dias do tarifa\u00e7o contra produtos brasileiros, eleitoralmente \u00e9 um tiro no pr\u00f3prio p\u00e9 para o pr\u00e9-candidato do PL, al\u00e9m de muito t\u00f3xica para as negocia\u00e7\u00f5es diplom\u00e1ticas do Brasil com a Casa Branca. O senador atropelou a linha de negocia\u00e7\u00e3o conduzida pelo Itamaraty e pelo Minist\u00e9rio do Desenvolvimento, Ind\u00fastria, Com\u00e9rcio e Servi\u00e7os (MDIC), deslocou o contencioso do terreno t\u00e9cnico para o palanque eleitoral e mostrou falta de coes\u00e3o pol\u00edtica do pa\u00eds na defesa dos interesses brasileiros que est\u00e3o em jogo.<\/p>\n<p>O candidato de oposi\u00e7\u00e3o entregou ao presidente Luiz In\u00e1cio Lula da Silva, de bandeja, a bandeira da soberania na campanha eleitoral. Repetiu o mesmo equ\u00edvoco de seu irm\u00e3o Eduardo, que vive nos Estados Unidos e comemorou o tarifa\u00e7o como se fosse uma grande vit\u00f3ria da oposi\u00e7\u00e3o. Deu errado. Lula estancou a queda e voltou a subir nas pesquisas eleitorais. Em vez de enfraquecer o governo, a carta de Fl\u00e1vio refor\u00e7a a narrativa oficial de que a fam\u00edlia Bolsonaro atua para internacionalizar a crise pol\u00edtica brasileira e instrumentalizar interesses externos contra o pr\u00f3prio pa\u00eds.<\/p>\n<p><em>Leia tamb\u00e9m:<\/em><a href=\"https:\/\/www.correiobraziliense.com.br\/economia\/2026\/07\/7454130-tarifaco-dos-eua-entra-no-centro-da-disputa-eleitoral-no-brasil.html\"><strong>\u00a0Tarifa\u00e7o dos EUA entra no centro da disputa eleitoral no Brasil<\/strong><\/a><\/p>\n<p>Mas a crise tarif\u00e1ria com os EUA tem bases mais objetivas do que eleitorais. Nasce de um contencioso comercial complexo, decorrente da disputa comercial com a China e da reestrutura\u00e7\u00e3o das cadeias globais de valor. Os Estados Unidos conclu\u00edram, em junho, a investiga\u00e7\u00e3o aberta com base na Se\u00e7\u00e3o 301 da Lei de Com\u00e9rcio de 1974, mecanismo que permite a Washington retaliar parceiros quando considera que eles adotam pr\u00e1ticas comerciais &#8220;desleais&#8221; ou &#8220;desarrazoadas&#8221;.<\/p>\n<p>No caso brasileiro, o USTR (Escrit\u00f3rio do Representante Comercial dos Estados Unidos) reuniu no mesmo balaio com\u00e9rcio digital e o funcionamento do Pix; decis\u00f5es judiciais envolvendo plataformas digitais; tarifas preferenciais no \u00e2mbito do Mercosul e de acordos com \u00cdndia e M\u00e9xico; acesso ao mercado de etanol; propriedade intelectual; combate \u00e0 corrup\u00e7\u00e3o; e desmatamento ilegal. O governo brasileiro reagiu com prud\u00eancia. Um documento de 29 p\u00e1ginas, assinado pelo chanceler Mauro Vieira, tecnicamente, rebate ponto a ponto as acusa\u00e7\u00f5es norte-americanas e sustenta que boa parte da agenda levantada por Washington n\u00e3o diz respeito a com\u00e9rcio, mas a op\u00e7\u00f5es regulat\u00f3rias, institucionais e soberanas do Estado brasileiro.<\/p>\n<p>Na verdade, a negocia\u00e7\u00e3o conduzida pelo Itamaraty n\u00e3o se limita a uma briga tarif\u00e1ria, questiona o alcance da Se\u00e7\u00e3o 301 e o direito de os Estados Unidos transformarem diverg\u00eancias em mat\u00e9ria de pol\u00edtica interna brasileira, como a regula\u00e7\u00e3o de plataformas, a estrutura do Pix, decis\u00f5es do STF e o combate ao desmatamento, em raz\u00f5es para san\u00e7\u00f5es econ\u00f4micas. O Brasil, nas conversas com a Casa Branca, tenta isolar os lit\u00edgios comerciais das disputas pol\u00edticas e ideol\u00f3gicas. Ou seja, defende uma pol\u00edtica de Estado. Sua atua\u00e7\u00e3o \u00e9 institucional e preserva canais de di\u00e1logo, ao discutir cada item da pauta em bases t\u00e9cnicas e evitar a contamina\u00e7\u00e3o pela polariza\u00e7\u00e3o eleitoral.<\/p>\n<p><strong>Implos\u00e3o diplom\u00e1tica<\/strong><\/p>\n<p>Nesse sentido, a carta de Fl\u00e1vio implode o esfor\u00e7o diplom\u00e1tico brasileiro. O senador pede que as tarifas n\u00e3o sejam aplicadas agora, mas s\u00f3 depois das elei\u00e7\u00f5es presidenciais. Ou seja: em vez de afirmar que as tarifas s\u00e3o injustas, indevidas ou lesivas ao interesse bilateral, ele argumenta que a sua ado\u00e7\u00e3o imediata poderia beneficiar Lula politicamente. A ess\u00eancia do apelo \u00e9 eleitoral, n\u00e3o comercial. &#8220;As tarifas propostas entregariam ao atual governo brasileiro precisamente a vit\u00f3ria pol\u00edtica que ele vem arquitetando&#8221;, escreveu para sustentar que a medida &#8220;recompensaria o atual governo brasileiro&#8221;.<\/p>\n<p>Ao pedir apenas o adiamento da puni\u00e7\u00e3o, e n\u00e3o sua imediata revoga\u00e7\u00e3o, Fl\u00e1vio legitima a san\u00e7\u00e3o norte-americana. Esse \u00e9 o &#8220;xis&#8221; do problema. Passa a mensagem de que o tarifa\u00e7o pode ser aceit\u00e1vel \u2014 desde que aplicado num momento politicamente conveniente \u00e0 oposi\u00e7\u00e3o. Ou seja, tira o tapete da diplomacia brasileira, quando o Itamaraty tenta convencer Washington de que a escalada tarif\u00e1ria \u00e9 inadequada, desproporcional e fundada em premissas equivocadas.<\/p>\n<p><em>Leia mais:<\/em>\u00a0<a href=\"https:\/\/www.correiobraziliense.com.br\/mundo\/2026\/07\/7454012-o-que-flavio-prometeu-a-trump-caso-seja-eleito-sobre-pix-mercosul-e-redes-sociais.html\"><strong>O que Fl\u00e1vio prometeu a Trump caso seja eleito sobre Pix, Mercosul e redes sociais\u00a0<\/strong><\/a><\/p>\n<p>Fl\u00e1vio sinalizou aos norte-americanos que o problema n\u00e3o \u00e9 o m\u00e9rito da retalia\u00e7\u00e3o, mas o seu timing eleitoral. A carta, assim, enfraquece a tese brasileira de que a medida \u00e9 injustific\u00e1vel e refor\u00e7a a percep\u00e7\u00e3o de que o lit\u00edgio comercial virou pe\u00e7a de uma disputa interna pelo poder. De certa forma, Lula percebeu a oportunidade e subiu o tom contra seu advers\u00e1rio.<\/p>\n<p>&#8220;Pedir que o tarifa\u00e7o contra o nosso pa\u00eds seja adiado para depois das elei\u00e7\u00f5es \u00e9 mais uma atitude de traidores da P\u00e1tria. Nunca houve e n\u00e3o h\u00e1 qualquer justificativa para tarifa\u00e7o, agora ou depois&#8221;, escreveu nas redes sociais.<\/p>\n<p>Classificou a carta como &#8220;inaceit\u00e1vel&#8221; e criticou o &#8220;entreguismo&#8221; da fam\u00edlia Bolsonaro, ao afirmar que o cl\u00e3 quer submeter o Brasil a interesses norte-americanos. Ao conectar a carta ao Pix e ao Mercosul, Lula transformou o epis\u00f3dio numa pe\u00e7a de campanha sobre soberania, desenvolvimento e defesa do interesse nacional. O presidente vinha &#8220;jogando parado&#8221;, ao valorizar a liturgia do cargo, administrar a m\u00e1quina p\u00fablica e evitar antecipar o embate central de 2026.<\/p>\n<p>A carta de Fl\u00e1vio ofereceu um atalho para Lula ocupar o terreno do nacionalismo econ\u00f4mico sem abdicar do cosmopolitismo e do multilateralismo. Pode ser que um objetivo subjacente do filho 01 de Jair Bolsonaro tenha sido mudar a agenda de sua campanha da crise com Michele Bolsonaro para a pol\u00edtica externa. Por\u00e9m, na pr\u00e1tica, deu ao presidente a possibilidade de falar como defensor da p\u00e1tria.<\/p>\n<p><strong>Nas entrelinhas<\/strong><em>: todas as colunas diariamente no<\/em>\u00a0<a href=\"https:\/\/blogs.correiobraziliense.com.br\/azedo\/\"><strong>Blog do Azedo<\/strong><\/a><\/p>\n","protected":false},"excerpt":{"rendered":"<p>Ao pedir apenas o adiamento da puni\u00e7\u00e3o, e n\u00e3o sua imediata revoga\u00e7\u00e3o, Fl\u00e1vio legitima a san\u00e7\u00e3o norte-americana. Passa a mensagem de que o tarifa\u00e7o pode ser aceit\u00e1vel A carta enviada por Fl\u00e1vio Bolsonaro a Donald Trump, pedindo o adiamento por 180 dias do tarifa\u00e7o contra produtos brasileiros, eleitoralmente \u00e9 um tiro no pr\u00f3prio p\u00e9 para o pr\u00e9-candidato do PL, al\u00e9m [&hellip;]<\/p>\n","protected":false},"author":39,"featured_media":11495,"comment_status":"open","ping_status":"closed","sticky":false,"template":"","format":"standard","meta":{"footnotes":""},"categories":[1223,677,36,980,589,370,4,7,972,8,9,3,894,44],"tags":[1733,789,1911,58,10],"class_list":["post-11489","post","type-post","status-publish","format-standard","has-post-thumbnail","hentry","category-brasilia","category-comunicacao","category-economia","category-eleicoes-2","category-eua","category-exportacoes","category-governo","category-justica","category-memoria","category-partidos","category-politica-2","category-politica","category-tecnologia","category-terrorismo","tag-flavio","tag-michele","tag-tarifaco","tag-trump","tag-lula"],"_links":{"self":[{"href":"https:\/\/blogs.correiobraziliense.com.br\/azedo\/wp-json\/wp\/v2\/posts\/11489","targetHints":{"allow":["GET"]}}],"collection":[{"href":"https:\/\/blogs.correiobraziliense.com.br\/azedo\/wp-json\/wp\/v2\/posts"}],"about":[{"href":"https:\/\/blogs.correiobraziliense.com.br\/azedo\/wp-json\/wp\/v2\/types\/post"}],"author":[{"embeddable":true,"href":"https:\/\/blogs.correiobraziliense.com.br\/azedo\/wp-json\/wp\/v2\/users\/39"}],"replies":[{"embeddable":true,"href":"https:\/\/blogs.correiobraziliense.com.br\/azedo\/wp-json\/wp\/v2\/comments?post=11489"}],"version-history":[{"count":2,"href":"https:\/\/blogs.correiobraziliense.com.br\/azedo\/wp-json\/wp\/v2\/posts\/11489\/revisions"}],"predecessor-version":[{"id":11496,"href":"https:\/\/blogs.correiobraziliense.com.br\/azedo\/wp-json\/wp\/v2\/posts\/11489\/revisions\/11496"}],"wp:featuredmedia":[{"embeddable":true,"href":"https:\/\/blogs.correiobraziliense.com.br\/azedo\/wp-json\/wp\/v2\/media\/11495"}],"wp:attachment":[{"href":"https:\/\/blogs.correiobraziliense.com.br\/azedo\/wp-json\/wp\/v2\/media?parent=11489"}],"wp:term":[{"taxonomy":"category","embeddable":true,"href":"https:\/\/blogs.correiobraziliense.com.br\/azedo\/wp-json\/wp\/v2\/categories?post=11489"},{"taxonomy":"post_tag","embeddable":true,"href":"https:\/\/blogs.correiobraziliense.com.br\/azedo\/wp-json\/wp\/v2\/tags?post=11489"}],"curies":[{"name":"wp","href":"https:\/\/api.w.org\/{rel}","templated":true}]}}