{"id":11485,"date":"2026-07-02T08:43:14","date_gmt":"2026-07-02T11:43:14","guid":{"rendered":"https:\/\/blogs.correiobraziliense.com.br\/azedo\/?p=11485"},"modified":"2026-07-02T08:43:37","modified_gmt":"2026-07-02T11:43:37","slug":"trump-inicia-combate-a-lavagem-de-dinheiro-do-pcc-nos-eua","status":"publish","type":"post","link":"https:\/\/blogs.correiobraziliense.com.br\/azedo\/trump-inicia-combate-a-lavagem-de-dinheiro-do-pcc-nos-eua\/","title":{"rendered":"Trump inicia combate \u00e0 lavagem de dinheiro do PCC nos EUA"},"content":{"rendered":"<p><strong><em>A\u00e7\u00e3o permanece circunscrita \u00e0 jurisdi\u00e7\u00e3o norte-americana e ao combate \u00e0 lavagem de dinheiro no plano jur\u00eddico. Entretanto, seu significado pol\u00edtico \u00e9 muito maior<\/em><\/strong><\/p>\n<p>A decis\u00e3o de o governo Donald Trump classificar o Primeiro Comando da Capital (PCC) e o Comando Vermelho (CV) como organiza\u00e7\u00f5es terroristas estrangeiras deixou de ser uma declara\u00e7\u00e3o pol\u00edtica para se transformar em efetiva a\u00e7\u00e3o de Estado. As san\u00e7\u00f5es anunciadas nesta semana pelo Departamento do Tesouro contra brasileiros e empresas acusados de integrar uma rede de lavagem de dinheiro ligada ao PCC representam um novo patamar na nova estrat\u00e9gia americana ao combate ao narcotr\u00e1fico.<\/p>\n<p>Ontem, foram sancionados os brasileiros Victor Henrique de Oliveira Shimada e Stella Stefanie Nunes Henrique de Oliveira, bem como as empresas Victory Trading Intermedia\u00e7\u00e3o de Neg\u00f3cios Cobran\u00e7as e Tecnologia Ltda; Pixwave Solu\u00e7\u00f5es de Pagamentos Ltda; Wave Constru\u00e7\u00f5es Inteligentes Ltda; e Avenidas Flutuantes Unipessoal Lda (de Portugal) \u2014 todos acusados de movimentar de recursos provenientes do narcotr\u00e1fico dentro do sistema financeiro americano.<\/p>\n<p>Segundo o Tesouro dos Estados Unidos, Victor Shimada teria atuado como elo entre operadores do PCC na Fl\u00f3rida e traficantes internacionais, lavando mais de US$ 30 milh\u00f5es mediante o uso de criptomoedas. As san\u00e7\u00f5es bloqueiam bens, pro\u00edbem transa\u00e7\u00f5es financeiras e exp\u00f5em institui\u00e7\u00f5es que eventualmente mantenham rela\u00e7\u00f5es comerciais com os sancionados ao risco de puni\u00e7\u00f5es secund\u00e1rias.<\/p>\n<p>A a\u00e7\u00e3o permanece circunscrita \u00e0 jurisdi\u00e7\u00e3o norte-americana e ao combate \u00e0 lavagem de dinheiro no plano jur\u00eddico. Entretanto, seu significado pol\u00edtico \u00e9 muito maior. Ao classificar PCC e CV como organiza\u00e7\u00f5es terroristas, Washington passa a utilizar contra o narcotr\u00e1fico brasileiro instrumentos originalmente concebidos para o enfrentamento do terrorismo internacional: san\u00e7\u00f5es financeiras, coopera\u00e7\u00e3o internacional de intelig\u00eancia, compartilhamento de informa\u00e7\u00f5es e bloqueio de ativos.<\/p>\n<p><em>Leia tamb\u00e9m:<\/em>\u00a0<a href=\"https:\/\/www.correiobraziliense.com.br\/politica\/2026\/07\/7452843-eua-sancionam-empresas-e-brasileiros-por-suposta-ligacao-com-o-pcc.html\"><strong>EUA alegam liga\u00e7\u00e3o com o PCC e sancionam empresas e brasileiros<\/strong><\/a><\/p>\n<p>Esse \u00e9 um novo paradigma para a rela\u00e7\u00e3o entre EUA e Brasil na \u00e1rea de seguran\u00e7a p\u00fablica. Essa mudan\u00e7a n\u00e3o \u00e9 acidental. Trump construiu boa parte de sua pol\u00edtica externa a partir da associa\u00e7\u00e3o entre imigra\u00e7\u00e3o ilegal, narcotr\u00e1fico e seguran\u00e7a nacional. Seu governo j\u00e1 havia endurecido a pol\u00edtica contra cart\u00e9is mexicanos e organiza\u00e7\u00f5es criminosas transnacionais. Agora, essa l\u00f3gica alcan\u00e7a as fac\u00e7\u00f5es brasileiras, que h\u00e1 anos expandem sua atua\u00e7\u00e3o para Paraguai, Bol\u00edvia, Peru, Col\u00f4mbia, Venezuela, Europa e Estados Unidos.<\/p>\n<p>\u00c9 a presen\u00e7a crescente dessas organiza\u00e7\u00f5es em territ\u00f3rio norte-americano que fundamenta a narrativa de Washington, ao classificar a quest\u00e3o n\u00e3o apenas como um problema brasileiro, por\u00e9m, como amea\u00e7a direta \u00e0 seguran\u00e7a nacional dos EUA. Nesse aspecto, o secret\u00e1rio de Estado, Marco Rubio, desempenha papel estrat\u00e9gico. Conhecido por posi\u00e7\u00f5es duras contra a esquerda latino-americana e defensor hist\u00f3rico do endurecimento das pol\u00edticas de seguran\u00e7a, prop\u00f5e que o combate ao crime organizado deve ser uma prioridade da pol\u00edtica externa americana.<\/p>\n<p><strong>Ponto fraco<\/strong><\/p>\n<p>A interlocu\u00e7\u00e3o de Rubio com o senador Fl\u00e1vio Bolsonaro (PL-RJ), pr\u00e9-candidato \u00e0 Presid\u00eancia, e lideran\u00e7as conservadoras brasileiras, desnuda a converg\u00eancia ideol\u00f3gica em torno da pauta da seguran\u00e7a p\u00fablica entre a Casa Branca e a oposi\u00e7\u00e3o brasileira. Isso n\u00e3o significa coordena\u00e7\u00e3o institucional, at\u00e9 porque existe coopera\u00e7\u00e3o entre a Pol\u00edcia Federal e as ag\u00eancias de seguran\u00e7a norte-americanas, mas em se tratando de terrorismo a agenda passa para a esfera da Ag\u00eancia Central de Intelig\u00eancia (CIA) norte-americana.<\/p>\n<p>A seguran\u00e7a p\u00fablica est\u00e1 entre as principais preocupa\u00e7\u00f5es da popula\u00e7\u00e3o brasileira. Pesquisas recentes mostram que aproximadamente 60% dos brasileiros concordam com a classifica\u00e7\u00e3o de PCC e CV como organiza\u00e7\u00f5es terroristas, embora rejeitem majoritariamente qualquer interven\u00e7\u00e3o militar norte-americana direta no pa\u00eds. Tamb\u00e9m h\u00e1 divis\u00e3o quanto \u00e0 decis\u00e3o dos EUA em si. A opini\u00e3o p\u00fablica apoia o endurecimento contra as fac\u00e7\u00f5es, mas n\u00e3o abdica da soberania nacional.<\/p>\n<p>Esse \u00e9 o cen\u00e1rio que desafia o presidente Luiz In\u00e1cio Lula da Silva nas elei\u00e7\u00f5es. O governo brasileiro sustenta, com fundamento na legisla\u00e7\u00e3o nacional, que PCC e CV n\u00e3o se enquadram na defini\u00e7\u00e3o jur\u00eddica de terrorismo, pois atuam predominantemente por motiva\u00e7\u00e3o econ\u00f4mica e n\u00e3o pol\u00edtica, ideol\u00f3gica ou religiosa. Essa interpreta\u00e7\u00e3o \u00e9 consistente com a Lei Antiterrorismo brasileira e vem sendo reiterada pelas autoridades federais, mas tem alcance jur\u00eddico e n\u00e3o pol\u00edtico-eleitoral.<\/p>\n<p>Ao assumir protagonismo no combate \u00e0s fac\u00e7\u00f5es brasileiras, Trump desloca o debate para um ponto fraco do governo Lula: a percep\u00e7\u00e3o da popula\u00e7\u00e3o de que n\u00e3o h\u00e1 efic\u00e1cia no enfrentamento do narcotr\u00e1fico, que amplia seu controle territorial na maioria das cidades brasileiras. Ou seja, deixa o Pal\u00e1cio do Planalto numa posi\u00e7\u00e3o defensiva.<\/p>\n<p><em>Leia mais:<\/em>\u00a0<strong><a href=\"https:\/\/www.correiobraziliense.com.br\/brasil\/2026\/07\/7453351-gaeco-de-sc-faz-maior-operacao-da-historia-com-151-prisoes-para-frear-pcc.html\">Gaeco de SC faz &#8216;&#8221;maior opera\u00e7\u00e3o da hist\u00f3ria&#8221; com 151 pris\u00f5es para frear PCC<\/a><\/strong><\/p>\n<p>Ao contr\u00e1rio do que acontece com &#8220;tarifa\u00e7o&#8221;, visto como uma agress\u00e3o \u00e0 soberania nacional, as cr\u00edticas de Lula \u00e0 decis\u00e3o norte-americana abrem espa\u00e7o para que a oposi\u00e7\u00e3o o acuse de n\u00e3o combater o PCC e o CV como deveria. A a\u00e7\u00e3o de Washington tamb\u00e9m ocorre num momento de reorganiza\u00e7\u00e3o da geopol\u00edtica na Am\u00e9rica do Sul, com a elei\u00e7\u00e3o de governos de direita parceiros de Trump, que tamb\u00e9m defendem medidas extremas contra a criminalidade.<\/p>\n<p><strong>Nas entrelinhas<\/strong><em>: todas as colunas diariamente no<\/em>\u00a0<a href=\"https:\/\/blogs.correiobraziliense.com.br\/azedo\/\"><strong>Blog do Azedo<\/strong><\/a><\/p>\n","protected":false},"excerpt":{"rendered":"<p>A\u00e7\u00e3o permanece circunscrita \u00e0 jurisdi\u00e7\u00e3o norte-americana e ao combate \u00e0 lavagem de dinheiro no plano jur\u00eddico. Entretanto, seu significado pol\u00edtico \u00e9 muito maior A decis\u00e3o de o governo Donald Trump classificar o Primeiro Comando da Capital (PCC) e o Comando Vermelho (CV) como organiza\u00e7\u00f5es terroristas estrangeiras deixou de ser uma declara\u00e7\u00e3o pol\u00edtica para se transformar em efetiva a\u00e7\u00e3o de Estado. [&hellip;]<\/p>\n","protected":false},"author":39,"featured_media":11491,"comment_status":"open","ping_status":"closed","sticky":false,"template":"","format":"standard","meta":{"footnotes":""},"categories":[562,1223,176,1743,36,980,589,1950,4,164,7,1878,1907,8,1114,9,3,80,894,44,1412,187],"tags":[2151,1733,2034,2150,58,10],"class_list":["post-11485","post","type-post","status-publish","format-standard","has-post-thumbnail","hentry","category-bolivia","category-brasilia","category-cidades","category-colombia","category-economia","category-eleicoes-2","category-eua","category-geografia","category-governo","category-guerra","category-justica","category-mexico","category-paraguai","category-partidos","category-peru","category-politica-2","category-politica","category-seguranca","category-tecnologia","category-terrorismo","category-uruguai","category-venezuela","tag-criptomoedas","tag-flavio","tag-narcotrafico","tag-shimada","tag-trump","tag-lula"],"_links":{"self":[{"href":"https:\/\/blogs.correiobraziliense.com.br\/azedo\/wp-json\/wp\/v2\/posts\/11485","targetHints":{"allow":["GET"]}}],"collection":[{"href":"https:\/\/blogs.correiobraziliense.com.br\/azedo\/wp-json\/wp\/v2\/posts"}],"about":[{"href":"https:\/\/blogs.correiobraziliense.com.br\/azedo\/wp-json\/wp\/v2\/types\/post"}],"author":[{"embeddable":true,"href":"https:\/\/blogs.correiobraziliense.com.br\/azedo\/wp-json\/wp\/v2\/users\/39"}],"replies":[{"embeddable":true,"href":"https:\/\/blogs.correiobraziliense.com.br\/azedo\/wp-json\/wp\/v2\/comments?post=11485"}],"version-history":[{"count":3,"href":"https:\/\/blogs.correiobraziliense.com.br\/azedo\/wp-json\/wp\/v2\/posts\/11485\/revisions"}],"predecessor-version":[{"id":11492,"href":"https:\/\/blogs.correiobraziliense.com.br\/azedo\/wp-json\/wp\/v2\/posts\/11485\/revisions\/11492"}],"wp:featuredmedia":[{"embeddable":true,"href":"https:\/\/blogs.correiobraziliense.com.br\/azedo\/wp-json\/wp\/v2\/media\/11491"}],"wp:attachment":[{"href":"https:\/\/blogs.correiobraziliense.com.br\/azedo\/wp-json\/wp\/v2\/media?parent=11485"}],"wp:term":[{"taxonomy":"category","embeddable":true,"href":"https:\/\/blogs.correiobraziliense.com.br\/azedo\/wp-json\/wp\/v2\/categories?post=11485"},{"taxonomy":"post_tag","embeddable":true,"href":"https:\/\/blogs.correiobraziliense.com.br\/azedo\/wp-json\/wp\/v2\/tags?post=11485"}],"curies":[{"name":"wp","href":"https:\/\/api.w.org\/{rel}","templated":true}]}}