{"id":11481,"date":"2026-07-01T08:15:17","date_gmt":"2026-07-01T11:15:17","guid":{"rendered":"https:\/\/blogs.correiobraziliense.com.br\/azedo\/?p=11481"},"modified":"2026-07-01T08:16:11","modified_gmt":"2026-07-01T11:16:11","slug":"temporada-de-busca-do-vice-ideal-comeca-com-dobradinha-caiado-e-kassab","status":"publish","type":"post","link":"https:\/\/blogs.correiobraziliense.com.br\/azedo\/temporada-de-busca-do-vice-ideal-comeca-com-dobradinha-caiado-e-kassab\/","title":{"rendered":"Temporada de busca do vice ideal come\u00e7a com dobradinha Caiado e Kassab"},"content":{"rendered":"<p><em><strong>Riscos jur\u00eddicos e passivos podem transformar a pe\u00e7a que deveria agregar em problema: investiga\u00e7\u00f5es, processos ou esc\u00e2ndalos potencializam a necessidade de substitui\u00e7\u00e3o do vice<\/strong><\/em><\/p>\n<p>A escolha do vice tem se revelado um dos n\u00f3s mais espinhosos da atual pr\u00e9-campanha, porque combina necessidades de costura partid\u00e1ria, c\u00e1lculo eleitoral e gest\u00e3o de riscos. Hoje, quem sai na frente \u00e9 Ronaldo Caiado, pr\u00e9-candidato do PSD, com a indica\u00e7\u00e3o de Gilberto Kassab como vice. A antecipa\u00e7\u00e3o da decis\u00e3o tem muito a ver com as dificuldades enfrentadas pelo ex-governador de Goi\u00e1s, cuja campanha est\u00e1 estagnada.<\/p>\n<p>A entrada de Kassab na chapa, tudo indica, tem por objetivo evitar a cristianiza\u00e7\u00e3o de Caiado, que enfrenta dificuldades internas no PSD para unificar a legenda e mobilizar a m\u00e1quina partid\u00e1ria. Caiado oscila em torno de 3% nas pesquisas e precisa alavancar sua candidatura, cujo patrono \u00e9 Kassab, depois da desist\u00eancia do governador do Paran\u00e1, Ratinho Junior, e do fato de ter sido descartado o nome de Eduardo Leite, o governador do Rio Grande do Sul, que poderia atrair para vice um nome do PSDB.<\/p>\n<p>Figura de centro e dirigente partid\u00e1rio, Kassab tentou encontrar alternativas que ampliassem o apoio a Caiado, como o ex-governador capixaba Paulo Hartung, mas n\u00e3o obteve sucesso. A escolha mostra tamb\u00e9m o voo curto de candidatos que migram de legendas maiores, porque sair do Uni\u00e3o Brasil reduziu o espa\u00e7o de negocia\u00e7\u00e3o nacional de Caiado com o Centr\u00e3o, tornando o apoio do PSD mais necess\u00e1rio e, ao mesmo tempo, insuficiente para viabilizar uma terceira via competitiva.<\/p>\n<p><em>Leia tamb\u00e9m<\/em>:<a href=\"https:\/\/www.correiobraziliense.com.br\/politica\/2026\/06\/7452112-caiado-vai-oficializar-kassab-amanha-como-seu-vice-ao-planalto.html\"><strong>\u00a0Caiado vai oficializar Kassab como seu vice ao Planalto nesta quarta<\/strong><\/a><\/p>\n<p>No campo bolsonarista, a escolha do vice de Fl\u00e1vio Bolsonaro (PL) continua um ponto de interroga\u00e7\u00e3o. Havia uma hip\u00f3tese de alian\u00e7a com o ex-governador de Minas Romeu Zema, mas o envolvimento do filho do ex-presidente Jair Bolsonaro com o caso Master afastou o candidato do Novo de uma possibilidade de coliga\u00e7\u00e3o. Para qualquer estrategista de campanha, diante das circunst\u00e2ncias, o nome ideal para vice de Fl\u00e1vio seria Michelle Bolsonaro, a ex-primeira-dama, mas \u00e9 a\u00ed que vida se mostra mais complicada do que sup\u00f5em as solu\u00e7\u00f5es simples.<\/p>\n<p><strong>Michelle<\/strong><\/p>\n<p>A rela\u00e7\u00e3o entre Fl\u00e1vio Bolsonaro e Michelle Bolsonaro virou um inc\u00eandio no parquinho do bolsonarismo, que mostra a falta de coes\u00e3o familiar e diferen\u00e7as de projeto pessoal. Fl\u00e1vio mant\u00e9m o respaldo formal do PL, mas o atrito com Michelle abriu possibilidade de rearranjos que, nos bastidores, chegam a considerar a ex-primeira-dama como alternativa, caso a candidatura de Fl\u00e1vio venha a se complicar ainda mais devido \u00e0s rela\u00e7\u00f5es perigosas com o banqueiro Daniel Vorcaro. Ningu\u00e9m sabe o n\u00edvel de comprometimento que existia entre ambos, mas os dois sabem.<\/p>\n<p>O descontentamento p\u00fablico de Michelle com o tratamento que recebe de Fl\u00e1vio e dos demais filhos do ex-presidente da Rep\u00fablica \u00e9 mais um sinal de fragilidade do candidato do PL. Mostra um n\u00facleo partid\u00e1rio dividido e uma campanha descolada de seu pr\u00f3prio partido. Michelle tem luz pr\u00f3pria, montou uma ala feminina combativa e numerosa, com uma agenda transversal antimachista que descontenta o bolsonarismo raiz naquilo que \u00e9 uma de suas caracter\u00edsticas: a misoginia. Al\u00e9m disso, \u00e9 candidata favorita a uma das vagas do Distrito Federal (DF) no Senado.<\/p>\n<p><em>Leia tamb\u00e9m:\u00a0<\/em><a href=\"https:\/\/www.correiobraziliense.com.br\/politica\/2026\/07\/7452393-crise-com-flavio-e-desgaste-politico-levam-michelle-a-deixar-pl-mulher.html\"><strong>Crise com Fl\u00e1vio e desgaste pol\u00edtico levam Michelle a deixar PL Mulher\u00a0<\/strong><\/a><\/p>\n<p>A prioridade do comando do PL tem sido preservar Fl\u00e1vio como cabe\u00e7a de chapa e evitar substitui\u00e7\u00f5es que provoquem fissuras internas; ainda assim, a escolha do vice precisar\u00e1 neutralizar tens\u00f5es pessoais e articular apoios regionais sem se transformar em foco de novos conflitos. O bombeiro na crise \u00e9 o presidente da legenda, Valdemar Costa Neto, rapos\u00e3o da pol\u00edtica de bastidor.<\/p>\n<p><strong>Alckmin<\/strong><\/p>\n<p>A chapa de Luiz In\u00e1cio Lula da Silva com Geraldo Alckmin \u00e9 hoje a exce\u00e7\u00e3o \u00e0 regra de incerteza: a manuten\u00e7\u00e3o da dobradinha reduz os custos estrat\u00e9gicos ligados \u00e0 escolha do vice. Alckmin acrescenta legitimidade institucional, apelo moderado e sinal de governabilidade para setores empresariais e centristas; para Lula, a sua continuidade significa poder concentrar recursos na agenda de campanha e na defesa do legado do governo, em vez de gastar capital pol\u00edtico com negocia\u00e7\u00f5es internas.<\/p>\n<p>Essa estabilidade tamb\u00e9m evita que o tema vice seja usado como muni\u00e7\u00e3o por advers\u00e1rios; ao contr\u00e1rio de candidaturas que precisam definir o nome \u00e0s v\u00e9speras da conven\u00e7\u00e3o eleitoral, a coaliz\u00e3o governista j\u00e1 integrou o vice nas estruturas administrativas e de comunica\u00e7\u00e3o, tira a campanha da incerteza log\u00edstica e narrativa. Grande surpresa da montagem da chapa de 2022, a presen\u00e7a de Geraldo Alckmin (PSB) na Vice-Presid\u00eancia foi uma m\u00e3o na roda para Lula. Discreto, afirmativo, pronto para as miss\u00f5es imposs\u00edveis, como negociar o tarifa\u00e7o, n\u00e3o foi figura decorativa no governo, tendo grande desempenho como ministro do Desenvolvimento, Com\u00e9rcio, Ind\u00fastria e Servi\u00e7os.<\/p>\n<p>A temporada de ca\u00e7a ao vice ideal tem prazo para terminar: 15 de agosto. At\u00e9 l\u00e1, nada \u00e9 definitivo, tudo \u00e9 perigoso. Al\u00e9m das diferen\u00e7as entre candidaturas, existem fatores que complicam a tomada de decis\u00e3o. Riscos jur\u00eddicos e passivos de nomes escolhidos podem transformar o vice que deveria agregar em um problema existencial: investiga\u00e7\u00f5es, processos ou esc\u00e2ndalos potencializam a necessidade de substitui\u00e7\u00e3o durante a campanha, o que gera custos de imagem e de mobiliza\u00e7\u00e3o.<\/p>\n<p><strong>Nas entrelinhas<\/strong><em>: todas as colunas diariamente no<\/em>\u00a0<a href=\"https:\/\/blogs.correiobraziliense.com.br\/azedo\/\"><strong>Blog do Azedo<\/strong><\/a><\/p>\n","protected":false},"excerpt":{"rendered":"<p>Riscos jur\u00eddicos e passivos podem transformar a pe\u00e7a que deveria agregar em problema: investiga\u00e7\u00f5es, processos ou esc\u00e2ndalos potencializam a necessidade de substitui\u00e7\u00e3o do vice A escolha do vice tem se revelado um dos n\u00f3s mais espinhosos da atual pr\u00e9-campanha, porque combina necessidades de costura partid\u00e1ria, c\u00e1lculo eleitoral e gest\u00e3o de riscos. Hoje, quem sai na frente \u00e9 Ronaldo Caiado, pr\u00e9-candidato [&hellip;]<\/p>\n","protected":false},"author":39,"featured_media":11486,"comment_status":"open","ping_status":"closed","sticky":false,"template":"","format":"standard","meta":{"footnotes":""},"categories":[1223,980,371,4,972,3],"tags":[127,1427,1733,1129,789,10],"class_list":["post-11481","post","type-post","status-publish","format-standard","has-post-thumbnail","hentry","category-brasilia","category-eleicoes-2","category-etica","category-governo","category-memoria","category-politica","tag-alckmin2018","tag-caiado","tag-flavio","tag-kassab","tag-michele","tag-lula"],"_links":{"self":[{"href":"https:\/\/blogs.correiobraziliense.com.br\/azedo\/wp-json\/wp\/v2\/posts\/11481","targetHints":{"allow":["GET"]}}],"collection":[{"href":"https:\/\/blogs.correiobraziliense.com.br\/azedo\/wp-json\/wp\/v2\/posts"}],"about":[{"href":"https:\/\/blogs.correiobraziliense.com.br\/azedo\/wp-json\/wp\/v2\/types\/post"}],"author":[{"embeddable":true,"href":"https:\/\/blogs.correiobraziliense.com.br\/azedo\/wp-json\/wp\/v2\/users\/39"}],"replies":[{"embeddable":true,"href":"https:\/\/blogs.correiobraziliense.com.br\/azedo\/wp-json\/wp\/v2\/comments?post=11481"}],"version-history":[{"count":2,"href":"https:\/\/blogs.correiobraziliense.com.br\/azedo\/wp-json\/wp\/v2\/posts\/11481\/revisions"}],"predecessor-version":[{"id":11487,"href":"https:\/\/blogs.correiobraziliense.com.br\/azedo\/wp-json\/wp\/v2\/posts\/11481\/revisions\/11487"}],"wp:featuredmedia":[{"embeddable":true,"href":"https:\/\/blogs.correiobraziliense.com.br\/azedo\/wp-json\/wp\/v2\/media\/11486"}],"wp:attachment":[{"href":"https:\/\/blogs.correiobraziliense.com.br\/azedo\/wp-json\/wp\/v2\/media?parent=11481"}],"wp:term":[{"taxonomy":"category","embeddable":true,"href":"https:\/\/blogs.correiobraziliense.com.br\/azedo\/wp-json\/wp\/v2\/categories?post=11481"},{"taxonomy":"post_tag","embeddable":true,"href":"https:\/\/blogs.correiobraziliense.com.br\/azedo\/wp-json\/wp\/v2\/tags?post=11481"}],"curies":[{"name":"wp","href":"https:\/\/api.w.org\/{rel}","templated":true}]}}