{"id":11470,"date":"2026-06-28T10:30:28","date_gmt":"2026-06-28T13:30:28","guid":{"rendered":"https:\/\/blogs.correiobraziliense.com.br\/azedo\/?p=11470"},"modified":"2026-06-28T10:33:56","modified_gmt":"2026-06-28T13:33:56","slug":"de-lacerda-a-flavio-washington-ronda-a-politica-brasileira","status":"publish","type":"post","link":"https:\/\/blogs.correiobraziliense.com.br\/azedo\/de-lacerda-a-flavio-washington-ronda-a-politica-brasileira\/","title":{"rendered":"De Lacerda a Fl\u00e1vio, Washington ronda a pol\u00edtica brasileira"},"content":{"rendered":"<p><em><strong>O mundo j\u00e1 n\u00e3o vive a Guerra Fria, o Brasil \u00e9 uma democracia consolidada e as rela\u00e7\u00f5es entre Bras\u00edlia e Washington s\u00e3o marcadas por intensa interdepend\u00eancia econ\u00f4mica. Entretanto, Fl\u00e1vio busca apoio de Trump contra Lula<\/strong><\/em><\/p>\n<p>Desde a crise que culminou no golpe militar de 1964, dificilmente um pol\u00edtico brasileiro exp\u00f4s de forma t\u00e3o expl\u00edcita sua interlocu\u00e7\u00e3o com autoridades dos Estados Unidos durante uma disputa pol\u00edtica interna quanto o senador e pr\u00e9-candidato \u00e0 Presid\u00eancia Fl\u00e1vio Bolsonaro (PL). Entretanto, o circunst\u00e2ncias hist\u00f3ricas s\u00e3o distintas. O mundo j\u00e1 n\u00e3o vive a Guerra Fria, o Brasil \u00e9 uma democracia consolidada e as rela\u00e7\u00f5es entre Bras\u00edlia e Washington s\u00e3o marcadas por intensa interdepend\u00eancia econ\u00f4mica. Ainda assim, os acontecimentos recentes recolocaram em debate a influ\u00eancia externa sobre os rumos da pol\u00edtica brasileira.<\/p>\n<p>O epis\u00f3dio ganhou dimens\u00e3o eleitoral ap\u00f3s a visita de Fl\u00e1vio a Washington. Ali, reuniu-se com integrantes do governo Donald Trump, incluindo o secret\u00e1rio de Estado Marco Rubio, o vice-presidente J.D. Vance e o pr\u00f3prio presidente norte-americano. O encontro antecedeu duas decis\u00f5es relevantes: a classifica\u00e7\u00e3o do Comando Vermelho (CV) e do Primeiro Comando da Capital (PCC) como organiza\u00e7\u00f5es terroristas pelo governo dos EUA e a manuten\u00e7\u00e3o do processo que poder\u00e1 resultar na imposi\u00e7\u00e3o de tarifas de 25% sobre produtos brasileiros.<\/p>\n<p>Em carta enviada a Fl\u00e1vio, Rubio agradeceu o apoio recebido na classifica\u00e7\u00e3o das fac\u00e7\u00f5es criminosas e escreveu que os Estados Unidos reconhecem que &#8220;a viol\u00eancia e as sofisticadas redes criminosas dessas fac\u00e7\u00f5es amea\u00e7am a seguran\u00e7a de cidad\u00e3os honestos em todo o nosso hemisf\u00e9rio compartilhado&#8221;. Acrescentou que Washington atua para atingir &#8220;as redes financeiras, de drogas e de armas&#8221; dessas organiza\u00e7\u00f5es.<\/p>\n<p>Rubio deixou claro que permanecem &#8220;diverg\u00eancias substanciais&#8221; entre os dois pa\u00edses nas \u00e1reas de com\u00e9rcio digital, sistemas de pagamento eletr\u00f4nico, propriedade intelectual, acesso ao mercado de etanol, combate ao desmatamento ilegal e tarifas preferenciais. Mas agradeceu a Fl\u00e1vio pela &#8220;generosa oferta de colocar uma equipe de transi\u00e7\u00e3o \u00e0 nossa disposi\u00e7\u00e3o caso o senhor seja eleito&#8221;.<\/p>\n<p><em>Leia tamb\u00e9m:<\/em><a href=\"https:\/\/www.correiobraziliense.com.br\/politica\/2026\/06\/7450016-rubio-reafirma-tarifaco-em-carta-a-flavio-bolsonaro-e-cita-pcc-e-cv.html\"><strong>\u00a0Rubio reafirma tarifa\u00e7o em carta a Fl\u00e1vio Bolsonaro e cita PCC e CV<\/strong><\/a><\/p>\n<p>O presidente Luiz In\u00e1cio Lula da Silva tem elevado o tom com a Casa Branca: &#8220;N\u00f3s somos muito grandes, temos muita hist\u00f3ria. E n\u00f3s n\u00e3o podemos aceitar o tratamento que os Estados Unidos deram ao Brasil nesta semana&#8221;. Acrescentou que &#8220;ningu\u00e9m pode dizer que o Brasil se negou a negociar com os Estados Unidos&#8221; e classificou Marco Rubio como &#8220;um latino-americano frustrado&#8221;. Dias depois, refor\u00e7ou o discurso de defesa da soberania nacional ao afirmar que o Brasil precisa estar preparado para um mundo mais inst\u00e1vel: &#8220;Eu n\u00e3o quero guerra, mas tamb\u00e9m n\u00e3o quero ser pego de surpresa&#8221;.<\/p>\n<p>H\u00e1 algumas semanas, Lula esteve na Casa Branca. Foi uma tentativa de reconstruir a rela\u00e7\u00e3o bilateral com Trump. O encontro foi considerado cordial pelos dois governos e procurou reduzir tens\u00f5es comerciais e geopol\u00edticas. Entretanto, a manuten\u00e7\u00e3o da investiga\u00e7\u00e3o comercial conduzida pelo USTR (singla em ingl\u00eas do Escrit\u00f3rio do Representante Comercial dos Estados Unidos) e do chamado tarifa\u00e7o demonstrou que a aproxima\u00e7\u00e3o pol\u00edtica n\u00e3o alterou as prioridades econ\u00f4micas de Washington.<\/p>\n<p><strong>Ofensiva de direita<\/strong><\/p>\n<p>Figura chave nas atuais rela\u00e7\u00f5es Brasil-EUA , Rubio \u00e9 filho de imigrantes cubanos e defensor de uma pol\u00edtica externa dura para a Am\u00e9rica Latina. Mant\u00e9m intensa interlocu\u00e7\u00e3o com lideran\u00e7as de extrema-direita e conservadoras do Brasil. Entretanto, sua carta tamb\u00e9m evidencia que os governos dos EUA mudam, mas os interesses estrat\u00e9gicos permanecem. Ao agradecer a Fl\u00e1vio, confirmou a continuidade das medidas comerciais contra o Brasil.<\/p>\n<p>Trump comemora a elei\u00e7\u00e3o de governos de direita na Am\u00e9rica Latina, na expectativa de que isso contenha a presen\u00e7a comercial da China. Estabeleceu-se um cintur\u00e3o conservador nas fronteiras do Brasil, agora formado por Argentina, Paraguai, Bol\u00edvia, Peru e Col\u00f4mbia. A compara\u00e7\u00e3o com 1964 \u00e9 inevit\u00e1vel.<\/p>\n<p><em>Leia mais:<\/em>\u00a0<a href=\"https:\/\/www.correiobraziliense.com.br\/politica\/2026\/06\/7450481-mercosul-em-cenario-adverso-para-lula.html\"><strong>Mercosul em cen\u00e1rio adverso para Lula<\/strong><\/a><\/p>\n<p>Naquele contexto de radicaliza\u00e7\u00e3o ideol\u00f3gica provocado pela Guerra Fria, o ent\u00e3o governador do antigo estado da Guanabara, Carlos Lacerda, o principal l\u00edder civil da oposi\u00e7\u00e3o ao presidente Jo\u00e3o Goulart, em diversas viagens aos EUA encontrou-se com autoridades norte-americanas, empres\u00e1rios e formadores de opini\u00e3o para denunciar o governo brasileiro como incapaz de conter o avan\u00e7o do comunismo.<\/p>\n<p>Sua intensa articula\u00e7\u00e3o internacional transformou-se num dos elementos da crise pol\u00edtica que desembocaria no golpe militar de 31 de mar\u00e7o de 1964. Jo\u00e3o Goulart ainda tentou neutralizar essa ofensiva. Em abril de 1962, visitou Washington e reuniu-se com o presidente John F. Kennedy. O objetivo era compat\u00edvel com a democracia e preservar o apoio financeiro norte-americano, mas n\u00e3o eliminou a crescente desconfian\u00e7a da Casa Branca em rela\u00e7\u00e3o ao seu governo.<\/p>\n<p>Documentos posteriormente desclassificados revelaram que o governo Lyndon Johnson preparou a Opera\u00e7\u00e3o Brother Sam, um plano de apoio log\u00edstico aos militares brasileiros caso houvesse resist\u00eancia ao golpe: navios com combust\u00edvel, muni\u00e7\u00f5es e equipamentos foram deslocados para a costa brasileira. A r\u00e1pida queda do governo Goulart tornou desnecess\u00e1rio seu emprego.<\/p>\n<p>O caso brasileiro n\u00e3o foi isolado. Ao longo das d\u00e9cadas de 1950, 1960 e 1970, a CIA tamb\u00e9m participou de golpes na Argentina, na Bol\u00edvia, no Chile, no Paraguai, no Uruguai e no Peru. A hist\u00f3ria parece querer se repetir, s\u00f3 n\u00e3o sabemos ainda se como farsa ou como trag\u00e9dia.<\/p>\n<p><strong>Nas entrelinhas<\/strong><em>: todas as colunas diariamente no<\/em>\u00a0<a href=\"https:\/\/blogs.correiobraziliense.com.br\/azedo\/\"><strong>Blog do Azedo<\/strong><\/a><\/p>\n","protected":false},"excerpt":{"rendered":"<p>O mundo j\u00e1 n\u00e3o vive a Guerra Fria, o Brasil \u00e9 uma democracia consolidada e as rela\u00e7\u00f5es entre Bras\u00edlia e Washington s\u00e3o marcadas por intensa interdepend\u00eancia econ\u00f4mica. Entretanto, Fl\u00e1vio busca apoio de Trump contra Lula Desde a crise que culminou no golpe militar de 1964, dificilmente um pol\u00edtico brasileiro exp\u00f4s de forma t\u00e3o expl\u00edcita sua interlocu\u00e7\u00e3o com autoridades dos Estados [&hellip;]<\/p>\n","protected":false},"author":39,"featured_media":11475,"comment_status":"open","ping_status":"closed","sticky":false,"template":"","format":"standard","meta":{"footnotes":""},"categories":[562,1223,561,481,1743,36,980,589,370,1950,4,369,972,113,1907,8,1114,9,3,80,44,76],"tags":[1733,1102,354,58,10,1998],"class_list":["post-11470","post","type-post","status-publish","format-standard","has-post-thumbnail","hentry","category-bolivia","category-brasilia","category-chile","category-china","category-colombia","category-economia","category-eleicoes-2","category-eua","category-exportacoes","category-geografia","category-governo","category-itamaraty","category-memoria","category-militares","category-paraguai","category-partidos","category-peru","category-politica-2","category-politica","category-seguranca","category-terrorismo","category-trump","tag-flavio","tag-goulart","tag-lacerda","tag-trump","tag-lula","tag-rubio"],"_links":{"self":[{"href":"https:\/\/blogs.correiobraziliense.com.br\/azedo\/wp-json\/wp\/v2\/posts\/11470","targetHints":{"allow":["GET"]}}],"collection":[{"href":"https:\/\/blogs.correiobraziliense.com.br\/azedo\/wp-json\/wp\/v2\/posts"}],"about":[{"href":"https:\/\/blogs.correiobraziliense.com.br\/azedo\/wp-json\/wp\/v2\/types\/post"}],"author":[{"embeddable":true,"href":"https:\/\/blogs.correiobraziliense.com.br\/azedo\/wp-json\/wp\/v2\/users\/39"}],"replies":[{"embeddable":true,"href":"https:\/\/blogs.correiobraziliense.com.br\/azedo\/wp-json\/wp\/v2\/comments?post=11470"}],"version-history":[{"count":5,"href":"https:\/\/blogs.correiobraziliense.com.br\/azedo\/wp-json\/wp\/v2\/posts\/11470\/revisions"}],"predecessor-version":[{"id":11479,"href":"https:\/\/blogs.correiobraziliense.com.br\/azedo\/wp-json\/wp\/v2\/posts\/11470\/revisions\/11479"}],"wp:featuredmedia":[{"embeddable":true,"href":"https:\/\/blogs.correiobraziliense.com.br\/azedo\/wp-json\/wp\/v2\/media\/11475"}],"wp:attachment":[{"href":"https:\/\/blogs.correiobraziliense.com.br\/azedo\/wp-json\/wp\/v2\/media?parent=11470"}],"wp:term":[{"taxonomy":"category","embeddable":true,"href":"https:\/\/blogs.correiobraziliense.com.br\/azedo\/wp-json\/wp\/v2\/categories?post=11470"},{"taxonomy":"post_tag","embeddable":true,"href":"https:\/\/blogs.correiobraziliense.com.br\/azedo\/wp-json\/wp\/v2\/tags?post=11470"}],"curies":[{"name":"wp","href":"https:\/\/api.w.org\/{rel}","templated":true}]}}