{"id":11466,"date":"2026-06-26T07:53:57","date_gmt":"2026-06-26T10:53:57","guid":{"rendered":"https:\/\/blogs.correiobraziliense.com.br\/azedo\/?p=11466"},"modified":"2026-06-26T07:53:57","modified_gmt":"2026-06-26T10:53:57","slug":"michelle-demarca-territorio-flavio-resiste-o-pos-bolsonaro-ja-comecou","status":"publish","type":"post","link":"https:\/\/blogs.correiobraziliense.com.br\/azedo\/michelle-demarca-territorio-flavio-resiste-o-pos-bolsonaro-ja-comecou\/","title":{"rendered":"Michelle demarca territ\u00f3rio, Fl\u00e1vio resiste; o p\u00f3s-Bolsonaro j\u00e1 come\u00e7ou"},"content":{"rendered":"<p><em><strong>Pela primeira vez, a disputa pela lideran\u00e7a simb\u00f3lica do bolsonarismo, protagonizada pelo senador e pela ex-primeira-dama, foi travada em pra\u00e7a p\u00fablica<\/strong><\/em><\/p>\n<p>O conflito entre Michelle Bolsonaro e Fl\u00e1vio Bolsonaro extrapolou o terreno das rela\u00e7\u00f5es familiares e se tornou um dos epis\u00f3dios mais reveladores das contradi\u00e7\u00f5es no cl\u00e3 Bolsonaro nesta pr\u00e9-campanha presidencial. Pela primeira vez, desde que Jair Bolsonaro escolheu o filho mais velho como sucessor, a disputa pela lideran\u00e7a simb\u00f3lica do bolsonarismo, protagonizada por ambos, foi travada em pra\u00e7a p\u00fablica.<\/p>\n<p>\u00c0 primeira vista, Michelle parecia ter produzido um enorme desgaste para a candidatura de Fl\u00e1vio. Principal lideran\u00e7a feminina da direita e respons\u00e1vel pela interlocu\u00e7\u00e3o do PL com o eleitorado evang\u00e9lico, acusou o enteado de t\u00ea-la &#8220;desrespeitado&#8221;, &#8220;maltratado&#8221; e &#8220;humilhado&#8221;. Gravou um v\u00eddeo muito bem produzido e de cabe\u00e7a pensada, com objetivo claro de ser contundente: &#8220;Ele disse que seria melhor eu ficar fora das decis\u00f5es do partido. Que eu havia chegado ontem e n\u00e3o entendia nada de pol\u00edtica&#8221;.<\/p>\n<p>Segundo Michelle, naquele momento compreendeu que sua participa\u00e7\u00e3o na campanha de Fl\u00e1vio Bolsonaro era considerada irrelevante. &#8220;Entendi que ele n\u00e3o queria o meu apoio ou que este era insignificante. Ent\u00e3o eu me recolhi&#8221;. Ao exumar um epis\u00f3dio ocorrido h\u00e1 meses, durante as negocia\u00e7\u00f5es do PL no Cear\u00e1, por\u00e9m, mais do que um desabafo, fez uma afirma\u00e7\u00e3o de legitimidade pol\u00edtica, de quem avalia que tem luz pr\u00f3pria.<\/p>\n<p><em>Leia tamb\u00e9m<\/em>:\u00a0<a href=\"https:\/\/www.correiobraziliense.com.br\/mundo\/2026\/06\/7449318-video-de-michelle-e-novo-reves-para-a-campanha-de-flavio-bolsonaro-diz-financial-times.html\"><strong>V\u00eddeo de Michelle \u00e9 novo rev\u00e9s para a campanha de Fl\u00e1vio Bolsonaro, diz Financial Times<\/strong><\/a><\/p>\n<p>Michelle lembrou que Jair Bolsonaro havia determinado apoio \u00e0 candidatura da vereadora Priscila Costa ao Senado no Cear\u00e1 e disse que suas posi\u00e7\u00f5es refletiam a vontade do marido. Ou seja, a ex-primeira-dama disputa &#8220;lugar de fala&#8221; em nome do legado pol\u00edtico do ex-presidente. A demarca\u00e7\u00e3o de territ\u00f3rio, por\u00e9m, at\u00e9 agora, teve efeito contr\u00e1rio nas bases bolsonaristas.<\/p>\n<p>Segundo levantamento da AP Exata Intelig\u00eancia, a presen\u00e7a de Michelle nas conversas digitais saltou de 5% para 16,4% entre os presidenci\u00e1veis em apenas quinze horas \u2014 crescimento de 228% \u2014 enquanto seus v\u00eddeos ultrapassaram milh\u00f5es de visualiza\u00e7\u00f5es. Entretanto, o aumento da exposi\u00e7\u00e3o n\u00e3o foi acompanhado por melhora equivalente na percep\u00e7\u00e3o p\u00fablica. Seu \u00edndice de confian\u00e7a permaneceu praticamente est\u00e1vel, com pequena queda de 0,3 ponto percentual, enquanto as men\u00e7\u00f5es positivas recuaram para 45,5%.<\/p>\n<p>J\u00e1 Fl\u00e1vio Bolsonaro experimentou movimento inverso. Seu \u00edndice de confian\u00e7a cresceu 1,2 ponto e as men\u00e7\u00f5es positivas avan\u00e7aram 3,5 pontos, atingindo o melhor desempenho dos \u00faltimos dez dias. O fen\u00f4meno confirma uma caracter\u00edstica recorrente das comunidades pol\u00edticas altamente organizadas nas redes sociais: tendem a reagir rapidamente quando identificam um ataque dirigido ao l\u00edder escolhido pelo grupo.<\/p>\n<p><strong>Roupa suja<\/strong><\/p>\n<p>S\u00e9rgio Denicoli, respons\u00e1vel pela pesquisa, em diversos estudos sobre comportamento digital, verificou que comunidades pol\u00edticas consolidadas costumam produzir um processo de &#8220;blindagem narrativa&#8221;. Quando percebem risco ao projeto coletivo, reorganizam espontaneamente suas mensagens para proteger o principal ativo pol\u00edtico. Foi exatamente o que ocorreu.<\/p>\n<p>Em poucas horas, grande parte da milit\u00e2ncia bolsonarista passou a enquadrar Fl\u00e1vio como v\u00edtima da exposi\u00e7\u00e3o p\u00fablica de uma diverg\u00eancia privada. Prevaleceu o conceito de que &#8220;roupa suja se lava em casa&#8221;. O foco deixou de ser a acusa\u00e7\u00e3o feita por Michelle para concentrar-se na necessidade de preservar a candidatura presidencial.<\/p>\n<p>Fl\u00e1vio Bolsonaro assimilou o golpe n\u00e3o somente nas redes sociais. Seu pedido de desculpas revelou uma clara inten\u00e7\u00e3o de redu\u00e7\u00e3o de danos. &#8220;Em nenhum momento ofendi ou tive a inten\u00e7\u00e3o de ofender Michelle. Se o fiz em algum momento, mais uma vez, pe\u00e7o desculpas.&#8221; Na sequ\u00eancia, deslocou o eixo da discuss\u00e3o para a disputa pela orienta\u00e7\u00e3o da campanha: &#8220;Diverg\u00eancias de estrat\u00e9gia n\u00e3o significam diverg\u00eancias de princ\u00edpios&#8221;.<\/p>\n<p><em>Leia mais<\/em>:\u00a0<a href=\"https:\/\/www.correiobraziliense.com.br\/politica\/2026\/06\/7449133-flavio-bolsonaro-e-pl-tentam-conter-crise-apos-fala-de-michelle.html\"><strong>Fl\u00e1vio Bolsonaro e PL tentam conter crise ap\u00f3s fala de Michelle<\/strong><\/a><\/p>\n<p>N\u00e3o falou para Michelle, mas para o eleitorado conservador, que tenta conquistar com uma narrativa mais moderada do que a dos irm\u00e3os Carlos e Eduardo e de Michelle: &#8220;O Brasil precisa de maturidade, serenidade e unidade&#8221;. Michelle tamb\u00e9m retrocedeu no confronto. &#8220;N\u00e3o tenho raiva de ningu\u00e9m. Apenas esclareci uma situa\u00e7\u00e3o que estava sendo deturpada&#8221;, disse nas redes sociais. E acrescentou: &#8220;Vamos todos trabalhar juntos para derrotar o atual desgoverno&#8221;.<\/p>\n<p>O problema \u00e9 que a dimens\u00e3o estrat\u00e9gica do confronto foi escancarada. H\u00e1 duas vertentes no bolsonarismo. Fl\u00e1vio controla a m\u00e1quina partid\u00e1ria, o respaldo formal do PL e a indica\u00e7\u00e3o feita por Jair Bolsonaro para disputar a Presid\u00eancia. Michelle tem o apoio do eleitorado feminino conservador, de lideran\u00e7as evang\u00e9licas e mais carisma pessoal para mobilizar emocionalmente seus apoiadores. Se Fl\u00e1vio vencer a elei\u00e7\u00e3o presidencial, Michelle provavelmente ser\u00e1 senadora pelo Distrito Federal. Se ele perder, tamb\u00e9m. Mas ampliar\u00e1 sua autonomia, com mais visibilidade nacional e independ\u00eancia pol\u00edtica. A heran\u00e7a do bolsonarismo j\u00e1 est\u00e1 em disputa.<\/p>\n<p><strong>Nas entrelinhas<\/strong><em>: todas as colunas diariamente no<\/em>\u00a0<a href=\"https:\/\/blogs.correiobraziliense.com.br\/azedo\/\"><strong>Blog do Azedo<\/strong><\/a><\/p>\n","protected":false},"excerpt":{"rendered":"<p>Pela primeira vez, a disputa pela lideran\u00e7a simb\u00f3lica do bolsonarismo, protagonizada pelo senador e pela ex-primeira-dama, foi travada em pra\u00e7a p\u00fablica O conflito entre Michelle Bolsonaro e Fl\u00e1vio Bolsonaro extrapolou o terreno das rela\u00e7\u00f5es familiares e se tornou um dos epis\u00f3dios mais reveladores das contradi\u00e7\u00f5es no cl\u00e3 Bolsonaro nesta pr\u00e9-campanha presidencial. Pela primeira vez, desde que Jair Bolsonaro escolheu o [&hellip;]<\/p>\n","protected":false},"author":39,"featured_media":11471,"comment_status":"open","ping_status":"closed","sticky":false,"template":"","format":"standard","meta":{"footnotes":""},"categories":[1223,285,677,6,980,8,3,9],"tags":[130,213,1733,2147,416],"class_list":["post-11466","post","type-post","status-publish","format-standard","has-post-thumbnail","hentry","category-brasilia","category-ceara","category-comunicacao","category-congresso","category-eleicoes-2","category-partidos","category-politica","category-politica-2","tag-bolsonaro","tag-eleicoes","tag-flavio","tag-michelle","tag-redes"],"_links":{"self":[{"href":"https:\/\/blogs.correiobraziliense.com.br\/azedo\/wp-json\/wp\/v2\/posts\/11466","targetHints":{"allow":["GET"]}}],"collection":[{"href":"https:\/\/blogs.correiobraziliense.com.br\/azedo\/wp-json\/wp\/v2\/posts"}],"about":[{"href":"https:\/\/blogs.correiobraziliense.com.br\/azedo\/wp-json\/wp\/v2\/types\/post"}],"author":[{"embeddable":true,"href":"https:\/\/blogs.correiobraziliense.com.br\/azedo\/wp-json\/wp\/v2\/users\/39"}],"replies":[{"embeddable":true,"href":"https:\/\/blogs.correiobraziliense.com.br\/azedo\/wp-json\/wp\/v2\/comments?post=11466"}],"version-history":[{"count":2,"href":"https:\/\/blogs.correiobraziliense.com.br\/azedo\/wp-json\/wp\/v2\/posts\/11466\/revisions"}],"predecessor-version":[{"id":11472,"href":"https:\/\/blogs.correiobraziliense.com.br\/azedo\/wp-json\/wp\/v2\/posts\/11466\/revisions\/11472"}],"wp:featuredmedia":[{"embeddable":true,"href":"https:\/\/blogs.correiobraziliense.com.br\/azedo\/wp-json\/wp\/v2\/media\/11471"}],"wp:attachment":[{"href":"https:\/\/blogs.correiobraziliense.com.br\/azedo\/wp-json\/wp\/v2\/media?parent=11466"}],"wp:term":[{"taxonomy":"category","embeddable":true,"href":"https:\/\/blogs.correiobraziliense.com.br\/azedo\/wp-json\/wp\/v2\/categories?post=11466"},{"taxonomy":"post_tag","embeddable":true,"href":"https:\/\/blogs.correiobraziliense.com.br\/azedo\/wp-json\/wp\/v2\/tags?post=11466"}],"curies":[{"name":"wp","href":"https:\/\/api.w.org\/{rel}","templated":true}]}}