{"id":11462,"date":"2026-06-25T09:33:26","date_gmt":"2026-06-25T12:33:26","guid":{"rendered":"https:\/\/blogs.correiobraziliense.com.br\/azedo\/?p=11462"},"modified":"2026-06-25T09:33:46","modified_gmt":"2026-06-25T12:33:46","slug":"cautela-e-caldo-de-galinha-nao-farao-mal-a-lula-nesta-copa","status":"publish","type":"post","link":"https:\/\/blogs.correiobraziliense.com.br\/azedo\/cautela-e-caldo-de-galinha-nao-farao-mal-a-lula-nesta-copa\/","title":{"rendered":"Cautela e caldo de galinha n\u00e3o far\u00e3o mal a Lula nesta Copa"},"content":{"rendered":"<p><em><strong>A rela\u00e7\u00e3o entre os presidentes da Rep\u00fablica e os t\u00edtulos mundiais nas Copas do Mundo de 1958, 1962, 1970, 1994 e 2002, revela muito sobre a hist\u00f3ria pol\u00edtica do pa\u00eds<\/strong><\/em><\/p>\n<p>O presidente Luiz In\u00e1cio Lula da Silva se reuniu com o senador Jaques Wagner (PT-BA), no Pal\u00e1cio da Alvorada, e combinou a imediata sa\u00edda dele da lideran\u00e7a do governo no Senado. Foi a primeira conversa presencial entre ambos desde que o parlamentar foi alvo de uma opera\u00e7\u00e3o da Pol\u00edcia Federal (PF) sobre o Banco Master. O dia parece ter sido escolhido a dedo para aproveitar o lusco-fusco do jogo do Brasil com a Esc\u00f3cia, ontem. Se a conversa tivesse sido boa, os dois amigos teriam assistido \u00e0 sele\u00e7\u00e3o brasileira em campo juntos. Ao contr\u00e1rio. Wagner deixou o Pal\u00e1cio da Alvorada e anunciou que sair\u00e1 do cargo.<\/p>\n<p>Lula operou a sa\u00edda de Wagner da lideran\u00e7a do governo de maneira a que o amigo n\u00e3o se sentisse abandonado, nem complicasse ainda mais a situa\u00e7\u00e3o eleitoral criada na Bahia pelo envolvimento de um pr\u00f3cer petista no esc\u00e2ndalo. Com isso, o Pal\u00e1cio do Planalto espera esvaziar a narrativa da oposi\u00e7\u00e3o de que o governo est\u00e1 comprometido com o esc\u00e2ndalo. As suspeitas s\u00e3o pesadas: a PF investiga se Wagner recebeu R$ 3,5 milh\u00f5es e um apartamento de luxo em Salvador.<\/p>\n<p>Embora o ex-ministro da Fazenda Fernando Haddad tenha dado o testemunho de que nunca recebeu quaisquer pedidos do l\u00edder do governo em favor do banqueiro Daniel Vorcaro, a press\u00e3o do PT para a sa\u00edda de Wagner era muito grande. Ontem, o ministro do Trabalho e do Emprego, Luiz Marinho, representante da &#8220;Rep\u00fablica de S\u00e3o Bernardo&#8221; na Esplanada, dera um ultimato ao at\u00e9 ent\u00e3o l\u00edder do governo. Afirmou, em entrevista coletiva, que se fosse ele o presidente da Rep\u00fablica, substituiria Wagner na lideran\u00e7a no Senado.<\/p>\n<p>Se o jogo da sele\u00e7\u00e3o serviu para ofuscar a crise envolvendo o l\u00edder do governo, a postura de Lula em rela\u00e7\u00e3o a Copa do Mundo vem sendo de cautela, apesar da piada de mau gosto e temer\u00e1ria em rela\u00e7\u00e3o a Neymar, a quem chamou de &#8220;jogador em home office&#8221;. A declara\u00e7\u00e3o provocou rea\u00e7\u00e3o negativa de jogadores, como Lucas Paquet\u00e1, e deu de bandeja um meme para Fl\u00e1vio Bolsonaro, que fez um v\u00eddeo com intelig\u00eancia artificial no qual leva Neymar de avi\u00e3o da For\u00e7a A\u00e9rea Brasileira (FAB) para jogar no Hard Rock Stadium, em Miami (EUA).<\/p>\n<p>Leia mais:\u00a0<a href=\"https:\/\/www.correiobraziliense.com.br\/esportes\/2026\/06\/7448423-muito-nervoso-mas-feliz-diz-neymar-apos-estreia-na-copa-do-mundo.html\"><strong>&#8216;Muito nervoso, mas feliz&#8217;, diz Neymar ap\u00f3s estreia na Copa do Mundo<\/strong><\/a><\/p>\n<p>O futebol nunca foi apenas um esporte no Brasil. Desde a conquista da primeira Copa do Mundo, em 1958, as vit\u00f3rias da Sele\u00e7\u00e3o Brasileira foram incorporadas ao imagin\u00e1rio pol\u00edtico nacional, transformando-se em s\u00edmbolos de unidade, moderniza\u00e7\u00e3o, grandeza nacional e, \u00e0s vezes, instrumentos de legitima\u00e7\u00e3o dos governos de turno. A rela\u00e7\u00e3o entre presidentes da Rep\u00fablica e os t\u00edtulos mundiais nas Copas do Mundo de 1958, 1962, 1970, 1994 e 2002 revela muito sobre a hist\u00f3ria pol\u00edtica do pa\u00eds.<\/p>\n<p><strong>Futebol e pol\u00edtica<\/strong><\/p>\n<p>Quando o Brasil venceu sua primeira Copa, na Su\u00e9cia, em 1958, o presidente era Juscelino Kubitschek. O pa\u00eds vivia um per\u00edodo de grande otimismo. Bras\u00edlia estava sendo constru\u00edda, a ind\u00fastria automobil\u00edstica se expandia e o lema &#8220;cinquenta anos em cinco&#8221; sintetizava a confian\u00e7a no desenvolvimento acelerado. A conquista de Pel\u00e9, Garrincha, Didi e Zagallo foi interpretada como a prova de que o Brasil havia superado o complexo de inferioridade que carregava desde a derrota para o Uruguai, na Copa de 1950 \u2014 o traum\u00e1tico &#8220;Maracanazo&#8221;.<\/p>\n<p>Leia mais:\u00a0<a href=\"https:\/\/www.correiobraziliense.com.br\/revista-do-correio\/2026\/06\/7433786-copa-do-mundo-as-vozes-que-viram-nascer-o-pais-do-futebol.html\"><strong>As vozes que viram nascer o pa\u00eds do futebol\u00a0<\/strong><\/a><\/p>\n<p>J\u00e1 no governo Jo\u00e3o Goulart, o pa\u00eds vivia uma forte instabilidade pol\u00edtica. A ren\u00fancia de J\u00e2nio Quadros, em 1961, abrira uma crise institucional que levou \u00e0 ado\u00e7\u00e3o tempor\u00e1ria do parlamentarismo. Apesar da turbul\u00eancia pol\u00edtica, a sele\u00e7\u00e3o bicampe\u00e3, liderada por Garrincha ap\u00f3s a les\u00e3o de Pel\u00e9, ofereceu um raro momento de consenso nacional, que favoreceu a vit\u00f3ria de Jango no plebiscito que aprovou a volta do presidencialismo, em janeiro de 1963. Mas a pol\u00edtica j\u00e1 caminhava para a polariza\u00e7\u00e3o que desembocaria no golpe militar de 1964.<\/p>\n<p>Depois, a Copa tamb\u00e9m serviu para legitimar a perman\u00eancia dos militares no poder e no endurecimento na repress\u00e3o \u00e0 oposi\u00e7\u00e3o, que resultou em sequestros, assassinatos e desaparecimento de oposicionistas, muitos dos quais n\u00e3o pegaram em armas, como Rubens Paiva e Vladimir Herzog. Nenhuma vit\u00f3ria da Sele\u00e7\u00e3o foi t\u00e3o explorada politicamente quanto a de 1970. O presidente Em\u00edlio Garrastazu M\u00e9dici, no auge da ditadura militar, associou a conquista da Copa ao chamado &#8220;milagre econ\u00f4mico&#8221;. A sele\u00e7\u00e3o de Pel\u00e9, Jairzinho, Tost\u00e3o, Rivellino, G\u00e9rson e Carlos Alberto tornou-se um poderoso instrumento de propaganda. O governo procurava associar esse crescimento \u00e0 ideia de um Brasil forte, unido e vitorioso, com os slogan &#8220;Ame ou deixe-o&#8221; e &#8220;Pra frente, Brasil&#8221;.<\/p>\n<p>No governo de Itamar Franco, a conquista da Copa em 1994 serviria para a reconstru\u00e7\u00e3o da autoestima. O pa\u00eds sa\u00eda do trauma do impeachment de Fernando Collor de Mello e enfrentava uma longa crise inflacion\u00e1ria. Naquele mesmo ano, o Plano Real come\u00e7ava a estabilizar a economia. A conquista nos Estados Unidos, liderada por Rom\u00e1rio, Bebeto, Dunga e Taffarel, foi percebida como um s\u00edmbolo de reconstru\u00e7\u00e3o nacional.<\/p>\n<p>Seus efeitos pol\u00edticos alcan\u00e7aram a elei\u00e7\u00e3o de Fernando Henrique Cardoso, no rastro do Plano Real. Entretanto, o pentacampeonato conquistado pela Sele\u00e7\u00e3o comandada por Luiz Felipe Scolari e liderada por Ronaldo, Rivaldo e Ronaldinho Ga\u00facho, no \u00faltimo ano do governo FHC, n\u00e3o impediu que Lula, principal candidato de oposi\u00e7\u00e3o, derrotasse o candidato governista, o ex-ministro da Sa\u00fade Jos\u00e9 Serra, que levou um &#8220;drible da vaca&#8221; nas elei\u00e7\u00f5es.<\/p>\n<p><strong>Nas entrelinhas<\/strong><em>: todas as colunas diariamente no<\/em>\u00a0<a href=\"https:\/\/blogs.correiobraziliense.com.br\/azedo\/\"><strong>Blog do Azedo<\/strong><\/a><\/p>\n<p>&nbsp;<\/p>\n","protected":false},"excerpt":{"rendered":"<p>A rela\u00e7\u00e3o entre os presidentes da Rep\u00fablica e os t\u00edtulos mundiais nas Copas do Mundo de 1958, 1962, 1970, 1994 e 2002, revela muito sobre a hist\u00f3ria pol\u00edtica do pa\u00eds O presidente Luiz In\u00e1cio Lula da Silva se reuniu com o senador Jaques Wagner (PT-BA), no Pal\u00e1cio da Alvorada, e combinou a imediata sa\u00edda dele da lideran\u00e7a do governo no [&hellip;]<\/p>\n","protected":false},"author":39,"featured_media":11467,"comment_status":"open","ping_status":"closed","sticky":false,"template":"","format":"standard","meta":{"footnotes":""},"categories":[1223,6,36,980,105,589,972,113,8,9,3],"tags":[1733,2054,106,1280,1418,10],"class_list":["post-11462","post","type-post","status-publish","format-standard","has-post-thumbnail","hentry","category-brasilia","category-congresso","category-economia","category-eleicoes-2","category-esporte","category-eua","category-memoria","category-militares","category-partidos","category-politica-2","category-politica","tag-flavio","tag-master","tag-neymar","tag-selecao","tag-wagner","tag-lula"],"_links":{"self":[{"href":"https:\/\/blogs.correiobraziliense.com.br\/azedo\/wp-json\/wp\/v2\/posts\/11462","targetHints":{"allow":["GET"]}}],"collection":[{"href":"https:\/\/blogs.correiobraziliense.com.br\/azedo\/wp-json\/wp\/v2\/posts"}],"about":[{"href":"https:\/\/blogs.correiobraziliense.com.br\/azedo\/wp-json\/wp\/v2\/types\/post"}],"author":[{"embeddable":true,"href":"https:\/\/blogs.correiobraziliense.com.br\/azedo\/wp-json\/wp\/v2\/users\/39"}],"replies":[{"embeddable":true,"href":"https:\/\/blogs.correiobraziliense.com.br\/azedo\/wp-json\/wp\/v2\/comments?post=11462"}],"version-history":[{"count":2,"href":"https:\/\/blogs.correiobraziliense.com.br\/azedo\/wp-json\/wp\/v2\/posts\/11462\/revisions"}],"predecessor-version":[{"id":11468,"href":"https:\/\/blogs.correiobraziliense.com.br\/azedo\/wp-json\/wp\/v2\/posts\/11462\/revisions\/11468"}],"wp:featuredmedia":[{"embeddable":true,"href":"https:\/\/blogs.correiobraziliense.com.br\/azedo\/wp-json\/wp\/v2\/media\/11467"}],"wp:attachment":[{"href":"https:\/\/blogs.correiobraziliense.com.br\/azedo\/wp-json\/wp\/v2\/media?parent=11462"}],"wp:term":[{"taxonomy":"category","embeddable":true,"href":"https:\/\/blogs.correiobraziliense.com.br\/azedo\/wp-json\/wp\/v2\/categories?post=11462"},{"taxonomy":"post_tag","embeddable":true,"href":"https:\/\/blogs.correiobraziliense.com.br\/azedo\/wp-json\/wp\/v2\/tags?post=11462"}],"curies":[{"name":"wp","href":"https:\/\/api.w.org\/{rel}","templated":true}]}}