{"id":11440,"date":"2026-06-19T09:22:12","date_gmt":"2026-06-19T12:22:12","guid":{"rendered":"https:\/\/blogs.correiobraziliense.com.br\/azedo\/?p=11440"},"modified":"2026-06-19T09:22:35","modified_gmt":"2026-06-19T12:22:35","slug":"denuncias-do-master-tornam-insustentavel-wagner-ficar-na-lideranca","status":"publish","type":"post","link":"https:\/\/blogs.correiobraziliense.com.br\/azedo\/denuncias-do-master-tornam-insustentavel-wagner-ficar-na-lideranca\/","title":{"rendered":"Den\u00fancias do Master tornam insustent\u00e1vel Wagner ficar na lideran\u00e7a"},"content":{"rendered":"<p><em><strong>A responsabiliza\u00e7\u00e3o do l\u00edder do governo depende de provas, contradit\u00f3rio e senten\u00e7a judicial, mas sua perman\u00eancia no cargo abala a imagem de Lula e a credibilidade das institui\u00e7\u00f5es<\/strong><\/em><\/p>\n<p>A opera\u00e7\u00e3o da Pol\u00edcia Federal (PF), em Bras\u00edlia e Salvador, que teve como alvo o senador Jaques Wagner (PT-BA), gerou mais instabilidade entre os Poderes no rastro do esc\u00e2ndalo do Banco Master. O l\u00edder do governo no Senado n\u00e3o foi denunciado, n\u00e3o \u00e9 r\u00e9u e nega as acusa\u00e7\u00f5es, mas sua inclus\u00e3o entre os investigados arrasta o governo Lula para o centro do caso Master e produz efeitos pol\u00edticos que transcendem os aspectos penais. Para o presidente Luiz In\u00e1cio Lula da Silva, a quest\u00e3o central n\u00e3o \u00e9 apenas saber se houve ou n\u00e3o pr\u00e1tica criminosa, mas avaliar o impacto das suspeitas e a escala das suas consequ\u00eancias eleitorais.<\/p>\n<p>A responsabiliza\u00e7\u00e3o de Wagner depende de provas robustas, contradit\u00f3rio e senten\u00e7a judicial. Mas sua perman\u00eancia no cargo abala a imagem de Lula e, tamb\u00e9m, a credibilidade das institui\u00e7\u00f5es e a confian\u00e7a da sociedade em seus representantes. As suspeitas formuladas pela PF, acolhidas parcialmente pelo ministro Andr\u00e9 Mendon\u00e7a, do Supremo Tribunal Federal, s\u00e3o graves. Segundo a investiga\u00e7\u00e3o, Wagner teria mantido interlocu\u00e7\u00e3o privilegiada com o banqueiro Augusto Lima, apontado como aliado estrat\u00e9gico de Daniel Vorcaro, controlador do Master. A PF sustenta que essa rela\u00e7\u00e3o teria sido utilizada para promover interesses do grupo financeiro no Congresso.<\/p>\n<p>Leia mais:\u00a0<a href=\"https:\/\/www.correiobraziliense.com.br\/politica\/2026\/06\/7444125-escandalo-master-atinge-lider-do-governo-lula.html\"><strong>Esc\u00e2ndalo Master atinge l\u00edder do governo Lula<\/strong><\/a><\/p>\n<p>Segundo as investiga\u00e7\u00f5es, o senador teria participado de articula\u00e7\u00f5es destinadas a ampliar a margem consign\u00e1vel para trabalhadores da iniciativa privada, aposentados, pensionistas e benefici\u00e1rios de programas sociais. Trata-se do interesse econ\u00f4mico de institui\u00e7\u00f5es financeiras que operam nesse mercado, entre elas empresas ligadas ao grupo Master por meio do Credcesta. A defesa de uma proposta legislativa n\u00e3o constitui irregularidade. O problema s\u00e3o as supostas vantagens pessoais ou familiares recebidas em contrapartida. \u00c9 exatamente essa conex\u00e3o que a PF busca demonstrar.<\/p>\n<p>A chamada &#8220;Emenda Master&#8221;, vinculada \u00e0 PEC 65\/2023, \u00e9 o xis da quest\u00e3o. Segundo os investigadores, o texto teria sido elaborado por assessores do pr\u00f3prio Master e encaminhado a parlamentares com o objetivo de alterar regras do Fundo Garantidor de Cr\u00e9dito (FGC), ampliar sua cobertura e criar condi\u00e7\u00f5es mais favor\u00e1veis ao modelo de neg\u00f3cios da institui\u00e7\u00e3o financeira. A PF sustenta que Wagner teria atuado politicamente para facilitar sua tramita\u00e7\u00e3o.<\/p>\n<p>O FGC \u00e9 um dos pilares de estabilidade do sistema financeiro nacional. Altera\u00e7\u00f5es em suas regras afetam n\u00e3o apenas bancos espec\u00edficos, mas o conjunto do mercado. Caso fique demonstrado que interesses privados influenciaram a formula\u00e7\u00e3o ou a tramita\u00e7\u00e3o de propostas relacionadas ao Fundo Garantidor, a gravidade do epis\u00f3dio ser\u00e1 consider\u00e1vel. Wagner teria atuado, tamb\u00e9m, na tentativa de aquisi\u00e7\u00e3o do Master pelo Banco de Bras\u00edlia (BRB). A PF procura estabelecer se houve sua interfer\u00eancia parlamentar em benef\u00edcio do grupo financeiro investigado.<\/p>\n<p><strong>Dilema de Lula<\/strong><\/p>\n<p>H\u00e1 suspeitas de supostas contrapartidas recebidas pelo senador. A investiga\u00e7\u00e3o menciona repasses que totalizariam R$ 3,5 milh\u00f5es para a BN Financeira Ltda., empresa vinculada ao n\u00facleo familiar de Wagner. Os investigadores sustentam que os recursos teriam origem em empresas ligadas ao grupo econ\u00f4mico de Augusto Lima. A defesa do senador argumenta que tais recursos n\u00e3o tiveram destina\u00e7\u00e3o pessoal e rejeita qualquer v\u00ednculo com pr\u00e1ticas il\u00edcitas.<\/p>\n<p>O nervo exposto \u00e9 a negocia\u00e7\u00e3o de um apartamento de alto padr\u00e3o em Salvador, avaliado em aproximadamente R$ 2,4 milh\u00f5es. A PF sustenta que a aquisi\u00e7\u00e3o do im\u00f3vel teria sido uma forma de benef\u00edcio indireto concedido ao senador. Wagner, por sua vez, afirma que o im\u00f3vel jamais integrou seu patrim\u00f4nio e que a opera\u00e7\u00e3o fazia parte de uma negocia\u00e7\u00e3o leg\u00edtima envolvendo sua filha e Augusto Lima.<\/p>\n<p>Como em outros casos envolvendo parlamentares, h\u00e1 ainda refer\u00eancias ao uso de aeronaves particulares e ao recebimento de ingressos para eventos internacionais pagos por empresas relacionadas ao universo financeiro investigado. A PF considera esses benef\u00edcios parte do conjunto de vantagens supostamente oferecidas em troca de apoio pol\u00edtico.<\/p>\n<p>Entretanto, o pr\u00f3prio ministro Mendon\u00e7a age com cautela. Recusou pedidos de busca e apreens\u00e3o no gabinete parlamentar e em escrit\u00f3rios ligados ao mandato de Wagner. O fundamento foi a insufici\u00eancia de elementos para justificar medidas invasivas em depend\u00eancias vinculadas a outro Poder da Rep\u00fablica. A exist\u00eancia de uma investiga\u00e7\u00e3o n\u00e3o equivale \u00e0 comprova\u00e7\u00e3o dos fatos narrados.<\/p>\n<p><em>Leia tamb\u00e9m<\/em>:<a href=\"https:\/\/www.correiobraziliense.com.br\/politica\/2026\/06\/7444196-master-operacao-contra-jaques-wagner-causa-preocupacao-no-planalto.html\"><strong> Opera\u00e7\u00e3o contra Jaques Wagner causa preocupa\u00e7\u00e3o no Planalto<\/strong><\/a><\/p>\n<p>Wagner n\u00e3o \u00e9 um senador qualquer. Trata-se do principal articulador do governo Lula no Senado, ex-governador da Bahia, ex-ministro da Defesa, ex-ministro-chefe da Casa Civil e um dos petistas mais pr\u00f3ximos de Lula, o que amplia o impacto eleitoral das suspeitas. Por essa raz\u00e3o, cresce entre aliados do pr\u00f3prio governo a avalia\u00e7\u00e3o de que seu afastamento da lideran\u00e7a poderia preservar o Pal\u00e1cio do Planalto do desgaste associado ao caso.<\/p>\n<p>Nos bastidores, essa alternativa \u00e9 um dilema para Lula: afastar Wagner pode ser interpretado como reconhecimento impl\u00edcito das acusa\u00e7\u00f5es; mant\u00ea-lo no cargo, exp\u00f5e o governo a ataques permanentes da oposi\u00e7\u00e3o.<\/p>\n<p><strong>Nas entrelinhas<\/strong><em>: todas as colunas diariamente no<\/em>\u00a0<a href=\"https:\/\/blogs.correiobraziliense.com.br\/azedo\/\"><strong>Blog do Azedo<\/strong><\/a><\/p>\n","protected":false},"excerpt":{"rendered":"<p>A responsabiliza\u00e7\u00e3o do l\u00edder do governo depende de provas, contradit\u00f3rio e senten\u00e7a judicial, mas sua perman\u00eancia no cargo abala a imagem de Lula e a credibilidade das institui\u00e7\u00f5es A opera\u00e7\u00e3o da Pol\u00edcia Federal (PF), em Bras\u00edlia e Salvador, que teve como alvo o senador Jaques Wagner (PT-BA), gerou mais instabilidade entre os Poderes no rastro do esc\u00e2ndalo do Banco Master. [&hellip;]<\/p>\n","protected":false},"author":39,"featured_media":11447,"comment_status":"open","ping_status":"closed","sticky":false,"template":"","format":"standard","meta":{"footnotes":""},"categories":[457,1223,6,36,980,371,4,7,8,9,3],"tags":[2054,973,119,79,1418],"class_list":["post-11440","post","type-post","status-publish","format-standard","has-post-thumbnail","hentry","category-bahia","category-brasilia","category-congresso","category-economia","category-eleicoes-2","category-etica","category-governo","category-justica","category-partidos","category-politica-2","category-politica","tag-master","tag-mendonca","tag-senado","tag-supremo","tag-wagner"],"_links":{"self":[{"href":"https:\/\/blogs.correiobraziliense.com.br\/azedo\/wp-json\/wp\/v2\/posts\/11440","targetHints":{"allow":["GET"]}}],"collection":[{"href":"https:\/\/blogs.correiobraziliense.com.br\/azedo\/wp-json\/wp\/v2\/posts"}],"about":[{"href":"https:\/\/blogs.correiobraziliense.com.br\/azedo\/wp-json\/wp\/v2\/types\/post"}],"author":[{"embeddable":true,"href":"https:\/\/blogs.correiobraziliense.com.br\/azedo\/wp-json\/wp\/v2\/users\/39"}],"replies":[{"embeddable":true,"href":"https:\/\/blogs.correiobraziliense.com.br\/azedo\/wp-json\/wp\/v2\/comments?post=11440"}],"version-history":[{"count":2,"href":"https:\/\/blogs.correiobraziliense.com.br\/azedo\/wp-json\/wp\/v2\/posts\/11440\/revisions"}],"predecessor-version":[{"id":11448,"href":"https:\/\/blogs.correiobraziliense.com.br\/azedo\/wp-json\/wp\/v2\/posts\/11440\/revisions\/11448"}],"wp:featuredmedia":[{"embeddable":true,"href":"https:\/\/blogs.correiobraziliense.com.br\/azedo\/wp-json\/wp\/v2\/media\/11447"}],"wp:attachment":[{"href":"https:\/\/blogs.correiobraziliense.com.br\/azedo\/wp-json\/wp\/v2\/media?parent=11440"}],"wp:term":[{"taxonomy":"category","embeddable":true,"href":"https:\/\/blogs.correiobraziliense.com.br\/azedo\/wp-json\/wp\/v2\/categories?post=11440"},{"taxonomy":"post_tag","embeddable":true,"href":"https:\/\/blogs.correiobraziliense.com.br\/azedo\/wp-json\/wp\/v2\/tags?post=11440"}],"curies":[{"name":"wp","href":"https:\/\/api.w.org\/{rel}","templated":true}]}}