{"id":11434,"date":"2026-06-18T07:36:09","date_gmt":"2026-06-18T10:36:09","guid":{"rendered":"https:\/\/blogs.correiobraziliense.com.br\/azedo\/?p=11434"},"modified":"2026-06-18T07:43:17","modified_gmt":"2026-06-18T10:43:17","slug":"trump-volta-a-criticar-o-brasil-e-lula-pede-que-nao-se-meta-nas-eleicoes","status":"publish","type":"post","link":"https:\/\/blogs.correiobraziliense.com.br\/azedo\/trump-volta-a-criticar-o-brasil-e-lula-pede-que-nao-se-meta-nas-eleicoes\/","title":{"rendered":"Trump volta a criticar o Brasil, e Lula pede que n\u00e3o se meta nas elei\u00e7\u00f5es"},"content":{"rendered":"<p><em><strong>O epis\u00f3dio do G7 talvez seja apenas o primeiro cap\u00edtulo de uma campanha eleitoral em que Washington ter\u00e1 presen\u00e7a muito maior do que em pleitos anteriores<\/strong><\/em><\/p>\n<p>O choque pol\u00edtico e ideol\u00f3gico entre o presidente Luiz In\u00e1cio Lula da Silva e o presidente dos Estados Unidos, Donald Trump, no contexto das elei\u00e7\u00f5es brasileiras, estava escrito nas estrelas. N\u00e3o \u00e9 um epis\u00f3dio isolado, provocado apenas pelas recentes declara\u00e7\u00f5es de Trump sobre a pol\u00edtica brasileira ou pela rea\u00e7\u00e3o de Lula durante a reuni\u00e3o do G7. O conflito tem ra\u00edzes mais profundas: a estreita liga\u00e7\u00e3o pol\u00edtica e ideol\u00f3gica entre o bolsonarismo e a atual administra\u00e7\u00e3o republicana, o novo posicionamento internacional do Brasil sob o governo Lula e a pr\u00f3pria complexidade hist\u00f3rica das rela\u00e7\u00f5es entre Bras\u00edlia e Washington. A disputa pode reavivar uma polariza\u00e7\u00e3o que marcou a vida pol\u00edtica nacional nas d\u00e9cadas de 1950 e 1960: o confronto entre nacionalistas e &#8220;entreguistas&#8221;, sob novas circunst\u00e2ncias e narrativas.<\/p>\n<p>As declara\u00e7\u00f5es de Trump na Fran\u00e7a, ao comentar a situa\u00e7\u00e3o pol\u00edtica brasileira e manifestar simpatia pelos Bolsonaro, n\u00e3o surgiram do nada. O presidente norte-americano tem afinidade pol\u00edtica com o ex-presidente Jair Bolsonaro e seus filhos desde seu primeiro mandato. Essa proximidade foi refor\u00e7ada pela atua\u00e7\u00e3o internacional do senador Fl\u00e1vio Bolsonaro (PL-RJ), principal advers\u00e1rio de Lula nas elei\u00e7\u00f5es, e do ex-deputado Eduardo Bolsonaro junto aos c\u00edrculos conservadores norte-americanos. Ele se autoexilou e se coloca como v\u00edtima de persegui\u00e7\u00e3o, o que aparentemente foi corroborado por sua condena\u00e7\u00e3o a quatro anos e dois meses de pris\u00e3o em regime semiaberto por &#8220;coa\u00e7\u00e3o&#8221; da Justi\u00e7a. O elo mais importante dessa conex\u00e3o \u00e9 o secret\u00e1rio de Estado dos EUA, Marco Rubio.<\/p>\n<p>Figura central da pol\u00edtica externa do governo Trump, Rubio compartilha com o bolsonarismo n\u00e3o apenas uma vis\u00e3o conservadora dos costumes, mas tamb\u00e9m uma vis\u00e3o geopol\u00edtica marcada pela oposi\u00e7\u00e3o \u00e0 China, pela cr\u00edtica aos governos de esquerda latino-americanos e pela defesa de um alinhamento preferencial com Washington. A classifica\u00e7\u00e3o do Primeiro Comando da Capital (PCC) e do Comando Vermelho como organiza\u00e7\u00f5es terroristas pelo Departamento de Estado, a press\u00e3o tarif\u00e1ria sobre produtos brasileiros e as cr\u00edticas dirigidas \u00e0s institui\u00e7\u00f5es brasileiras refletem essa converg\u00eancia entre setores do governo Trump e a oposi\u00e7\u00e3o bolsonarista.<\/p>\n<p><em>Leia mais:<\/em>\u00a0<a href=\"https:\/\/www.correiobraziliense.com.br\/politica\/2026\/06\/7443006-lula-rebate-trump-e-cobra-respeito-dos-estados-unidos-ao-brasil.html\"><strong>Lula rebate Trump e cobra respeito dos Estados Unidos ao Brasil<\/strong><\/a><\/p>\n<p>Ao reagir, Lula n\u00e3o fez apenas a defesa das institui\u00e7\u00f5es brasileiras. Reafirmou uma concep\u00e7\u00e3o tradicional da pol\u00edtica externa brasileira baseada na soberania nacional e na n\u00e3o interven\u00e7\u00e3o nos assuntos internos dos Estados. Ao dizer a Trump que n\u00e3o se meta nas elei\u00e7\u00f5es brasileiras, o presidente procurou estabelecer um limite diplom\u00e1tico que remete \u00e0 tradi\u00e7\u00e3o do Itamaraty desde o Bar\u00e3o do Rio Branco. O problema \u00e9 que a rela\u00e7\u00e3o entre Brasil e Estados Unidos sempre foi complexa. \u00c9 tecida por interesses econ\u00f4micos, afinidades culturais e disputas geopol\u00edticas que remontam ao s\u00e9culo XIX.<\/p>\n<p><strong>Cosmopolitismo<\/strong><\/p>\n<p>Maior pa\u00eds da Am\u00e9rica do Sul, sempre houve uma combina\u00e7\u00e3o contradit\u00f3ria de coopera\u00e7\u00e3o e tens\u00e3o com Washington. Houve momentos de estreita converg\u00eancia, como na Primeira Rep\u00fablica, no governo Dutra e nos primeiros anos do regime militar. Mas tamb\u00e9m per\u00edodos de atrito, como durante os governos de Get\u00falio Vargas e Jo\u00e3o Goulart. Agora, o contexto \u00e9 mais complexo. Embora os Estados Unidos continuem sendo uma refer\u00eancia econ\u00f4mica, tecnol\u00f3gica e cultural para a sociedade brasileira, a China se tornou o principal parceiro comercial do Brasil.<\/p>\n<p>O governo Lula aposta numa pol\u00edtica externa de m\u00faltiplos alinhamentos, fortalecendo rela\u00e7\u00f5es com os pa\u00edses do Brics, ampliando la\u00e7os com Pequim e defendendo uma ordem internacional multipolar. Essa estrat\u00e9gia colide frontalmente com a vis\u00e3o geopol\u00edtica de Trump e Rubio, para os quais a conten\u00e7\u00e3o da influ\u00eancia chinesa constitui prioridade absoluta. Nesse cen\u00e1rio, era inevit\u00e1vel que a pol\u00edtica externa ganhasse densidade no embate eleitoral. O bolsonarismo busca apresentar Lula como representante de um projeto alinhado \u00e0 China. O lulismo, por sua vez, acusa o bolsonarismo de ter complexo de vira-latas e subordinar os interesses nacionais aos interesses norte-americanos. O epis\u00f3dio do G7 talvez seja apenas o primeiro cap\u00edtulo de uma campanha eleitoral em que Washington ter\u00e1 presen\u00e7a muito maior do que em elei\u00e7\u00f5es anteriores.<\/p>\n<p><em>Leia tamb\u00e9m<\/em>: <a href=\"https:\/\/www.correiobraziliense.com.br\/mundo\/2026\/06\/7443430-ex-escritor-de-discursos-demitido-lobista-e-linha-dura-quem-sao-os-aliados-de-flavio-bolsonaro-no-governo-trump.html\"><strong>Quem s\u00e3o os aliados de Fl\u00e1vio Bolsonaro no governo Trump<\/strong><\/a><\/p>\n<p>Essa tens\u00e3o n\u00e3o \u00e9 nova. Remete-nos ao velho debate que dividiu o Brasil durante a industrializa\u00e7\u00e3o do p\u00f3s-guerra. De um lado, os nacionalistas, defensores do desenvolvimento aut\u00f4nomo, da prote\u00e7\u00e3o da ind\u00fastria nacional, da soberania sobre recursos estrat\u00e9gicos e de uma pol\u00edtica externa independente. De outro, os chamados &#8220;entreguistas&#8221;, acusados de favorecer interesses estrangeiros em detrimento de um projeto nacional de desenvolvimento.<\/p>\n<p>Celso Furtado e outros economistas defenderam a necessidade de um desenvolvimento apoiado na inova\u00e7\u00e3o tecnol\u00f3gica e na redu\u00e7\u00e3o da depend\u00eancia externa. Em sentido oposto, setores liberais e conservadores apostavam numa integra\u00e7\u00e3o mais estreita ao capitalismo internacional liderado pelos Estados Unidos. A disputa marcou os governos Vargas, Juscelino Kubitschek e Jo\u00e3o Goulart e foi um dos componentes da crise pol\u00edtica que desembocou no golpe de Estado de 1964.<\/p>\n<p>Entretanto, o mundo \u00e9 outro. A economia brasileira foi globalizada. Numa invers\u00e3o de pap\u00e9is, quem se op\u00f5e \u00e0 globaliza\u00e7\u00e3o e adota uma pol\u00edtica protecionistas s\u00e3o os Estados Unidos. Nossa economia est\u00e1 integrada \u00e0s cadeias globais, o agroneg\u00f3cio exporta principalmente para a China e a pr\u00f3pria no\u00e7\u00e3o de soberania nacional ganhou novos contornos diante da revolu\u00e7\u00e3o tecnol\u00f3gica e do nosso cosmopolitismo. No entanto, a ess\u00eancia do conflito permanece: qual \u00e9 o lugar do Brasil no mundo? Um pa\u00eds capaz de formular seu pr\u00f3prio projeto de desenvolvimento ou uma na\u00e7\u00e3o dependente das decis\u00f5es tomadas pelas grandes pot\u00eancias?<\/p>\n<p><strong>Nas entrelinhas<\/strong><em>: todas as colunas diariamente no<\/em>\u00a0<a href=\"https:\/\/blogs.correiobraziliense.com.br\/azedo\/\"><strong>Blog do Azedo<\/strong><\/a><\/p>\n","protected":false},"excerpt":{"rendered":"<p>O epis\u00f3dio do G7 talvez seja apenas o primeiro cap\u00edtulo de uma campanha eleitoral em que Washington ter\u00e1 presen\u00e7a muito maior do que em pleitos anteriores O choque pol\u00edtico e ideol\u00f3gico entre o presidente Luiz In\u00e1cio Lula da Silva e o presidente dos Estados Unidos, Donald Trump, no contexto das elei\u00e7\u00f5es brasileiras, estava escrito nas estrelas. N\u00e3o \u00e9 um epis\u00f3dio [&hellip;]<\/p>\n","protected":false},"author":39,"featured_media":11441,"comment_status":"open","ping_status":"closed","sticky":false,"template":"","format":"standard","meta":{"footnotes":""},"categories":[1241,1223,481,36,980,589,4,369,7,972,3,9,44,76],"tags":[130,180,254,58,10],"class_list":["post-11434","post","type-post","status-publish","format-standard","has-post-thumbnail","hentry","category-itamaraty-2","category-brasilia","category-china","category-economia","category-eleicoes-2","category-eua","category-governo","category-itamaraty","category-justica","category-memoria","category-politica","category-politica-2","category-terrorismo","category-trump","tag-bolsonaro","tag-china","tag-itamaraty","tag-trump","tag-lula"],"_links":{"self":[{"href":"https:\/\/blogs.correiobraziliense.com.br\/azedo\/wp-json\/wp\/v2\/posts\/11434","targetHints":{"allow":["GET"]}}],"collection":[{"href":"https:\/\/blogs.correiobraziliense.com.br\/azedo\/wp-json\/wp\/v2\/posts"}],"about":[{"href":"https:\/\/blogs.correiobraziliense.com.br\/azedo\/wp-json\/wp\/v2\/types\/post"}],"author":[{"embeddable":true,"href":"https:\/\/blogs.correiobraziliense.com.br\/azedo\/wp-json\/wp\/v2\/users\/39"}],"replies":[{"embeddable":true,"href":"https:\/\/blogs.correiobraziliense.com.br\/azedo\/wp-json\/wp\/v2\/comments?post=11434"}],"version-history":[{"count":4,"href":"https:\/\/blogs.correiobraziliense.com.br\/azedo\/wp-json\/wp\/v2\/posts\/11434\/revisions"}],"predecessor-version":[{"id":11444,"href":"https:\/\/blogs.correiobraziliense.com.br\/azedo\/wp-json\/wp\/v2\/posts\/11434\/revisions\/11444"}],"wp:featuredmedia":[{"embeddable":true,"href":"https:\/\/blogs.correiobraziliense.com.br\/azedo\/wp-json\/wp\/v2\/media\/11441"}],"wp:attachment":[{"href":"https:\/\/blogs.correiobraziliense.com.br\/azedo\/wp-json\/wp\/v2\/media?parent=11434"}],"wp:term":[{"taxonomy":"category","embeddable":true,"href":"https:\/\/blogs.correiobraziliense.com.br\/azedo\/wp-json\/wp\/v2\/categories?post=11434"},{"taxonomy":"post_tag","embeddable":true,"href":"https:\/\/blogs.correiobraziliense.com.br\/azedo\/wp-json\/wp\/v2\/tags?post=11434"}],"curies":[{"name":"wp","href":"https:\/\/api.w.org\/{rel}","templated":true}]}}