{"id":11424,"date":"2026-06-16T07:28:18","date_gmt":"2026-06-16T10:28:18","guid":{"rendered":"https:\/\/blogs.correiobraziliense.com.br\/azedo\/?p=11424"},"modified":"2026-06-16T11:31:45","modified_gmt":"2026-06-16T14:31:45","slug":"motta-pauta-jornada-de-ate-40-horas-bandeira-eleitoral-de-lula","status":"publish","type":"post","link":"https:\/\/blogs.correiobraziliense.com.br\/azedo\/motta-pauta-jornada-de-ate-40-horas-bandeira-eleitoral-de-lula\/","title":{"rendered":"Motta pauta jornada de at\u00e9 40 horas, bandeira eleitoral de Lula"},"content":{"rendered":"<p><em><strong>A nova jornada de trabalho de at\u00e9 40 horas est\u00e1 associada aos setores tradicionais da economia nos quais o trabalho \u00e9 regulamentado pela CLT, como a constru\u00e7\u00e3o civil e o com\u00e9rcio varejista<\/strong><\/em><\/p>\n<p>O presidente da C\u00e2mara dos Deputados, Hugo Motta (Republicanos-PB), decidiu pautar o fim da jornada 6 x 1 pondo em vota\u00e7\u00e3o o Projeto de Lei 1.838\/26 encaminhado ao Congresso pelo presidente Luiz In\u00e1cio Lula da Silva, que limita o trabalho em at\u00e9 40 horas semanais. A proposta \u00e9 uma das principais bandeiras eleitorais de Lula, que aposta na &#8220;economia do afeto&#8221; para viabilizar sua reelei\u00e7\u00e3o. Como sempre acontece quando h\u00e1 mudan\u00e7as nas rela\u00e7\u00f5es de trabalho a favor dos assalariados, a maioria das entidades representativas dos empregadores se op\u00f5e \u00e0 nova regulamenta\u00e7\u00e3o. Parte da oposi\u00e7\u00e3o deve aderir \u00e0 proposta, por raz\u00f5es eleitorais.<\/p>\n<p>O Partido Novo, do ex-governador mineiro Romeu Zema, por exemplo, defende que a altera\u00e7\u00e3o ocorra via negocia\u00e7\u00e3o coletiva entre empregadores e empregados, e n\u00e3o por imposi\u00e7\u00e3o legal. Alega potenciais impactos negativos na economia, no custo das contrata\u00e7\u00f5es e na margem de lucro das empresas. Durante as vota\u00e7\u00f5es da PEC na C\u00e2mara dos Deputados, a bancada do partido atuou na obstru\u00e7\u00e3o dos debates nas comiss\u00f5es e registrou votos contr\u00e1rios ao texto-base, alinhando-se a parlamentares que apontavam riscos de aumento de infla\u00e7\u00e3o e informalidade.<\/p>\n<p>Agora, o assunto volta \u00e0 pauta. Nesta ter\u00e7a-feira, na reuni\u00e3o de l\u00edderes, antes da vota\u00e7\u00e3o, o relator da proposta, deputado Leo Prates (Republicanos-BA), dever\u00e1 esclarecer pontos de seu parecer. O texto \u00e9 o item \u00fanico da pauta do plen\u00e1rio. O projeto foi enviado pelo Poder Executivo com regime de urg\u00eancia e tranca a pauta de vota\u00e7\u00f5es. &#8220;Com a aprecia\u00e7\u00e3o da mat\u00e9ria, destravamos a pauta da Casa&#8221;, disse Motta em suas redes sociais. A quest\u00e3o de fundo na regulamenta\u00e7\u00e3o do fim da jornada 6 x1 \u00e9 a forma de transi\u00e7\u00e3o, se a redu\u00e7\u00e3o ser\u00e1 gradativa e seu prazo de implementa\u00e7\u00e3o.<\/p>\n<p><em>Leia mais:<\/em>\u00a0<a href=\"https:\/\/www.correiobraziliense.com.br\/politica\/2026\/06\/7441226-motta-convoca-lideres-e-preve-votacao-do-fim-da-6x1-nesta-semana.html\"><strong>Motta convoca l\u00edderes e prev\u00ea vota\u00e7\u00e3o do fim da 6&#215;1 nesta semana<\/strong><\/a><\/p>\n<p>Guardadas as diferen\u00e7as de contexto, \u00e9 alarmista o discurso de que a altera\u00e7\u00e3o desorganizar\u00e1 setores b\u00e1sicos da economia, que ainda adotam a jornada de 6&#215;1. Lembra o processo de aboli\u00e7\u00e3o da escravatura, que levou 38 anos de transi\u00e7\u00e3o. Come\u00e7ou com a Lei Eus\u00e9bio de Queir\u00f3s, que pro\u00edbe o tr\u00e1fico transatl\u00e2ntico de escravos para o Brasil, em 1850, o que n\u00e3o impediu o tr\u00e1fico clandestino. Com o surgimento de jornais, clubes e associa\u00e7\u00f5es favor\u00e1veis \u00e0 emancipa\u00e7\u00e3o, em 1871, foi aprovada a Lei do Ventre Livre, que declarava livres os filhos de mulheres escravizadas nascidos a partir daquele ano.<\/p>\n<p>Destacaram-se na campanha abolicionista o escritor monarquista e diplomata Joaquim Nabuco, que criou a Funda\u00e7\u00e3o da Sociedade Brasileira Contra a Escravid\u00e3o em 1880; o farmac\u00eautico e jornalista Jos\u00e9 do Patroc\u00ednio, que beijaria a m\u00e3o da princesa Isabel por ocasi\u00e3o da Proclama\u00e7\u00e3o da Lei \u00c1urea, em 1888; o engenheiro Andr\u00e9 Rebou\u00e7as, que dan\u00e7ou com a Regente do Imp\u00e9rio no famoso Baile da Ilha Fiscal; e o advogado e poeta Lu\u00eds Gama, o \u00fanico republicano do grupo.<\/p>\n<p><strong>&#8220;Uberiza\u00e7\u00e3o&#8221;<\/strong><\/p>\n<p>Em 1884, as prov\u00edncias do Cear\u00e1 e do Amazonas aboliram a escravid\u00e3o antes do restante do pa\u00eds. Mesmo assim, em 1885, com a Lei dos Sexagen\u00e1rios, que libertava os escravos com mais de 60 anos, mais uma vez foi adiado o fim do trabalho escravo, com o argumento de que isso levaria o pa\u00eds ao colapso. Com o crescimento das fugas coletivas e a multiplica\u00e7\u00e3o dos quilombos, a aboli\u00e7\u00e3o se tornou inadi\u00e1vel. O Ex\u00e9rcito se recusava a participar da captura de escravos fugitivos. Finalmente, em 13 de maio de 1888, a princesa Isabel assinou a Lei \u00c1urea, cuja import\u00e2ncia n\u00e3o deve ser relevada, porque mudou o modo de produ\u00e7\u00e3o no Brasil.<\/p>\n<p>A aboli\u00e7\u00e3o n\u00e3o foi uma concess\u00e3o isolada. Combinou a resist\u00eancia dos escravos, a a\u00e7\u00e3o dos abolicionistas, a press\u00e3o internacional, as mudan\u00e7as econ\u00f4micas e a crescente mobiliza\u00e7\u00e3o popular. Entretanto, as sequelas sociais da escravid\u00e3o permanecem. Para introduzir o trabalho assalariado nas fazendas, sobretudo de caf\u00e9, desde o final de Imp\u00e9rio, levas de imigrantes italianos, espanh\u00f3is e japoneses, entre outras nacionalidades, foram trazidas para o Brasil.<\/p>\n<p>A maioria dos 700 mil escravos libertados foi alijada da produ\u00e7\u00e3o, discriminada e marginalizada. No Brasil, a cada ciclo de moderniza\u00e7\u00e3o ou esgotamento de produ\u00e7\u00e3o, a m\u00e3o de obra \u00e9 descartada. Foi assim nos ciclos do ouro em Minas Gerais, do cacau na Bahia e da borracha na Amaz\u00f4nia. Essa situa\u00e7\u00e3o se repete agora, com o avan\u00e7o tecnol\u00f3gico, que descarta m\u00e3o de obra, engendra novas formas de produ\u00e7\u00e3o e cria profiss\u00f5es, num processo irrevers\u00edvel de inova\u00e7\u00e3o e mudan\u00e7as sociais.<\/p>\n<p><em>Leia ainda<\/em>:\u00a0<strong><a href=\"https:\/\/blogs.correiobraziliense.com.br\/azedo\/o-fim-da-escala-6-por-1-a-economia-do-afeto-e-a-reeleicao-de-lula\/\">O fim da escala 6 por 1, a \u201ceconomia do afeto\u201d e a reelei\u00e7\u00e3o de Lula<\/a><\/strong><\/p>\n<p>Inevitavelmente, a automa\u00e7\u00e3o chegar\u00e1 a setores como a constru\u00e7\u00e3o civil. A nova jornada de trabalho de at\u00e9 40 horas est\u00e1 associada aos setores tradicionais da economia nos quais o trabalho \u00e9 regulamentado pela CLT. N\u00e3o atinge as atividades pautadas pela chamada &#8220;uberiza\u00e7\u00e3o&#8221;, nas quais os trabalhadores n\u00e3o t\u00eam patr\u00e3o e regulam a pr\u00f3pria jornada de trabalho. De certa forma, com o aumento das horas livres, tamb\u00e9m ser\u00e1 associada \u00e0 amplia\u00e7\u00e3o do trabalho via aplicativos e do empreendedorismo.<\/p>\n<p>Lula j\u00e1 se beneficia dos programas de transfer\u00eancia de renda, como Bolsa Fam\u00edlia e Vale G\u00e1s, e dos aumentos de sal\u00e1rio real, da queda da taxa de desemprego e da isen\u00e7\u00e3o do pagamento de Imposto de Renda para quem recebe at\u00e9 R$ 5 mil. A implanta\u00e7\u00e3o imediata da jornada de at\u00e9 40 horas \u00e9 mais uma bandeira de campanha que deixa na defensiva a oposi\u00e7\u00e3o.<\/p>\n<p><strong>Nas entrelinhas<\/strong><em>: todas as colunas no<\/em>\u00a0<a href=\"https:\/\/blogs.correiobraziliense.com.br\/azedo\/\"><strong>Blog do Azedo<\/strong><\/a><\/p>\n","protected":false},"excerpt":{"rendered":"<p>A nova jornada de trabalho de at\u00e9 40 horas est\u00e1 associada aos setores tradicionais da economia nos quais o trabalho \u00e9 regulamentado pela CLT, como a constru\u00e7\u00e3o civil e o com\u00e9rcio varejista O presidente da C\u00e2mara dos Deputados, Hugo Motta (Republicanos-PB), decidiu pautar o fim da jornada 6 x 1 pondo em vota\u00e7\u00e3o o Projeto de Lei 1.838\/26 encaminhado ao [&hellip;]<\/p>\n","protected":false},"author":39,"featured_media":11429,"comment_status":"open","ping_status":"closed","sticky":false,"template":"","format":"standard","meta":{"footnotes":""},"categories":[1223,6,37,36,4,972,113,8,9,3,1937,894,48],"tags":[217,1809,424,95,10],"class_list":["post-11424","post","type-post","status-publish","format-standard","has-post-thumbnail","hentry","category-brasilia","category-congresso","category-desemprego","category-economia","category-governo","category-memoria","category-militares","category-partidos","category-politica-2","category-politica","category-sindicatos","category-tecnologia","category-trabalho","tag-camara","tag-motta","tag-oposicao","tag-trabalho","tag-lula"],"_links":{"self":[{"href":"https:\/\/blogs.correiobraziliense.com.br\/azedo\/wp-json\/wp\/v2\/posts\/11424","targetHints":{"allow":["GET"]}}],"collection":[{"href":"https:\/\/blogs.correiobraziliense.com.br\/azedo\/wp-json\/wp\/v2\/posts"}],"about":[{"href":"https:\/\/blogs.correiobraziliense.com.br\/azedo\/wp-json\/wp\/v2\/types\/post"}],"author":[{"embeddable":true,"href":"https:\/\/blogs.correiobraziliense.com.br\/azedo\/wp-json\/wp\/v2\/users\/39"}],"replies":[{"embeddable":true,"href":"https:\/\/blogs.correiobraziliense.com.br\/azedo\/wp-json\/wp\/v2\/comments?post=11424"}],"version-history":[{"count":5,"href":"https:\/\/blogs.correiobraziliense.com.br\/azedo\/wp-json\/wp\/v2\/posts\/11424\/revisions"}],"predecessor-version":[{"id":11432,"href":"https:\/\/blogs.correiobraziliense.com.br\/azedo\/wp-json\/wp\/v2\/posts\/11424\/revisions\/11432"}],"wp:featuredmedia":[{"embeddable":true,"href":"https:\/\/blogs.correiobraziliense.com.br\/azedo\/wp-json\/wp\/v2\/media\/11429"}],"wp:attachment":[{"href":"https:\/\/blogs.correiobraziliense.com.br\/azedo\/wp-json\/wp\/v2\/media?parent=11424"}],"wp:term":[{"taxonomy":"category","embeddable":true,"href":"https:\/\/blogs.correiobraziliense.com.br\/azedo\/wp-json\/wp\/v2\/categories?post=11424"},{"taxonomy":"post_tag","embeddable":true,"href":"https:\/\/blogs.correiobraziliense.com.br\/azedo\/wp-json\/wp\/v2\/tags?post=11424"}],"curies":[{"name":"wp","href":"https:\/\/api.w.org\/{rel}","templated":true}]}}