{"id":67,"count":176,"description":"","link":"https:\/\/blogs.correiobraziliense.com.br\/aricunha\/tag\/brasilia-historiadebrasilia-aricunha-circecunha-mamfil\/","name":"#Bras\u00edlia #Hist\u00f3riadeBras\u00edlia #AriCunha #CirceCunha #Mamfil","slug":"brasilia-historiadebrasilia-aricunha-circecunha-mamfil","taxonomy":"post_tag","meta":[],"_links":{"self":[{"href":"https:\/\/blogs.correiobraziliense.com.br\/aricunha\/wp-json\/wp\/v2\/tags\/67","targetHints":{"allow":["GET"]}}],"collection":[{"href":"https:\/\/blogs.correiobraziliense.com.br\/aricunha\/wp-json\/wp\/v2\/tags"}],"about":[{"href":"https:\/\/blogs.correiobraziliense.com.br\/aricunha\/wp-json\/wp\/v2\/taxonomies\/post_tag"}],"wp:post_type":[{"href":"https:\/\/blogs.correiobraziliense.com.br\/aricunha\/wp-json\/wp\/v2\/posts?tags=67"}],"curies":[{"name":"wp","href":"https:\/\/api.w.org\/{rel}","templated":true}]}}