{"id":3524,"count":1,"description":"","link":"https:\/\/blogs.correiobraziliense.com.br\/aricunha\/tag\/penitenciariadesegurancamaxima\/","name":"#Penitenci\u00e1riaDeSeguran\u00e7aM\u00e1xima","slug":"penitenciariadesegurancamaxima","taxonomy":"post_tag","meta":[],"_links":{"self":[{"href":"https:\/\/blogs.correiobraziliense.com.br\/aricunha\/wp-json\/wp\/v2\/tags\/3524","targetHints":{"allow":["GET"]}}],"collection":[{"href":"https:\/\/blogs.correiobraziliense.com.br\/aricunha\/wp-json\/wp\/v2\/tags"}],"about":[{"href":"https:\/\/blogs.correiobraziliense.com.br\/aricunha\/wp-json\/wp\/v2\/taxonomies\/post_tag"}],"wp:post_type":[{"href":"https:\/\/blogs.correiobraziliense.com.br\/aricunha\/wp-json\/wp\/v2\/posts?tags=3524"}],"curies":[{"name":"wp","href":"https:\/\/api.w.org\/{rel}","templated":true}]}}