{"id":1835,"count":1,"description":"","link":"https:\/\/blogs.correiobraziliense.com.br\/aricunha\/tag\/biodiversiadaebrasileira-preservacaodobioma-queimadasnaamazonia\/","name":"#BiodiversiadaeBrasileira; Preserva\u00e7\u00e3oDoBioma; #QueimadasNaAmaz\u00f4nia;","slug":"biodiversiadaebrasileira-preservacaodobioma-queimadasnaamazonia","taxonomy":"post_tag","meta":[],"_links":{"self":[{"href":"https:\/\/blogs.correiobraziliense.com.br\/aricunha\/wp-json\/wp\/v2\/tags\/1835","targetHints":{"allow":["GET"]}}],"collection":[{"href":"https:\/\/blogs.correiobraziliense.com.br\/aricunha\/wp-json\/wp\/v2\/tags"}],"about":[{"href":"https:\/\/blogs.correiobraziliense.com.br\/aricunha\/wp-json\/wp\/v2\/taxonomies\/post_tag"}],"wp:post_type":[{"href":"https:\/\/blogs.correiobraziliense.com.br\/aricunha\/wp-json\/wp\/v2\/posts?tags=1835"}],"curies":[{"name":"wp","href":"https:\/\/api.w.org\/{rel}","templated":true}]}}