{"id":1780,"count":1,"description":"","link":"https:\/\/blogs.correiobraziliense.com.br\/aricunha\/tag\/maprestacaodeservicopublico\/","name":"#M\u00e1Presta\u00e7\u00e3oDeServi\u00e7oP\u00fablico","slug":"maprestacaodeservicopublico","taxonomy":"post_tag","meta":[],"_links":{"self":[{"href":"https:\/\/blogs.correiobraziliense.com.br\/aricunha\/wp-json\/wp\/v2\/tags\/1780","targetHints":{"allow":["GET"]}}],"collection":[{"href":"https:\/\/blogs.correiobraziliense.com.br\/aricunha\/wp-json\/wp\/v2\/tags"}],"about":[{"href":"https:\/\/blogs.correiobraziliense.com.br\/aricunha\/wp-json\/wp\/v2\/taxonomies\/post_tag"}],"wp:post_type":[{"href":"https:\/\/blogs.correiobraziliense.com.br\/aricunha\/wp-json\/wp\/v2\/posts?tags=1780"}],"curies":[{"name":"wp","href":"https:\/\/api.w.org\/{rel}","templated":true}]}}