{"id":9960,"date":"2018-02-22T21:00:03","date_gmt":"2018-02-23T00:00:03","guid":{"rendered":"https:\/\/blogs.correiobraziliense.com.br\/aricunha\/?p=9960"},"modified":"2018-02-23T19:07:57","modified_gmt":"2018-02-23T22:07:57","slug":"9960-2","status":"publish","type":"post","link":"https:\/\/blogs.correiobraziliense.com.br\/aricunha\/9960-2\/","title":{"rendered":"Ranking da vergonha"},"content":{"rendered":"<p style=\"text-align: justify\">ARI CUNHA<\/p>\n<p style=\"text-align: justify\">Visto, lido e ouvido<\/p>\n<p style=\"text-align: justify\">Desde 1960<\/p>\n<p style=\"text-align: justify\">colunadoaricunha@gmail.com;<\/p>\n<p style=\"text-align: justify\">com Circe Cunha e Mamfil<\/p>\n<figure id=\"attachment_9965\" aria-describedby=\"caption-attachment-9965\" style=\"width: 406px\" class=\"wp-caption alignleft\"><img loading=\"lazy\" decoding=\"async\" class=\" wp-image-9965\" src=\"https:\/\/blogs.correiobraziliense.com.br\/aricunha\/wp-content\/uploads\/sites\/13\/2018\/02\/ranking.jpg\" alt=\"Imagem: brasil.elpais.com\" width=\"406\" height=\"479\" srcset=\"https:\/\/blogs.correiobraziliense.com.br\/aricunha\/wp-content\/uploads\/sites\/13\/2018\/02\/ranking.jpg 487w, https:\/\/blogs.correiobraziliense.com.br\/aricunha\/wp-content\/uploads\/sites\/13\/2018\/02\/ranking-254x300.jpg 254w, https:\/\/blogs.correiobraziliense.com.br\/aricunha\/wp-content\/uploads\/sites\/13\/2018\/02\/ranking-296x350.jpg 296w, https:\/\/blogs.correiobraziliense.com.br\/aricunha\/wp-content\/uploads\/sites\/13\/2018\/02\/ranking-230x272.jpg 230w\" sizes=\"auto, (max-width: 406px) 100vw, 406px\" \/><figcaption id=\"caption-attachment-9965\" class=\"wp-caption-text\">Imagem: brasil.elpais.com<\/figcaption><\/figure>\n<p style=\"text-align: justify\">\u00a0 \u00a0 \u00a0 \u00a0&#8220;N\u00e3o houve uma reposta \u00e0 altura para o problema da corrup\u00e7\u00e3o, esta palavra n\u00e3o aparece nos discursos oficias do presidente da Rep\u00fablica ou em qualquer projeto de lei ou agenda do Congresso. \u00c9 como se o problema n\u00e3o existisse.\u201d Quem afirma \u00e9 o representante da Transpar\u00eancia Internacional no Brasil, Bruno Brand\u00e3o, ao analisar o \u00faltimo ranking publicado pela entidade nesta quarta-feira e que mede o \u00edndice de percep\u00e7\u00e3o da sociedade com o combate \u00e0 corrup\u00e7\u00e3o em 180 pa\u00edses em 2017.<\/p>\n<p style=\"text-align: justify\">\u00a0\u00a0\u00a0\u00a0\u00a0\u00a0\u00a0 \u00a0Nesta nova amostragem, o Brasil despencou da 79\u00aa para a 96\u00aa posi\u00e7\u00e3o, ficando com 37 pontos, numa escala que vai at\u00e9 100. Para os analistas, esta foi uma das maiores quedas j\u00e1 registradas na hist\u00f3ria deste ranking, o que, para a sociedade e para o pa\u00eds, representa n\u00e3o s\u00f3 uma enorme frustra\u00e7\u00e3o, mas sobretudo assinala que o combate \u00e0 corrup\u00e7\u00e3o, que vinha numa boa trajet\u00f3ria, encontra-se hoje numa encruzilhada de grande risco.<\/p>\n<p style=\"text-align: justify\">\u00a0\u00a0\u00a0\u00a0\u00a0\u00a0\u00a0 \u00a0Essa percep\u00e7\u00e3o indica, entre outras variantes, que est\u00e1 em andamento um conjunto de for\u00e7as que est\u00e3o atuando sistematicamente em todos os n\u00edveis para sabotar esse processo de saneamento t\u00e3o necess\u00e1rio e urgente. A situa\u00e7\u00e3o ganha ainda maior gravidade quando se analisa que o Brasil vem perdendo posi\u00e7\u00f5es, inclusive, com rela\u00e7\u00e3o aos pa\u00edses com condi\u00e7\u00f5es similares de desenvolvimento, como \u00e9 o caso dos BRICS. At\u00e9 mesmo no continente, o Brasil aparece em posi\u00e7\u00e3o desfavor\u00e1vel, atr\u00e1s da Argentina e de outros pa\u00edses.<\/p>\n<figure id=\"attachment_9966\" aria-describedby=\"caption-attachment-9966\" style=\"width: 421px\" class=\"wp-caption alignright\"><img loading=\"lazy\" decoding=\"async\" class=\" wp-image-9966\" src=\"https:\/\/blogs.correiobraziliense.com.br\/aricunha\/wp-content\/uploads\/sites\/13\/2018\/02\/41104330ab67f8afb33d4b84addc88a4.jpg\" alt=\"Charge: pinterest.pt\" width=\"421\" height=\"265\" srcset=\"https:\/\/blogs.correiobraziliense.com.br\/aricunha\/wp-content\/uploads\/sites\/13\/2018\/02\/41104330ab67f8afb33d4b84addc88a4.jpg 780w, https:\/\/blogs.correiobraziliense.com.br\/aricunha\/wp-content\/uploads\/sites\/13\/2018\/02\/41104330ab67f8afb33d4b84addc88a4-300x189.jpg 300w, https:\/\/blogs.correiobraziliense.com.br\/aricunha\/wp-content\/uploads\/sites\/13\/2018\/02\/41104330ab67f8afb33d4b84addc88a4-768x483.jpg 768w, https:\/\/blogs.correiobraziliense.com.br\/aricunha\/wp-content\/uploads\/sites\/13\/2018\/02\/41104330ab67f8afb33d4b84addc88a4-350x220.jpg 350w, https:\/\/blogs.correiobraziliense.com.br\/aricunha\/wp-content\/uploads\/sites\/13\/2018\/02\/41104330ab67f8afb33d4b84addc88a4-550x346.jpg 550w, https:\/\/blogs.correiobraziliense.com.br\/aricunha\/wp-content\/uploads\/sites\/13\/2018\/02\/41104330ab67f8afb33d4b84addc88a4-230x145.jpg 230w\" sizes=\"auto, (max-width: 421px) 100vw, 421px\" \/><figcaption id=\"caption-attachment-9966\" class=\"wp-caption-text\">Charge: pinterest.pt<\/figcaption><\/figure>\n<p style=\"text-align: justify\">\u00a0\u00a0\u00a0\u00a0\u00a0\u00a0\u00a0 \u00a0Para um ambiente de neg\u00f3cios, a atual posi\u00e7\u00e3o ocupada pelo nosso pa\u00eds \u00e9 p\u00e9ssima e indica que o setor p\u00fablico \u00e9 avaliado como impregnado ainda de corrup\u00e7\u00e3o, o que dificulta at\u00e9 mesmo as transa\u00e7\u00f5es mais simples. Colocado sob lupa rigorosa, necessitamos nos livrar desse r\u00f3tulo negativo o quanto antes, pois est\u00e1 sendo analisado de perto pelo Banco Mundial, F\u00f3rum Mundial, Banco Africano de Desenvolvimento e outros organismos internacionais.<\/p>\n<p style=\"text-align: justify\">\u00a0\u00a0\u00a0\u00a0\u00a0\u00a0\u00a0 \u00a0Para os estudiosos, os elementos que mais pesaram na reca\u00edda do Brasil no ranking de percep\u00e7\u00e3o de combate \u00e0 corrup\u00e7\u00e3o foram, al\u00e9m das den\u00fancias que pesaram sobre o presidente Temer e grande parte do seu minist\u00e9rio, o fato do Congresso Nacional ter agido de modo condescendente, impedindo o prosseguimento das investiga\u00e7\u00f5es, mesmo ap\u00f3s a condena\u00e7\u00e3o e pris\u00e3o de alguns desses figur\u00f5es que ocupavam os altos escal\u00f5es da rep\u00fablica.<\/p>\n<p style=\"text-align: justify\">\u00a0\u00a0\u00a0\u00a0\u00a0\u00a0\u00a0 Contribuiu tamb\u00e9m para essa reca\u00edda o fato de o Legislativo n\u00e3o ter avan\u00e7ado, no sentido de apreciar e votar as propostas apresentadas pelo Minist\u00e9rio P\u00fablico, condensadas no pacote com as dez medidas de combate \u00e0 corrup\u00e7\u00e3o e que haviam recebido grande apoio popular.<\/p>\n<p style=\"text-align: justify\"><strong>A frase que foi pronunciada:<\/strong><\/p>\n<p style=\"text-align: justify\">\u201cA corrup\u00e7\u00e3o deforma o sentido republicano da pr\u00e1tica pol\u00edtica.\u201d<\/p>\n<p style=\"text-align: justify\">Celso de Mello, ministro do Supremo Tribunal Federal<\/p>\n<p style=\"text-align: justify\"><strong>Inscri\u00e7\u00f5es<\/strong><\/p>\n<p style=\"text-align: justify\">Al\u00e9m dos esportes, o Iate Clube de Bras\u00edlia abriu vagas para o estudo da Arte. Quem aprecia o tema vai poder compartilhar a experi\u00eancia de Manoel de Andrade, arquiteto, jornalista, escultor e professor.<\/p>\n<figure id=\"attachment_9970\" aria-describedby=\"caption-attachment-9970\" style=\"width: 482px\" class=\"wp-caption aligncenter\"><img loading=\"lazy\" decoding=\"async\" class=\"wp-image-9970\" src=\"https:\/\/blogs.correiobraziliense.com.br\/aricunha\/wp-content\/uploads\/sites\/13\/2018\/02\/Design-sem-nome.jpg\" alt=\"\" width=\"482\" height=\"482\" srcset=\"https:\/\/blogs.correiobraziliense.com.br\/aricunha\/wp-content\/uploads\/sites\/13\/2018\/02\/Design-sem-nome.jpg 1080w, https:\/\/blogs.correiobraziliense.com.br\/aricunha\/wp-content\/uploads\/sites\/13\/2018\/02\/Design-sem-nome-150x150.jpg 150w, https:\/\/blogs.correiobraziliense.com.br\/aricunha\/wp-content\/uploads\/sites\/13\/2018\/02\/Design-sem-nome-300x300.jpg 300w, https:\/\/blogs.correiobraziliense.com.br\/aricunha\/wp-content\/uploads\/sites\/13\/2018\/02\/Design-sem-nome-768x768.jpg 768w, https:\/\/blogs.correiobraziliense.com.br\/aricunha\/wp-content\/uploads\/sites\/13\/2018\/02\/Design-sem-nome-1024x1024.jpg 1024w, https:\/\/blogs.correiobraziliense.com.br\/aricunha\/wp-content\/uploads\/sites\/13\/2018\/02\/Design-sem-nome-350x350.jpg 350w, https:\/\/blogs.correiobraziliense.com.br\/aricunha\/wp-content\/uploads\/sites\/13\/2018\/02\/Design-sem-nome-550x550.jpg 550w, https:\/\/blogs.correiobraziliense.com.br\/aricunha\/wp-content\/uploads\/sites\/13\/2018\/02\/Design-sem-nome-230x230.jpg 230w\" sizes=\"auto, (max-width: 482px) 100vw, 482px\" \/><figcaption id=\"caption-attachment-9970\" class=\"wp-caption-text\">O professor Manoel de Andrade e algumas das suas esculturas.<\/figcaption><\/figure>\n<p style=\"text-align: justify\"><strong>Galeria dos Estados<\/strong><\/p>\n<p style=\"text-align: justify\">Incalcul\u00e1vel o preju\u00edzo para os comerciantes da Galeria dos Estados. Dona Maria In\u00eas Fontenele Mour\u00e3o, presidente da Associa\u00e7\u00e3o dos Lojistas, quer fazer como indicam os orientais. Da crise criar uma oportunidade de crescimento. Como a galeria estava abandonada pelo governo, chegou a hora da revitaliza\u00e7\u00e3o que ela merece. Autoridades j\u00e1 foram contatadas. A primeira dama, Marcia Rollemberg, n\u00e3o escondeu o entusiasmo. Agora \u00e9 aguardar a caneta do Dr. S\u00e9rgio Sampaio, da Casa Civil.<\/p>\n<p style=\"text-align: justify\"><strong>Rastro<\/strong><\/p>\n<p style=\"text-align: justify\">Inacredit\u00e1vel como os golpes s\u00e3o frios e desumanos. Com a fam\u00edlia vulner\u00e1vel, tendo um ente querido internado no hospital, toca o telefone. \u00c9 um aviso que o exame de sangue apontou uma bact\u00e9ria super-resistente e que o tratamento ser\u00e1 feito imediatamente mediante transfer\u00eancia banc\u00e1ria. E o valor ultrapassa os R$ 4 mil reais. V\u00e1rios hospitais da cidade alertam os acompanhantes sobre golpes dados por telefone. O que n\u00e3o d\u00e1 para entender \u00e9 que toda conta de banco tem um titular. Qual a dificuldade para encontrar o estelionat\u00e1rio?<\/p>\n<figure id=\"attachment_9968\" aria-describedby=\"caption-attachment-9968\" style=\"width: 548px\" class=\"wp-caption aligncenter\"><img loading=\"lazy\" decoding=\"async\" class=\"size-full wp-image-9968\" src=\"https:\/\/blogs.correiobraziliense.com.br\/aricunha\/wp-content\/uploads\/sites\/13\/2018\/02\/image.jpg\" alt=\"Imagem: otempo.com.br\" width=\"548\" height=\"312\" srcset=\"https:\/\/blogs.correiobraziliense.com.br\/aricunha\/wp-content\/uploads\/sites\/13\/2018\/02\/image.jpg 548w, https:\/\/blogs.correiobraziliense.com.br\/aricunha\/wp-content\/uploads\/sites\/13\/2018\/02\/image-300x171.jpg 300w, https:\/\/blogs.correiobraziliense.com.br\/aricunha\/wp-content\/uploads\/sites\/13\/2018\/02\/image-350x199.jpg 350w, https:\/\/blogs.correiobraziliense.com.br\/aricunha\/wp-content\/uploads\/sites\/13\/2018\/02\/image-230x131.jpg 230w\" sizes=\"auto, (max-width: 548px) 100vw, 548px\" \/><figcaption id=\"caption-attachment-9968\" class=\"wp-caption-text\">Imagem: otempo.com.br<\/figcaption><\/figure>\n<p style=\"text-align: justify\"><strong>Aula Magna<\/strong><\/p>\n<p style=\"text-align: justify\">&#8220;Golpe de 2016 e o futuro da democracia no Brasil&#8221;. Tema de um curso que ser\u00e1 ministrado no Instituto de Ci\u00eancia Pol\u00edtica da Universidade de Bras\u00edlia. O objetivo \u00e9 analisar o impeachment da presidente Dilma Rousseff e a sucess\u00e3o de Michel Temer. Algo como \u201cagenda de retrocesso nos direitos\u201d e \u201crestri\u00e7\u00e3o de liberdades\u201d. Dif\u00edcil mesmo vai ser entender a proposta sob o ponto de vista dos votos. Dilma e Temer tiveram os mesmos eleitores.<\/p>\n<p style=\"text-align: justify\"><strong>HIST\u00d3RIA DE BRAS\u00cdLIA<\/strong><\/p>\n<p style=\"text-align: justify\">Diz o deputado Ferro Costa, em seu discurso: \u201cProvocada, assim, a fal\u00eancia da Sociedade de maioria de capital brasileiro, o insaci\u00e1vel trust americano abriria para si a oportunidade de a\u00e7ambarcar a empresa brasileira atrav\u00e9s da licita\u00e7\u00e3o, em hasta p\u00fablica, do patrim\u00f4nio da falida. A partir de ent\u00e3o, a\u201d Battes do Brasil \u201cseria senhora \u00fanica do mercado nacional e estaria livre para ditar os seus pre\u00e7os\u201d. <strong>(Publicado em 14.10.1961)<\/strong><\/p>\n","protected":false},"excerpt":{"rendered":"<p>ARI CUNHA Visto, lido e ouvido Desde 1960 colunadoaricunha@gmail.com; com Circe Cunha e Mamfil \u00a0 \u00a0 \u00a0 \u00a0&#8220;N\u00e3o houve uma reposta \u00e0 altura para o problema da corrup\u00e7\u00e3o, esta palavra n\u00e3o aparece nos discursos oficias do presidente da Rep\u00fablica ou em qualquer projeto de lei ou agenda do Congresso. \u00c9 como se o problema n\u00e3o existisse.\u201d Quem afirma \u00e9 o [&hellip;]<\/p>\n","protected":false},"author":34,"featured_media":9966,"comment_status":"open","ping_status":"open","sticky":false,"template":"","format":"standard","meta":{"footnotes":""},"categories":[23],"tags":[67],"class_list":["post-9960","post","type-post","status-publish","format-standard","has-post-thumbnail","hentry","category-integra","tag-brasilia-historiadebrasilia-aricunha-circecunha-mamfil"],"_links":{"self":[{"href":"https:\/\/blogs.correiobraziliense.com.br\/aricunha\/wp-json\/wp\/v2\/posts\/9960","targetHints":{"allow":["GET"]}}],"collection":[{"href":"https:\/\/blogs.correiobraziliense.com.br\/aricunha\/wp-json\/wp\/v2\/posts"}],"about":[{"href":"https:\/\/blogs.correiobraziliense.com.br\/aricunha\/wp-json\/wp\/v2\/types\/post"}],"author":[{"embeddable":true,"href":"https:\/\/blogs.correiobraziliense.com.br\/aricunha\/wp-json\/wp\/v2\/users\/34"}],"replies":[{"embeddable":true,"href":"https:\/\/blogs.correiobraziliense.com.br\/aricunha\/wp-json\/wp\/v2\/comments?post=9960"}],"version-history":[{"count":7,"href":"https:\/\/blogs.correiobraziliense.com.br\/aricunha\/wp-json\/wp\/v2\/posts\/9960\/revisions"}],"predecessor-version":[{"id":10001,"href":"https:\/\/blogs.correiobraziliense.com.br\/aricunha\/wp-json\/wp\/v2\/posts\/9960\/revisions\/10001"}],"wp:featuredmedia":[{"embeddable":true,"href":"https:\/\/blogs.correiobraziliense.com.br\/aricunha\/wp-json\/wp\/v2\/media\/9966"}],"wp:attachment":[{"href":"https:\/\/blogs.correiobraziliense.com.br\/aricunha\/wp-json\/wp\/v2\/media?parent=9960"}],"wp:term":[{"taxonomy":"category","embeddable":true,"href":"https:\/\/blogs.correiobraziliense.com.br\/aricunha\/wp-json\/wp\/v2\/categories?post=9960"},{"taxonomy":"post_tag","embeddable":true,"href":"https:\/\/blogs.correiobraziliense.com.br\/aricunha\/wp-json\/wp\/v2\/tags?post=9960"}],"curies":[{"name":"wp","href":"https:\/\/api.w.org\/{rel}","templated":true}]}}