{"id":9878,"date":"2018-02-15T21:00:25","date_gmt":"2018-02-15T23:00:25","guid":{"rendered":"https:\/\/blogs.correiobraziliense.com.br\/aricunha\/?p=9878"},"modified":"2018-02-16T06:32:24","modified_gmt":"2018-02-16T08:32:24","slug":"liderancas-de-circo","status":"publish","type":"post","link":"https:\/\/blogs.correiobraziliense.com.br\/aricunha\/liderancas-de-circo\/","title":{"rendered":"Lideran\u00e7as de circo"},"content":{"rendered":"<p style=\"text-align: justify\">ARI CUNHA<\/p>\n<p style=\"text-align: justify\">Visto, lido e ouvido<\/p>\n<p style=\"text-align: justify\">Desde 1960<\/p>\n<p style=\"text-align: justify\">colunadoaricunha@gmail.com;<\/p>\n<p style=\"text-align: justify\">com Circe Cunha e Mamfil<\/p>\n<figure id=\"attachment_9889\" aria-describedby=\"caption-attachment-9889\" style=\"width: 720px\" class=\"wp-caption aligncenter\"><img loading=\"lazy\" decoding=\"async\" class=\"size-full wp-image-9889\" src=\"https:\/\/blogs.correiobraziliense.com.br\/aricunha\/wp-content\/uploads\/sites\/13\/2018\/02\/ChargeX-XDemocracia-720x480.jpg\" alt=\"Charge: tribunadainternet.com.br\" width=\"720\" height=\"480\" srcset=\"https:\/\/blogs.correiobraziliense.com.br\/aricunha\/wp-content\/uploads\/sites\/13\/2018\/02\/ChargeX-XDemocracia-720x480.jpg 720w, https:\/\/blogs.correiobraziliense.com.br\/aricunha\/wp-content\/uploads\/sites\/13\/2018\/02\/ChargeX-XDemocracia-720x480-300x200.jpg 300w, https:\/\/blogs.correiobraziliense.com.br\/aricunha\/wp-content\/uploads\/sites\/13\/2018\/02\/ChargeX-XDemocracia-720x480-350x233.jpg 350w, https:\/\/blogs.correiobraziliense.com.br\/aricunha\/wp-content\/uploads\/sites\/13\/2018\/02\/ChargeX-XDemocracia-720x480-550x367.jpg 550w, https:\/\/blogs.correiobraziliense.com.br\/aricunha\/wp-content\/uploads\/sites\/13\/2018\/02\/ChargeX-XDemocracia-720x480-230x153.jpg 230w\" sizes=\"auto, (max-width: 720px) 100vw, 720px\" \/><figcaption id=\"caption-attachment-9889\" class=\"wp-caption-text\">Charge: tribunadainternet.com.br<\/figcaption><\/figure>\n<p style=\"text-align: justify\">\u00a0 \u00a0 \u00a0 \u00a0 Um dos efeitos mais delet\u00e9rios e de dif\u00edcil reparo provocado por longos per\u00edodos ditatoriais \u00e9 que, na aus\u00eancia da democracia e do livre pensar, o surgimento e consolida\u00e7\u00e3o de verdadeiras lideran\u00e7as pol\u00edticas fica suspenso, como que hibernando, adormecido no inverno da liberdade.<\/p>\n<p style=\"text-align: justify\">\u00a0\u00a0\u00a0\u00a0\u00a0\u00a0\u00a0 A forma\u00e7\u00e3o de lideran\u00e7as requer tempo e prova\u00e7\u00e3o que s\u00f3 a democracia plena pode induzir e garantir. No Brasil foi assim. Depois de duas d\u00e9cadas de liberdades submersas, a volta \u00e0 normalidade institucional, propiciada pela Carta de 88, teve que ser feita pelos mesmos indiv\u00edduos que, de alguma forma, tinham contribu\u00eddo para o fechamento pol\u00edtico. \u00c9 not\u00f3rio que os principais figurantes que protagonizaram o per\u00edodo de redemocratiza\u00e7\u00e3o foram eles mesmos no passado, indutores, cada um \u00e0 seu modo, da fase de fechamento. Figuras proeminentes da pol\u00edtica daquela \u00e9poca tiveram, inclusive, um papel ativo nesse processo, indo bater diretamente \u00e0s portas dos quart\u00e9is, pedindo a interven\u00e7\u00e3o militar para conter o avan\u00e7o comunista.<\/p>\n<p style=\"text-align: justify\">\u00a0 \u00a0 \u00a0Reinstaurada a democracia nos anos oitenta, coube, praticamente, \u00e0 esses mesmos indiv\u00edduos conduzirem o processo de normaliza\u00e7\u00e3o. O que se viu, desse processo sui generis, foi uma sequ\u00eancia de governos, que com algumas exce\u00e7\u00f5es, acabaram repetindo os mesmos erros do passado. Emendada com pano velho, ao tecido do Estado s\u00f3 restaria esgar\u00e7ar-se de cima a baixo, corro\u00eddo pela a\u00e7\u00e3o danosa da corrup\u00e7\u00e3o generalizada.<\/p>\n<p style=\"text-align: justify\">\u00a0 \u00a0 \u00a0 \u00a0 Com isso, e sempre com algumas poucas exce\u00e7\u00f5es, a apresenta\u00e7\u00e3o de novas e reais lideran\u00e7as, forjadas no debate e na lide di\u00e1ria, ficou sensivelmente prejudicada. N\u00e3o surpreende, pois, que, no v\u00e1cuo deixado por lideran\u00e7as reais, surjam nomes inusitados, distantes milhas do que o pa\u00eds precisa nesse momento. Quando uma sociedade passa a optar por comediantes, cantores, animadores de audit\u00f3rio e outros profissionais do entretenimento para ocuparem cargos de dire\u00e7\u00e3o do Estado \u00e9 sinal de que o processo democr\u00e1tico corre s\u00e9rio risco.<\/p>\n<figure id=\"attachment_9890\" aria-describedby=\"caption-attachment-9890\" style=\"width: 371px\" class=\"wp-caption alignleft\"><img loading=\"lazy\" decoding=\"async\" class=\" wp-image-9890\" src=\"https:\/\/blogs.correiobraziliense.com.br\/aricunha\/wp-content\/uploads\/sites\/13\/2018\/02\/17494073_1015993111868504_1725181302153412608_n.jpg\" alt=\"Charge: pikore.co\" width=\"371\" height=\"371\" srcset=\"https:\/\/blogs.correiobraziliense.com.br\/aricunha\/wp-content\/uploads\/sites\/13\/2018\/02\/17494073_1015993111868504_1725181302153412608_n.jpg 640w, https:\/\/blogs.correiobraziliense.com.br\/aricunha\/wp-content\/uploads\/sites\/13\/2018\/02\/17494073_1015993111868504_1725181302153412608_n-150x150.jpg 150w, https:\/\/blogs.correiobraziliense.com.br\/aricunha\/wp-content\/uploads\/sites\/13\/2018\/02\/17494073_1015993111868504_1725181302153412608_n-300x300.jpg 300w, https:\/\/blogs.correiobraziliense.com.br\/aricunha\/wp-content\/uploads\/sites\/13\/2018\/02\/17494073_1015993111868504_1725181302153412608_n-350x350.jpg 350w, https:\/\/blogs.correiobraziliense.com.br\/aricunha\/wp-content\/uploads\/sites\/13\/2018\/02\/17494073_1015993111868504_1725181302153412608_n-550x550.jpg 550w, https:\/\/blogs.correiobraziliense.com.br\/aricunha\/wp-content\/uploads\/sites\/13\/2018\/02\/17494073_1015993111868504_1725181302153412608_n-230x230.jpg 230w\" sizes=\"auto, (max-width: 371px) 100vw, 371px\" \/><figcaption id=\"caption-attachment-9890\" class=\"wp-caption-text\">Charge: pikore.co<\/figcaption><\/figure>\n<p style=\"text-align: justify\">\u00a0 \u00a0 \u00a0Embora guardem alguma semelhan\u00e7a, n\u00e3o \u00e9 pelo fato de um popular m\u00e1gico de circo conseguir a proeza de retirar um coelho gordo de dentro de uma cartola que o credencia automaticamente a ocupar a presid\u00eancia da rep\u00fablica. \u00c9 justamente pela condu\u00e7\u00e3o irrespons\u00e1vel desses arrivistas ao poder que o pa\u00eds se encontra nessa situa\u00e7\u00e3o de crise. Animadores de audit\u00f3rio servem bem ao prop\u00f3sito de entreter seu p\u00fablico particular e s\u00f3. Tiriricas, S\u00edlvio Santos e outros retirados do caldeir\u00e3o das televis\u00f5es ficam bem no retrato apenas dentro dos limites da telinha.<\/p>\n<p style=\"text-align: justify\">\u00a0 \u00a0 \u00a0 \u00a0 \u00a0Trazidos para rua, onde perambula a realidade maltrapilha, esses personagens nada s\u00e3o, nada representam. E o que \u00e9 pior: ao querer transformar um pa\u00eds inteiro, com suas complexidades e agruras, num imenso audit\u00f3rio, o m\u00e1ximo que conseguem \u00e9 tornar ainda mais rid\u00edculo e sem gra\u00e7a um Brasil que insiste em descer, cambaleante, a ladeira da decad\u00eancia.<\/p>\n<p style=\"text-align: justify\"><strong>A frase que foi pronunciada:<\/strong><\/p>\n<p style=\"text-align: justify\">\u201cQuem n\u00e3o quer pensar \u00e9 um fan\u00e1tico; quem n\u00e3o pode pensar \u00e9 um cretino; quem n\u00e3o ousa pensar \u00e9 um covarde.\u201d<\/p>\n<p style=\"text-align: justify\">Francis Bacon, fil\u00f3sofo ingl\u00eas<\/p>\n<p style=\"text-align: justify\"><strong>Piau\u00ed<\/strong><\/p>\n<p style=\"text-align: justify\">Nuvem de 100km p\u00f5e Campo Maior e mais 140 munic\u00edpios do Piau\u00ed sob risco de enxurradas e granizos. O alerta foi dado pela Secretaria Nacional de Defesa Civil. Veja as imagens no Blog do Ari Cunha.<\/p>\n<figure id=\"attachment_9882\" aria-describedby=\"caption-attachment-9882\" style=\"width: 720px\" class=\"wp-caption aligncenter\"><img loading=\"lazy\" decoding=\"async\" class=\"size-full wp-image-9882\" src=\"https:\/\/blogs.correiobraziliense.com.br\/aricunha\/wp-content\/uploads\/sites\/13\/2018\/02\/IMG-20180215-WA0014.jpg\" alt=\"Foto: enviada pelo WhatsApp\" width=\"720\" height=\"405\" srcset=\"https:\/\/blogs.correiobraziliense.com.br\/aricunha\/wp-content\/uploads\/sites\/13\/2018\/02\/IMG-20180215-WA0014.jpg 720w, https:\/\/blogs.correiobraziliense.com.br\/aricunha\/wp-content\/uploads\/sites\/13\/2018\/02\/IMG-20180215-WA0014-300x169.jpg 300w, https:\/\/blogs.correiobraziliense.com.br\/aricunha\/wp-content\/uploads\/sites\/13\/2018\/02\/IMG-20180215-WA0014-350x197.jpg 350w, https:\/\/blogs.correiobraziliense.com.br\/aricunha\/wp-content\/uploads\/sites\/13\/2018\/02\/IMG-20180215-WA0014-550x309.jpg 550w, https:\/\/blogs.correiobraziliense.com.br\/aricunha\/wp-content\/uploads\/sites\/13\/2018\/02\/IMG-20180215-WA0014-230x129.jpg 230w\" sizes=\"auto, (max-width: 720px) 100vw, 720px\" \/><figcaption id=\"caption-attachment-9882\" class=\"wp-caption-text\">Foto: enviada por Lilian Rego<\/figcaption><\/figure>\n<figure id=\"attachment_9883\" aria-describedby=\"caption-attachment-9883\" style=\"width: 720px\" class=\"wp-caption aligncenter\"><img loading=\"lazy\" decoding=\"async\" class=\"wp-image-9883 size-full\" src=\"https:\/\/blogs.correiobraziliense.com.br\/aricunha\/wp-content\/uploads\/sites\/13\/2018\/02\/IMG-20180215-WA0018.jpg\" alt=\"\" width=\"720\" height=\"405\" srcset=\"https:\/\/blogs.correiobraziliense.com.br\/aricunha\/wp-content\/uploads\/sites\/13\/2018\/02\/IMG-20180215-WA0018.jpg 720w, https:\/\/blogs.correiobraziliense.com.br\/aricunha\/wp-content\/uploads\/sites\/13\/2018\/02\/IMG-20180215-WA0018-300x169.jpg 300w, https:\/\/blogs.correiobraziliense.com.br\/aricunha\/wp-content\/uploads\/sites\/13\/2018\/02\/IMG-20180215-WA0018-350x197.jpg 350w, https:\/\/blogs.correiobraziliense.com.br\/aricunha\/wp-content\/uploads\/sites\/13\/2018\/02\/IMG-20180215-WA0018-550x309.jpg 550w, https:\/\/blogs.correiobraziliense.com.br\/aricunha\/wp-content\/uploads\/sites\/13\/2018\/02\/IMG-20180215-WA0018-230x129.jpg 230w\" sizes=\"auto, (max-width: 720px) 100vw, 720px\" \/><figcaption id=\"caption-attachment-9883\" class=\"wp-caption-text\">Foto: enviada\u00a0por Lilian Rego<\/figcaption><\/figure>\n<p style=\"text-align: justify\"><strong>Chega!<\/strong><\/p>\n<p style=\"text-align: justify\">Regalias e mordomias de administradores p\u00fablicos, bancadas com o dinheiro p\u00fablico, pode ser legal, mas \u00e9 imoral.<\/p>\n<figure id=\"attachment_9886\" aria-describedby=\"caption-attachment-9886\" style=\"width: 400px\" class=\"wp-caption aligncenter\"><img loading=\"lazy\" decoding=\"async\" class=\"size-full wp-image-9886\" src=\"https:\/\/blogs.correiobraziliense.com.br\/aricunha\/wp-content\/uploads\/sites\/13\/2018\/02\/CHARGE-QUEM-PAGA-A-CONTA.jpg\" alt=\"Charge: evivaafarofa.blogspot.com.br\" width=\"400\" height=\"297\" srcset=\"https:\/\/blogs.correiobraziliense.com.br\/aricunha\/wp-content\/uploads\/sites\/13\/2018\/02\/CHARGE-QUEM-PAGA-A-CONTA.jpg 400w, https:\/\/blogs.correiobraziliense.com.br\/aricunha\/wp-content\/uploads\/sites\/13\/2018\/02\/CHARGE-QUEM-PAGA-A-CONTA-300x223.jpg 300w, https:\/\/blogs.correiobraziliense.com.br\/aricunha\/wp-content\/uploads\/sites\/13\/2018\/02\/CHARGE-QUEM-PAGA-A-CONTA-350x260.jpg 350w, https:\/\/blogs.correiobraziliense.com.br\/aricunha\/wp-content\/uploads\/sites\/13\/2018\/02\/CHARGE-QUEM-PAGA-A-CONTA-230x171.jpg 230w\" sizes=\"auto, (max-width: 400px) 100vw, 400px\" \/><figcaption id=\"caption-attachment-9886\" class=\"wp-caption-text\">Charge: evivaafarofa.blogspot.com.br<\/figcaption><\/figure>\n<p style=\"text-align: justify\"><strong>Telefonia<\/strong><\/p>\n<p style=\"text-align: justify\">Ao pagar uma conta pelo Banco do Brasil, h\u00e1 duas op\u00e7\u00f5es. Boleto, que se refere a contas particulares como escola, presta\u00e7\u00f5es, plano de sa\u00fade. H\u00e1 tamb\u00e9m a op\u00e7\u00e3o Conv\u00eanio, que trata dos impostos, taxas, multas, etc. Interessante notar que as operadoras de celular est\u00e3o enquadradas como conv\u00eanio, junto com as contas p\u00fablicas.<\/p>\n<p style=\"text-align: justify\"><strong>Release<\/strong><\/p>\n<p style=\"text-align: justify\">At\u00e9 o dia 7 de mar\u00e7o, quem estiver cursando enfermagem, farm\u00e1cia, medicina, psicologia, servi\u00e7o social e terapia ocupacional poder\u00e1 se inscrever no Portal do Voluntariado para treinar equipes de sa\u00fade da fam\u00edlia, com o objetivo de atuar no Programa Bras\u00edlia Segura. O objetivo do projeto \u00e9 identificar o consumo nocivo de \u00e1lcool da popula\u00e7\u00e3o e fazer a interven\u00e7\u00e3o necess\u00e1ria. O Bras\u00edlia Vida Segura aplica a metodologia de interven\u00e7\u00f5es breves da Organiza\u00e7\u00e3o Mundial de Sa\u00fade (OMS) e est\u00e1 alinhado com as metas globais volunt\u00e1rias definidas pelas Na\u00e7\u00f5es Unidas.<\/p>\n<p style=\"text-align: justify\"><strong>Exemplo<\/strong><\/p>\n<p style=\"text-align: justify\">Bras\u00edlia mostrou nas ruas que n\u00e3o h\u00e1 o que comemorar. O movimento no carnaval caiu pela metade. Imposs\u00edvel pular e cantar nas ruas como se nada estivesse acontecendo. A\u00ed est\u00e1 a Bras\u00edlia que os outros estados n\u00e3o enxergam.<\/p>\n<p style=\"text-align: justify\"><strong>HIST\u00d3RIA DE BRAS\u00cdLIA<\/strong><\/p>\n<p style=\"text-align: justify\">Um casal de portugueses, cujo casamento se realizou em Caxambu, regressou a Portugal, e l\u00e1 os c\u00f4njuges obtiveram div\u00f3rcio. Ontem, o Supremo homologou o div\u00f3rcio, garantindo a ambos, se voltarem ao Brasil, o direito de, mesmo em Caxambu, contrair casamento, novamente. <strong>(Publicado em 14.10.1961)<\/strong><\/p>\n","protected":false},"excerpt":{"rendered":"<p>ARI CUNHA Visto, lido e ouvido Desde 1960 colunadoaricunha@gmail.com; com Circe Cunha e Mamfil \u00a0 \u00a0 \u00a0 \u00a0 Um dos efeitos mais delet\u00e9rios e de dif\u00edcil reparo provocado por longos per\u00edodos ditatoriais \u00e9 que, na aus\u00eancia da democracia e do livre pensar, o surgimento e consolida\u00e7\u00e3o de verdadeiras lideran\u00e7as pol\u00edticas fica suspenso, como que hibernando, adormecido no inverno da liberdade. [&hellip;]<\/p>\n","protected":false},"author":34,"featured_media":9889,"comment_status":"open","ping_status":"open","sticky":false,"template":"","format":"standard","meta":{"footnotes":""},"categories":[23],"tags":[67],"class_list":["post-9878","post","type-post","status-publish","format-standard","has-post-thumbnail","hentry","category-integra","tag-brasilia-historiadebrasilia-aricunha-circecunha-mamfil"],"_links":{"self":[{"href":"https:\/\/blogs.correiobraziliense.com.br\/aricunha\/wp-json\/wp\/v2\/posts\/9878","targetHints":{"allow":["GET"]}}],"collection":[{"href":"https:\/\/blogs.correiobraziliense.com.br\/aricunha\/wp-json\/wp\/v2\/posts"}],"about":[{"href":"https:\/\/blogs.correiobraziliense.com.br\/aricunha\/wp-json\/wp\/v2\/types\/post"}],"author":[{"embeddable":true,"href":"https:\/\/blogs.correiobraziliense.com.br\/aricunha\/wp-json\/wp\/v2\/users\/34"}],"replies":[{"embeddable":true,"href":"https:\/\/blogs.correiobraziliense.com.br\/aricunha\/wp-json\/wp\/v2\/comments?post=9878"}],"version-history":[{"count":8,"href":"https:\/\/blogs.correiobraziliense.com.br\/aricunha\/wp-json\/wp\/v2\/posts\/9878\/revisions"}],"predecessor-version":[{"id":9881,"href":"https:\/\/blogs.correiobraziliense.com.br\/aricunha\/wp-json\/wp\/v2\/posts\/9878\/revisions\/9881"}],"wp:featuredmedia":[{"embeddable":true,"href":"https:\/\/blogs.correiobraziliense.com.br\/aricunha\/wp-json\/wp\/v2\/media\/9889"}],"wp:attachment":[{"href":"https:\/\/blogs.correiobraziliense.com.br\/aricunha\/wp-json\/wp\/v2\/media?parent=9878"}],"wp:term":[{"taxonomy":"category","embeddable":true,"href":"https:\/\/blogs.correiobraziliense.com.br\/aricunha\/wp-json\/wp\/v2\/categories?post=9878"},{"taxonomy":"post_tag","embeddable":true,"href":"https:\/\/blogs.correiobraziliense.com.br\/aricunha\/wp-json\/wp\/v2\/tags?post=9878"}],"curies":[{"name":"wp","href":"https:\/\/api.w.org\/{rel}","templated":true}]}}