{"id":9866,"date":"2018-02-14T21:00:00","date_gmt":"2018-02-14T23:00:00","guid":{"rendered":"https:\/\/blogs.correiobraziliense.com.br\/aricunha\/?p=9866"},"modified":"2018-02-14T15:21:10","modified_gmt":"2018-02-14T17:21:10","slug":"ameaca-ao-estado-laico","status":"publish","type":"post","link":"https:\/\/blogs.correiobraziliense.com.br\/aricunha\/ameaca-ao-estado-laico\/","title":{"rendered":"Amea\u00e7a ao Estado laico"},"content":{"rendered":"<p style=\"text-align: justify\">ARI CUNHA<\/p>\n<p style=\"text-align: justify\">Visto, lido e ouvido<\/p>\n<p style=\"text-align: justify\">Desde 1960<\/p>\n<p style=\"text-align: justify\">colunadoaricunha@gmail.com;<\/p>\n<p style=\"text-align: justify\">com Circe Cunha e Mamfil<\/p>\n<figure id=\"attachment_9871\" aria-describedby=\"caption-attachment-9871\" style=\"width: 3000px\" class=\"wp-caption aligncenter\"><img loading=\"lazy\" decoding=\"async\" class=\"size-full wp-image-9871\" src=\"https:\/\/blogs.correiobraziliense.com.br\/aricunha\/wp-content\/uploads\/sites\/13\/2018\/02\/sai-estado-laico.gif\" alt=\"Charge: latuffcartoons.wordpress.com\" width=\"3000\" height=\"2056\" \/><figcaption id=\"caption-attachment-9871\" class=\"wp-caption-text\">Charge: latuffcartoons.wordpress.com<\/figcaption><\/figure>\n<p style=\"text-align: justify\">\u201cVI &#8211; \u00c9 inviol\u00e1vel a liberdade de consci\u00eancia e de cren\u00e7a, sendo assegurado o livre exerc\u00edcio dos cultos religiosos e garantida, na forma da lei, a prote\u00e7\u00e3o aos locais de culto e a suas liturgias.\u201d<\/p>\n<p style=\"text-align: justify\">Artigo 5\u00ba da Constitui\u00e7\u00e3o de 1988.<\/p>\n<p style=\"text-align: justify\">\u00a0 \u00a0 \u00a0 \u00a0 No inciso acima, talvez tenha faltado ao legislador deixar expl\u00edcito que sendo o Estado brasileiro eminentemente laico e equidistante de qualquer credo, ir\u00e1 conferir, por conseguinte, tratamento ison\u00f4mico a toda e qualquer institui\u00e7\u00e3o, sejam elas difusoras ou n\u00e3o da f\u00e9, principalmente no tocante ao recolhimento de impostos e outros tributos devidos ao er\u00e1rio. Mesmo a \u201cprote\u00e7\u00e3o aos locais de culto\u201d, ali descrito, e que s\u00e3o sistematicamente desrespeitados, necessitaria de uma reda\u00e7\u00e3o mais clara e direta, principalmente agora com a imiscui\u00e7\u00e3o de credos diversos em searas pr\u00f3prias do Estado. \u00c9 preciso notar que tem se tornado cada vez mais comum a realiza\u00e7\u00e3o de cultos em pra\u00e7as e outros logradouros p\u00fablicos e, o que \u00e9 pior, dentro das assembleias legislativas e do pr\u00f3prio Congresso Nacional, seguidamente transformados em verdadeiras igrejas comandadas por bancadas crescentes de evang\u00e9licos e outros crentes.<\/p>\n<p style=\"text-align: justify\">\u00a0 \u00a0 \u00a0 \u00a0 O fato \u00e9 que o legislador, ao conferir liberdades sem a devida interposi\u00e7\u00e3o de deveres \u00e0 essas institui\u00e7\u00f5es que vivem, e muito bem, da explora\u00e7\u00e3o da f\u00e9, deixou uma larga porta aberta ao aumento de abusos de toda a ordem.<\/p>\n<p style=\"text-align: justify\">\u00a0 \u00a0 \u00a0 \u00a0 \u00a0 A cada ano, igrejas e seitas evang\u00e9licas t\u00eam arrecadado, por baixo, mais de R$ 50 bilh\u00f5es, tomados de seus fi\u00e9is na forma de d\u00edzimos. O que complica, nessa situa\u00e7\u00e3o, \u00e9 que essa montanha de dinheiro, recolhida desde moedinhas at\u00e9 grandes somas, transitam de um lado para outro sob o olhar compassivo dos \u00f3rg\u00e3os de fiscaliza\u00e7\u00e3o, muitas vezes inibidos, por ordens superiores, de fiscalizar essas fortunas f\u00e1ceis.<\/p>\n<p style=\"text-align: justify\">\u00a0 \u00a0 \u00a0 \u00a0 \u00a0 Fossem esses, os \u00fanicos problemas com rela\u00e7\u00e3o \u00e0 essas igrejas, seria f\u00e1cil um acerto de contas. A quest\u00e3o maior \u00e9 que dadas as condi\u00e7\u00f5es institucionais, pela Carta de 88, de liberdade quase irrestrita nesse campo, as chamadas igrejas neopentecostais, poderosas economicamente, passaram a buscar agora, e sem pudor tamb\u00e9m, o poder pol\u00edtico.<\/p>\n<p style=\"text-align: justify\">\u00a0 \u00a0 \u00a0 \u00a0 E \u00e9 a\u00ed que mora o perigo. Muitos analistas, de olho nesse fen\u00f4meno recente, t\u00eam chegado a mesma e preocupante conclus\u00e3o: acolhidas \u00e0 sombra generosa do Estado, essas igrejas j\u00e1 representam hoje uma real amea\u00e7a a pr\u00f3pria democracia.<\/p>\n<p style=\"text-align: justify\">\u00a0 \u00a0 \u00a0 \u00a0 \u00a0 N\u00e3o s\u00f3 no Brasil, com 42 milh\u00f5es de fi\u00e9is e onde a cada ano, segundo o IBGE, 14 mil novas igrejas s\u00e3o abertas por ano, mas em toda a Am\u00e9rica Latina. Para se ter uma ideia, em toda Col\u00f4mbia, em 2017, haviam registrados 750 col\u00e9gios p\u00fablicos e 3.500 igrejas neopentecostais. Um n\u00famero assustador que demonstra o avan\u00e7o arrasador desses credos sobre as demais institui\u00e7\u00f5es do Estado. \u201cA luta das igrejas neopentecostais, diz um observador bem conhecido, \u00e9 uma luta pelos pobres: por sua consci\u00eancia, por suas carteiras e por seus votos.\u201d<\/p>\n<p style=\"text-align: justify\">\u00a0 \u00a0 \u00a0 \u00a0O avan\u00e7o das bancadas evang\u00e9licas no Congresso, com pautas nitidamente retr\u00f3gradas e antidemocr\u00e1ticas, representa um perigo ao pluralismo, \u00e0 laicidade, \u00e0s minorias, fazendo antever, entre n\u00f3s, a volta de uma ditadura com fei\u00e7\u00f5es ainda mais perturbadoras do que aquelas que dominaram o continente a partir dos anos sessenta.<\/p>\n<p style=\"text-align: justify\">\u00a0\u00a0\u00a0\u00a0\u00a0\u00a0\u00a0 A combina\u00e7\u00e3o entre moralismo, patriotismo e fanatismo, nunca resultou em boa coisa, ensinam os livros de hist\u00f3ria. O que se assiste agora \u00e9 a forma\u00e7\u00e3o de um embri\u00e3o que resultar\u00e1 no surgimento de um Estado evang\u00e9lico, n\u00e3o no sentido literal b\u00edblico, mas um Estado desenhado, nos m\u00ednimos detalhes, para impor o ide\u00e1rio desses intitulados \u201cbispos\u201d, que aparecem diariamente nas televis\u00f5es, ressuscitando mortos e fazendo paral\u00edticos andarem com o poder, \u00e9 claro, dos fartos d\u00edzimos.<\/p>\n<p style=\"text-align: justify\"><strong>A frase que foi pronunciada:<\/strong><\/p>\n<p style=\"text-align: justify\">\u201cDai a C\u00e9sar o que \u00e9 de C\u00e9sar.\u201d<\/p>\n<p style=\"text-align: justify\">Jesus Cristo<\/p>\n<p style=\"text-align: justify\"><strong>Democracia<\/strong><\/p>\n<p style=\"text-align: justify\">Tem at\u00e9 v\u00eddeo aula no Youtube mostrando como hackear uma urna eletr\u00f4nica brasileira. Na Comiss\u00e3o Parlamentar de Inqu\u00e9rito, na C\u00e2mara dos Deputados, sobre crimes cibern\u00e9ticos, a advogada Maria Aparecida da Rocha Cortiz fez uma descri\u00e7\u00e3o detalhada de como as urnas eletr\u00f4nicas podem ser alteradas durante o processo eleitoral. A reuni\u00e3o aconteceu no dia 4 de novembro de 2015 e at\u00e9 hoje nada foi feito para provar a seguran\u00e7a da urna. O voto impresso, que seria audit\u00e1vel, estranhamente est\u00e1 fora de quest\u00e3o para ser adotado em todas as urnas do pa\u00eds. O assunto merece aten\u00e7\u00e3o. Veja o v\u00eddeo no blog do Ari Cunha. O acesso \u00e9 direto.<\/p>\n<p><iframe loading=\"lazy\" title=\"Advogada demonstra como as urnas eletr\u00f4nicas s\u00e3o fraud\u00e1veis em CPI na C\u00e2mara dos Deputados\" width=\"1440\" height=\"810\" src=\"https:\/\/www.youtube.com\/embed\/kMcrppZR5Cs?list=PL4fQwwgA67zJXDhrCZQ361d1ebnILJAu5\" frameborder=\"0\" allow=\"accelerometer; autoplay; clipboard-write; encrypted-media; gyroscope; picture-in-picture; web-share\" referrerpolicy=\"strict-origin-when-cross-origin\" allowfullscreen><\/iframe><\/p>\n<p style=\"text-align: justify\"><strong>HIST\u00d3RIA DE BRAS\u00cdLIA<\/strong><\/p>\n<p style=\"text-align: justify\">Quem conhece o que foi o come\u00e7o do Banco, sabe do seu gabarito inicial, e quem acompanhou a sua vida, sabe o desmerecimento em que se encontra, perante as popula\u00e7\u00f5es sofredoras do Nordeste. <strong>(Publicado em 13.10.1961)<\/strong><\/p>\n","protected":false},"excerpt":{"rendered":"<p>ARI CUNHA Visto, lido e ouvido Desde 1960 colunadoaricunha@gmail.com; com Circe Cunha e Mamfil \u201cVI &#8211; \u00c9 inviol\u00e1vel a liberdade de consci\u00eancia e de cren\u00e7a, sendo assegurado o livre exerc\u00edcio dos cultos religiosos e garantida, na forma da lei, a prote\u00e7\u00e3o aos locais de culto e a suas liturgias.\u201d Artigo 5\u00ba da Constitui\u00e7\u00e3o de 1988. \u00a0 \u00a0 \u00a0 \u00a0 No [&hellip;]<\/p>\n","protected":false},"author":34,"featured_media":9871,"comment_status":"open","ping_status":"open","sticky":false,"template":"","format":"standard","meta":{"footnotes":""},"categories":[23],"tags":[67,75],"class_list":["post-9866","post","type-post","status-publish","format-standard","has-post-thumbnail","hentry","category-integra","tag-brasilia-historiadebrasilia-aricunha-circecunha-mamfil","tag-ari"],"_links":{"self":[{"href":"https:\/\/blogs.correiobraziliense.com.br\/aricunha\/wp-json\/wp\/v2\/posts\/9866","targetHints":{"allow":["GET"]}}],"collection":[{"href":"https:\/\/blogs.correiobraziliense.com.br\/aricunha\/wp-json\/wp\/v2\/posts"}],"about":[{"href":"https:\/\/blogs.correiobraziliense.com.br\/aricunha\/wp-json\/wp\/v2\/types\/post"}],"author":[{"embeddable":true,"href":"https:\/\/blogs.correiobraziliense.com.br\/aricunha\/wp-json\/wp\/v2\/users\/34"}],"replies":[{"embeddable":true,"href":"https:\/\/blogs.correiobraziliense.com.br\/aricunha\/wp-json\/wp\/v2\/comments?post=9866"}],"version-history":[{"count":5,"href":"https:\/\/blogs.correiobraziliense.com.br\/aricunha\/wp-json\/wp\/v2\/posts\/9866\/revisions"}],"predecessor-version":[{"id":9872,"href":"https:\/\/blogs.correiobraziliense.com.br\/aricunha\/wp-json\/wp\/v2\/posts\/9866\/revisions\/9872"}],"wp:featuredmedia":[{"embeddable":true,"href":"https:\/\/blogs.correiobraziliense.com.br\/aricunha\/wp-json\/wp\/v2\/media\/9871"}],"wp:attachment":[{"href":"https:\/\/blogs.correiobraziliense.com.br\/aricunha\/wp-json\/wp\/v2\/media?parent=9866"}],"wp:term":[{"taxonomy":"category","embeddable":true,"href":"https:\/\/blogs.correiobraziliense.com.br\/aricunha\/wp-json\/wp\/v2\/categories?post=9866"},{"taxonomy":"post_tag","embeddable":true,"href":"https:\/\/blogs.correiobraziliense.com.br\/aricunha\/wp-json\/wp\/v2\/tags?post=9866"}],"curies":[{"name":"wp","href":"https:\/\/api.w.org\/{rel}","templated":true}]}}