{"id":9857,"date":"2018-02-13T21:00:06","date_gmt":"2018-02-13T23:00:06","guid":{"rendered":"https:\/\/blogs.correiobraziliense.com.br\/aricunha\/?p=9857"},"modified":"2018-02-14T14:45:21","modified_gmt":"2018-02-14T16:45:21","slug":"transicao-e-o-caminho","status":"publish","type":"post","link":"https:\/\/blogs.correiobraziliense.com.br\/aricunha\/transicao-e-o-caminho\/","title":{"rendered":"A transi\u00e7\u00e3o \u00e9 o caminho"},"content":{"rendered":"<p style=\"text-align: justify\">ARI CUNHA<\/p>\n<p style=\"text-align: justify\">Visto, lido e ouvido<\/p>\n<p style=\"text-align: justify\">Desde 1960<\/p>\n<p style=\"text-align: justify\">colunadoaricunha@gmail.com;<\/p>\n<p style=\"text-align: justify\">com Circe Cunha e Mamfil<\/p>\n<figure id=\"attachment_9862\" aria-describedby=\"caption-attachment-9862\" style=\"width: 560px\" class=\"wp-caption aligncenter\"><img loading=\"lazy\" decoding=\"async\" class=\"size-full wp-image-9862\" src=\"https:\/\/blogs.correiobraziliense.com.br\/aricunha\/wp-content\/uploads\/sites\/13\/2018\/02\/Direita-ou-de-esquerda.jpg\" alt=\"Charge: humorpolitico.com.br\" width=\"560\" height=\"420\" srcset=\"https:\/\/blogs.correiobraziliense.com.br\/aricunha\/wp-content\/uploads\/sites\/13\/2018\/02\/Direita-ou-de-esquerda.jpg 560w, https:\/\/blogs.correiobraziliense.com.br\/aricunha\/wp-content\/uploads\/sites\/13\/2018\/02\/Direita-ou-de-esquerda-300x225.jpg 300w, https:\/\/blogs.correiobraziliense.com.br\/aricunha\/wp-content\/uploads\/sites\/13\/2018\/02\/Direita-ou-de-esquerda-350x263.jpg 350w, https:\/\/blogs.correiobraziliense.com.br\/aricunha\/wp-content\/uploads\/sites\/13\/2018\/02\/Direita-ou-de-esquerda-550x413.jpg 550w, https:\/\/blogs.correiobraziliense.com.br\/aricunha\/wp-content\/uploads\/sites\/13\/2018\/02\/Direita-ou-de-esquerda-230x173.jpg 230w\" sizes=\"auto, (max-width: 560px) 100vw, 560px\" \/><figcaption id=\"caption-attachment-9862\" class=\"wp-caption-text\">Charge: humorpolitico.com.br<\/figcaption><\/figure>\n<p style=\"text-align: justify\">\u00a0\u00a0\u00a0\u00a0\u00a0\u00a0\u00a0\u00a0 Exemplos, em todo tempo e lugar, tem comprovado, de forma incisiva, que sectarismos, de qualquer esp\u00e9cie, provocam dor e mortes e, n\u00e3o raro, t\u00eam beneficiado pessoas e grupos que lan\u00e7am m\u00e3o dessa estrat\u00e9gia para pairar sobre todos, fazendo valer seus pontos de vista e, com isso, impor sua vontade contra todas as demais, sejam elas de um lado ou de outro.<\/p>\n<p style=\"text-align: justify\">\u00a0 \u00a0 \u00a0 Nesse sentido, merece reflex\u00e3o a frase que diz: \u201ca corrup\u00e7\u00e3o n\u00e3o \u00e9 de esquerda, nem de direita. Ela \u00e9 ambidestra.\u201d. Em outras palavras equivale a dizer que, enquanto muitos se engalfinham na tentativa de apontar o personagem menos corrupto ou mais impoluto, a quest\u00e3o central vai se esgueirando pelas beiradas e com ela os verdadeiros malfeitores escapolem dessas refregas s\u00e3o e salvos.<\/p>\n<p style=\"text-align: justify\">\u00a0\u00a0\u00a0\u00a0\u00a0\u00a0\u00a0 Enquanto a massa se engalfinha numa luta renhida, seus algozes lucram com essas desaven\u00e7as e, sabidamente, passam a se colocar como solu\u00e7\u00e3o redentora para esses conflitos. Em situa\u00e7\u00f5es como essa que agora experimentamos, mais prudente e por via das d\u00favidas, melhor n\u00e3o eleger nenhum desses semeadores da ciz\u00e2nia, optando por uma terceira via, n\u00e3o contaminada e com folha corrida t\u00e3o extensa. O problema aqui, \u00e9 que, dada a delicadeza das condi\u00e7\u00f5es econ\u00f4micas, com forte desemprego e baixo crescimento, a escolha de um novato, sem experi\u00eancia executiva comprovada, \u00e9 t\u00e3o arriscada quanto escolher um nome manchado.<\/p>\n<p style=\"text-align: justify\">\u00a0\u00a0\u00a0\u00a0\u00a0\u00a0\u00a0 Em encruzilhadas dessa natureza, o mais sensato, num pa\u00eds evidentemente sensato, seria sanear o atual modelo, de cima a baixo. Em todos os quadrantes. Melhor arrumar a casa para o pr\u00f3ximo governo do que entregar um pa\u00eds necessitado de reparos \u00e0 um novo governo.<\/p>\n<figure id=\"attachment_9864\" aria-describedby=\"caption-attachment-9864\" style=\"width: 400px\" class=\"wp-caption alignleft\"><img loading=\"lazy\" decoding=\"async\" class=\"size-full wp-image-9864\" src=\"https:\/\/blogs.correiobraziliense.com.br\/aricunha\/wp-content\/uploads\/sites\/13\/2018\/02\/12124840.gif\" alt=\"Charge: f.i.uol.com.br\" width=\"400\" height=\"215\" \/><figcaption id=\"caption-attachment-9864\" class=\"wp-caption-text\">Charge: f.i.uol.com.br<\/figcaption><\/figure>\n<p style=\"text-align: justify\">\u00a0 \u00a0 \u00a0 \u00a0 Mais uma vez o problema aqui \u00e9 como reformar o pa\u00eds e suas institui\u00e7\u00f5es e o pr\u00f3prio modelo republicano sem um governo efetivo. A sa\u00edda para esse impasse talvez esteja na forma\u00e7\u00e3o de um governo de transi\u00e7\u00e3o, composta por figuras absolutamente probas e capacitadas, imbu\u00eddas, t\u00e3o somente, de promover reformas suprapartid\u00e1rias e necess\u00e1rias \u00e0 um novo pa\u00eds. A quest\u00e3o \u00e9 como empreender tamanho desafio dentro da atual Carta Magma.<\/p>\n<p style=\"text-align: justify\">\u00a0\u00a0\u00a0\u00a0\u00a0\u00a0\u00a0 O arrojo \u00e9 gigantesco. Mas a necessidade atual de mudan\u00e7a de rumos \u00e9 maior ainda. As diversas revela\u00e7\u00f5es e esc\u00e2ndalos vindos \u00e0 p\u00fablico nos \u00faltimos anos exigem puni\u00e7\u00f5es aos envolvidos, al\u00e9m de toda verba surrupiada do povo brasileiro.\u00a0 H\u00e1 certeza de que \u00e9 preciso uma reorienta\u00e7\u00e3o do modelo de Estado que v\u00ednhamos tateando desde a redemocratiza\u00e7\u00e3o.<\/p>\n<p style=\"text-align: justify\">\u00a0\u00a0\u00a0\u00a0\u00a0\u00a0\u00a0 Para um pa\u00eds que j\u00e1 se acostumou historicamente em solu\u00e7\u00f5es pol\u00edticas que sempre terminam na condu\u00e7\u00e3o do vice para assumir a presid\u00eancia, a elei\u00e7\u00e3o ou forma\u00e7\u00e3o de um governo transit\u00f3rio, com a incumb\u00eancia de promover reformas at\u00e9 parece coisa pequena. O que n\u00e3o d\u00e1, e a na\u00e7\u00e3o j\u00e1 n\u00e3o suporta, \u00e9 a continuidade dos mesmos modelos viciados, operados pelos mesmos grupos sob o r\u00f3tulo de novo governo, rec\u00e9m-eleito.<\/p>\n<p style=\"text-align: justify\">\u00a0\u00a0\u00a0\u00a0\u00a0\u00a0\u00a0 O fato \u00e9 que, para esse modelo que a\u00ed est\u00e1 e, principalmente, com essa gente que se apresenta para conduzi-lo, n\u00e3o h\u00e1 sa\u00edda exitosa, apenas vai se adiar ou complicar, ainda mais, nosso desejo de fazer surgir o pa\u00eds que os muitos brasileiros de bem almejam e necessitam com urg\u00eancia.<\/p>\n<p style=\"text-align: justify\"><strong>A frase que foi pronunciada:<\/strong><\/p>\n<p style=\"text-align: justify\">\u201cDireitos Humanos n\u00e3o se pede de joelhos, exige-se de p\u00e9.\u201d<\/p>\n<p style=\"text-align: justify\">Dom Tom\u00e1s Baldu\u00edno<\/p>\n<p style=\"text-align: justify\"><strong>Incoer\u00eancia<\/strong><\/p>\n<p style=\"text-align: justify\">Defendendo a isen\u00e7\u00e3o tribut\u00e1ria a templos religiosos, o deputado federal Ronaldo Fonseca- DF contraria Jesus Cristo. \u201cDai a C\u00e9sar o que \u00e9 de C\u00e9sar!<\/p>\n<p style=\"text-align: justify\">Vigilantes de carros fortes t\u00eam sido violentamente abatidos por grupos fortemente armados. Houve o crime onde os bandidos usavam fuzil 762, AR-15, fuzil 556, metralhadora ponto 50. A Comiss\u00e3o de Seguran\u00e7a P\u00fablica j\u00e1 aprovou a Lei 6.635 de 2016 e quem vai se esfor\u00e7ar para aprov\u00e1-la \u00e9 o deputado federal Laerte Bessa.<\/p>\n<p style=\"text-align: justify\"><strong>Voto impresso<\/strong><\/p>\n<p style=\"text-align: justify\">Uma boa briga trazida pelo deputado federal Izalci Lucas- DF ser\u00e1 a obrigatoriedade do voto impresso. O fr\u00e1gil argumento da Corte Suprema subjugando a intelig\u00eancia do eleitor \u00e9 inaceit\u00e1vel. Falta de verba na Justi\u00e7a \u00e9 um disparate considerando-se uma elei\u00e7\u00e3o transparente no pa\u00eds, com direito a auditoria, o que hoje, n\u00e3o \u00e9 poss\u00edvel.<\/p>\n<p style=\"text-align: justify\"><strong>Na real<\/strong><\/p>\n<p style=\"text-align: justify\">Depois que o Instituto Brasileiro de Geografia e Estat\u00edstica publicou a pesquisa sobre a estrutura de renda em nosso Pa\u00eds, o deputado federal Augusto Carvalho rasgou o verbo. Chamou de ufanistas os discursos petistas. Um quarto da popula\u00e7\u00e3o brasileira continua abaixo da linha de pobreza. S\u00f3 desempregados s\u00e3o 13 milh\u00f5es.<\/p>\n<p style=\"text-align: justify\"><strong>Ficad\u00e3o<\/strong><\/p>\n<p style=\"text-align: justify\">O que o deputado federal Alberto Fraga defende \u00e9 que os presos que estudam e est\u00e3o na imin\u00eancia da recupera\u00e7\u00e3o, devem sair da cadeia esporadicamente. Mas o que n\u00e3o \u00e9 poss\u00edvel \u00e9 permitir que um preso saia 6 vezes por ano da cadeia, e cada vez por sete dias. E lembra: A lei n\u00e3o prev\u00ea que se deve liberar o preso no Natal, no Dia dos Pais ou no Dia das M\u00e3es.<\/p>\n<figure id=\"attachment_9860\" aria-describedby=\"caption-attachment-9860\" style=\"width: 400px\" class=\"wp-caption aligncenter\"><img loading=\"lazy\" decoding=\"async\" class=\"size-full wp-image-9860\" src=\"https:\/\/blogs.correiobraziliense.com.br\/aricunha\/wp-content\/uploads\/sites\/13\/2018\/02\/wpid-07052010-charge3.png\" alt=\"Charge: sobralinfoco.blogspot.com.br\" width=\"400\" height=\"261\" srcset=\"https:\/\/blogs.correiobraziliense.com.br\/aricunha\/wp-content\/uploads\/sites\/13\/2018\/02\/wpid-07052010-charge3.png 400w, https:\/\/blogs.correiobraziliense.com.br\/aricunha\/wp-content\/uploads\/sites\/13\/2018\/02\/wpid-07052010-charge3-300x196.png 300w, https:\/\/blogs.correiobraziliense.com.br\/aricunha\/wp-content\/uploads\/sites\/13\/2018\/02\/wpid-07052010-charge3-350x228.png 350w, https:\/\/blogs.correiobraziliense.com.br\/aricunha\/wp-content\/uploads\/sites\/13\/2018\/02\/wpid-07052010-charge3-230x150.png 230w\" sizes=\"auto, (max-width: 400px) 100vw, 400px\" \/><figcaption id=\"caption-attachment-9860\" class=\"wp-caption-text\">Charge: sobralinfoco.blogspot.com.br<\/figcaption><\/figure>\n<p style=\"text-align: justify\"><strong>HIST\u00d3RIA DE BRAS\u00cdLIA<\/strong><\/p>\n<p style=\"text-align: justify\">Estas notas valem como um lembrete ao presidente da Rep\u00fablica, para que n\u00e3o se sinta envolvido por conversas de corredores, e pra que posas salvar o Banco do Nordeste das sanhas pol\u00edtico partid\u00e1rias. <strong>(Publicado em 13.10.1961)<\/strong><\/p>\n","protected":false},"excerpt":{"rendered":"<p>ARI CUNHA Visto, lido e ouvido Desde 1960 colunadoaricunha@gmail.com; com Circe Cunha e Mamfil \u00a0\u00a0\u00a0\u00a0\u00a0\u00a0\u00a0\u00a0 Exemplos, em todo tempo e lugar, tem comprovado, de forma incisiva, que sectarismos, de qualquer esp\u00e9cie, provocam dor e mortes e, n\u00e3o raro, t\u00eam beneficiado pessoas e grupos que lan\u00e7am m\u00e3o dessa estrat\u00e9gia para pairar sobre todos, fazendo valer seus pontos de vista e, com [&hellip;]<\/p>\n","protected":false},"author":34,"featured_media":9862,"comment_status":"open","ping_status":"open","sticky":false,"template":"","format":"standard","meta":{"footnotes":""},"categories":[23],"tags":[67],"class_list":["post-9857","post","type-post","status-publish","format-standard","has-post-thumbnail","hentry","category-integra","tag-brasilia-historiadebrasilia-aricunha-circecunha-mamfil"],"_links":{"self":[{"href":"https:\/\/blogs.correiobraziliense.com.br\/aricunha\/wp-json\/wp\/v2\/posts\/9857","targetHints":{"allow":["GET"]}}],"collection":[{"href":"https:\/\/blogs.correiobraziliense.com.br\/aricunha\/wp-json\/wp\/v2\/posts"}],"about":[{"href":"https:\/\/blogs.correiobraziliense.com.br\/aricunha\/wp-json\/wp\/v2\/types\/post"}],"author":[{"embeddable":true,"href":"https:\/\/blogs.correiobraziliense.com.br\/aricunha\/wp-json\/wp\/v2\/users\/34"}],"replies":[{"embeddable":true,"href":"https:\/\/blogs.correiobraziliense.com.br\/aricunha\/wp-json\/wp\/v2\/comments?post=9857"}],"version-history":[{"count":5,"href":"https:\/\/blogs.correiobraziliense.com.br\/aricunha\/wp-json\/wp\/v2\/posts\/9857\/revisions"}],"predecessor-version":[{"id":9859,"href":"https:\/\/blogs.correiobraziliense.com.br\/aricunha\/wp-json\/wp\/v2\/posts\/9857\/revisions\/9859"}],"wp:featuredmedia":[{"embeddable":true,"href":"https:\/\/blogs.correiobraziliense.com.br\/aricunha\/wp-json\/wp\/v2\/media\/9862"}],"wp:attachment":[{"href":"https:\/\/blogs.correiobraziliense.com.br\/aricunha\/wp-json\/wp\/v2\/media?parent=9857"}],"wp:term":[{"taxonomy":"category","embeddable":true,"href":"https:\/\/blogs.correiobraziliense.com.br\/aricunha\/wp-json\/wp\/v2\/categories?post=9857"},{"taxonomy":"post_tag","embeddable":true,"href":"https:\/\/blogs.correiobraziliense.com.br\/aricunha\/wp-json\/wp\/v2\/tags?post=9857"}],"curies":[{"name":"wp","href":"https:\/\/api.w.org\/{rel}","templated":true}]}}