{"id":9830,"date":"2018-02-10T21:00:19","date_gmt":"2018-02-10T23:00:19","guid":{"rendered":"https:\/\/blogs.correiobraziliense.com.br\/aricunha\/?p=9830"},"modified":"2018-02-14T15:33:28","modified_gmt":"2018-02-14T17:33:28","slug":"dialogo-e-o-unico-caminho-possivel","status":"publish","type":"post","link":"https:\/\/blogs.correiobraziliense.com.br\/aricunha\/dialogo-e-o-unico-caminho-possivel\/","title":{"rendered":"Di\u00e1logo \u00e9 o \u00fanico caminho poss\u00edvel"},"content":{"rendered":"<p style=\"text-align: justify\">ARI CUNHA<\/p>\n<p style=\"text-align: justify\">Visto, lido e ouvido<\/p>\n<p style=\"text-align: justify\">Desde 1960<\/p>\n<p style=\"text-align: justify\">colunadoaricunha@gmail.com;<\/p>\n<p style=\"text-align: justify\">com Circe Cunha e Mamfil<\/p>\n<div class=\"mceTemp\"><\/div>\n<figure id=\"attachment_9840\" aria-describedby=\"caption-attachment-9840\" style=\"width: 620px\" class=\"wp-caption aligncenter\"><img loading=\"lazy\" decoding=\"async\" class=\"size-full wp-image-9840\" src=\"https:\/\/blogs.correiobraziliense.com.br\/aricunha\/wp-content\/uploads\/sites\/13\/2018\/02\/image-1.jpg\" alt=\"Ilustra\u00e7\u00e3o: otempo.com.br\" width=\"620\" height=\"359\" srcset=\"https:\/\/blogs.correiobraziliense.com.br\/aricunha\/wp-content\/uploads\/sites\/13\/2018\/02\/image-1.jpg 620w, https:\/\/blogs.correiobraziliense.com.br\/aricunha\/wp-content\/uploads\/sites\/13\/2018\/02\/image-1-300x174.jpg 300w, https:\/\/blogs.correiobraziliense.com.br\/aricunha\/wp-content\/uploads\/sites\/13\/2018\/02\/image-1-350x203.jpg 350w, https:\/\/blogs.correiobraziliense.com.br\/aricunha\/wp-content\/uploads\/sites\/13\/2018\/02\/image-1-550x318.jpg 550w, https:\/\/blogs.correiobraziliense.com.br\/aricunha\/wp-content\/uploads\/sites\/13\/2018\/02\/image-1-230x133.jpg 230w\" sizes=\"auto, (max-width: 620px) 100vw, 620px\" \/><figcaption id=\"caption-attachment-9840\" class=\"wp-caption-text\">Ilustra\u00e7\u00e3o: otempo.com.br<\/figcaption><\/figure>\n<p style=\"text-align: justify\">\u00a0 \u00a0 \u00a0 \u00a0 \u00a0 Em tempos t\u00e3o conturbados como o atual, quais seriam os novos limites da liberdade? Na falta de uma resposta satisfat\u00f3ria para essa quest\u00e3o, melhor ficar com os fatos e com os fatores que levaram a esse alargamento de espa\u00e7os, que faz, com que as pessoas hoje, j\u00e1 n\u00e3o reconhe\u00e7am mais onde terminam seus direitos e come\u00e7am os direitos dos outros.<\/p>\n<p style=\"text-align: justify\">\u00a0\u00a0\u00a0\u00a0\u00a0\u00a0\u00a0\u00a0 Sem d\u00favida alguma, as m\u00eddias sociais cuidaram de aumentar a confus\u00e3o geral sobre os limites de cada um, misturando espa\u00e7os p\u00fablicos e privados num s\u00f3 lugar, difundindo as not\u00edcias sem base nos fatos, ajudando assim, a estabelecer um ambiente de constante beliger\u00e2ncia, onde o desrespeito passou a ser a regra comum.<\/p>\n<p style=\"text-align: justify\">\u00a0\u00a0\u00a0\u00a0\u00a0\u00a0\u00a0\u00a0 Diante dessa nova realidade que vai se estabelecendo, n\u00e3o apenas aqui, mas em todo o mundo, a vida das chamadas pessoas p\u00fablicas e famosas, sejam elas artistas ou pol\u00edticos, passou a ser um verdadeiro inferno sobre a terra. No caso dos pol\u00edticos, essa situa\u00e7\u00e3o tem se agravado \u00e0 tal ponto que vai se tornando comum, e at\u00e9 aceito, que eles sejam destratados quando surpreendidos transitando em lugares p\u00fablicos.<\/p>\n<p style=\"text-align: justify\">\u00a0 \u00a0 \u00a0 \u00a0 \u00a0 \u00a0Vejam aqui a contradi\u00e7\u00e3o: pessoas p\u00fablicas passam a ser hostilizadas justamente em espa\u00e7os p\u00fablicos. Os casos v\u00eam se repetindo e aumentando numa constante que j\u00e1 chegou a restaurantes, aeroportos, ruas, avi\u00f5es.<\/p>\n<p style=\"text-align: justify\">\u00a0 \u00a0 \u00a0 \u00a0 \u00a0 \u00a0 Parte desse problema resulta do descr\u00e9dito provocado pelo comportamento pouco, ou nada \u00e9tico, de boa parte de nossos pol\u00edticos e gestores atuais. Ningu\u00e9m tem escapado da f\u00faria popular. Ministros, deputados, senadores, governadores, cantores e outros rostos conhecidos s\u00e3o ca\u00e7ados e enxovalhados sem piedade em toda a parte. Alguns links com essas agress\u00f5es est\u00e3o dispon\u00edveis no Blog do Ari Cunha.<\/p>\n<p style=\"text-align: justify\">\u00a0 \u00a0 \u00a0 \u00a0No crescendo dessa toada, n\u00e3o ser\u00e1 surpresa que, a qualquer momento, possamos assistir \u00e0 popula\u00e7\u00e3o enraivecida, amarrando e trucidando esses personagens em postes e em pra\u00e7as p\u00fablicas, da mesma forma que faz quando flagra e p\u00f5e as m\u00e3os em malfeitores e marginais.<\/p>\n<figure id=\"attachment_9837\" aria-describedby=\"caption-attachment-9837\" style=\"width: 494px\" class=\"wp-caption alignleft\"><img loading=\"lazy\" decoding=\"async\" class=\" wp-image-9837\" src=\"https:\/\/blogs.correiobraziliense.com.br\/aricunha\/wp-content\/uploads\/sites\/13\/2018\/02\/Rollemberg-550x244.jpg\" alt=\"Foto: blogs2.correiobraziliense.com.br\" width=\"494\" height=\"219\" srcset=\"https:\/\/blogs.correiobraziliense.com.br\/aricunha\/wp-content\/uploads\/sites\/13\/2018\/02\/Rollemberg-550x244.jpg 550w, https:\/\/blogs.correiobraziliense.com.br\/aricunha\/wp-content\/uploads\/sites\/13\/2018\/02\/Rollemberg-550x244-300x133.jpg 300w, https:\/\/blogs.correiobraziliense.com.br\/aricunha\/wp-content\/uploads\/sites\/13\/2018\/02\/Rollemberg-550x244-350x155.jpg 350w, https:\/\/blogs.correiobraziliense.com.br\/aricunha\/wp-content\/uploads\/sites\/13\/2018\/02\/Rollemberg-550x244-230x102.jpg 230w\" sizes=\"auto, (max-width: 494px) 100vw, 494px\" \/><figcaption id=\"caption-attachment-9837\" class=\"wp-caption-text\">Foto: blogs2.correiobraziliense.com.br<\/figcaption><\/figure>\n<p style=\"text-align: justify\">\u00a0 \u00a0 \u00a0 \u00a0 \u00a0 \u00a0O fato mais recente, aconteceu com o governador do DF, Rollemberg, num restaurante da cidade quando comemorava o anivers\u00e1rio de sua esposa. Manifestantes de um estabelecimento ao lado come\u00e7aram a provoca\u00e7\u00e3o que acabou em bate boca generalizado.<\/p>\n<p style=\"text-align: justify\">\u00a0 \u00a0 \u00a0 \u00a0Obviamente que, em situa\u00e7\u00e3o como essa, ambas as partes perderam a raz\u00e3o: O governador que se deixou levar pela insatisfa\u00e7\u00e3o geral, aumentada agora com o desabamento do viaduto do Eix\u00e3o Sul. Os manifestantes pela falta de educa\u00e7\u00e3o e pela provoca\u00e7\u00e3o gratuita que n\u00e3o resultou em nada de pr\u00e1tico.<\/p>\n<p style=\"text-align: justify\">\u00a0 \u00a0 \u00a0 \u00a0 \u00a0 \u00a0Ao menos o governador, transformado agora em saco de pancada da vez, teve o bom senso de n\u00e3o acionar a for\u00e7a policial para conter os revoltosos, como poderia ter feito sem maiores dificuldades.<\/p>\n<p style=\"text-align: justify\">\u00a0 \u00a0 \u00a0 \u00a0 \u00a0 Para algu\u00e9m que buscou no voto a condi\u00e7\u00e3o de representante da sociedade, s\u00f3 resta nesse caso, se render \u00e0 nova realidade e enfrentar, com serenidade, os reclames e xingamentos. Pior \u00e9 se esconder da turba raivosa, se transformando em figura invis\u00edvel e cercada de seguran\u00e7as truculentos.<\/p>\n<p style=\"text-align: justify\">\u00a0 \u00a0 \u00a0 \u00a0 Calma e coragem. A popula\u00e7\u00e3o tem raz\u00e3o em parte. O governador tamb\u00e9m. Embora ambos errem ao n\u00e3o reconhecer, no calor das discuss\u00f5es, que o di\u00e1logo \u00e9 ainda o \u00fanico caminho poss\u00edvel a ser seguido.<\/p>\n<p><iframe loading=\"lazy\" title=\"Governador do DF bate-boca em restaurante da Asa Norte\" width=\"1440\" height=\"810\" src=\"https:\/\/www.youtube.com\/embed\/V6xBQM4Zqqs?feature=oembed\" frameborder=\"0\" allow=\"accelerometer; autoplay; clipboard-write; encrypted-media; gyroscope; picture-in-picture; web-share\" referrerpolicy=\"strict-origin-when-cross-origin\" allowfullscreen><\/iframe><\/p>\n<p><iframe loading=\"lazy\" title=\"Ministro do STF, Gilmar Mendes, \u00e9 hostilizado em avi\u00e3o\" width=\"1440\" height=\"810\" src=\"https:\/\/www.youtube.com\/embed\/4tdSglsiJ8I?feature=oembed\" frameborder=\"0\" allow=\"accelerometer; autoplay; clipboard-write; encrypted-media; gyroscope; picture-in-picture; web-share\" referrerpolicy=\"strict-origin-when-cross-origin\" allowfullscreen><\/iframe><\/p>\n<p>https:\/\/www.youtube.com\/watch?v=Srp9QneW0MQ<\/p>\n<p>&nbsp;<\/p>\n<p style=\"text-align: justify\"><strong>A frase que n\u00e3o foi pronunciada:<\/strong><\/p>\n<p style=\"text-align: justify\">\u201cQuem se trumbica n\u00e3o se comunica!\u201d<\/p>\n<p style=\"text-align: justify\">Chacrinha brincando com as palavras<\/p>\n<figure id=\"attachment_9834\" aria-describedby=\"caption-attachment-9834\" style=\"width: 225px\" class=\"wp-caption aligncenter\"><img loading=\"lazy\" decoding=\"async\" class=\"size-full wp-image-9834\" src=\"https:\/\/blogs.correiobraziliense.com.br\/aricunha\/wp-content\/uploads\/sites\/13\/2018\/02\/18981472_qWyZB.jpeg\" alt=\"Caricatura: marcosresende28.blogs.sapo.pt\" width=\"225\" height=\"320\" \/><figcaption id=\"caption-attachment-9834\" class=\"wp-caption-text\">Caricatura: marcosresende28.blogs.sapo.pt<\/figcaption><\/figure>\n<p style=\"text-align: justify\"><strong>Release<\/strong><\/p>\n<p style=\"text-align: justify\">O l\u00edder do governo, deputado Agaciel Maia, comemorou a chegada \u00e0 C\u00e2mara Legislativa do projeto de lei, de autoria do Executivo, que estabelece o Plano de Carreira dos Servidores do Servi\u00e7o de Limpeza Urbana (SLU). Ele lembrou que, al\u00e9m de n\u00e3o receberem qualquer reajuste nos \u00faltimos oito anos, a categoria teve sal\u00e1rios reduzidos em virtude &#8220;de uma legisla\u00e7\u00e3o malfeita&#8221;.<\/p>\n<p style=\"text-align: justify\"><strong>Novidade<\/strong><\/p>\n<p style=\"text-align: justify\">Cl\u00e1udia Rocha, do Sesi-DF, coordena um programa para atender as novas exig\u00eancias do Minist\u00e9rio da Educa\u00e7\u00e3o em rela\u00e7\u00e3o a base curricular. O Programa de Melhoria do Ensino e Aprendizagem (Programe) tem por objetivo capacitar os professores nos processos pedag\u00f3gicos. \u201cCom as mudan\u00e7as, teremos melhores condi\u00e7\u00f5es de ensino para os nossos estudantes e construiremos uma metodologia em que eles desenvolvam t\u00e9cnicas de estudo e o senso cr\u00edtico\u201d, explica a coordenadora t\u00e9cnica de Educa\u00e7\u00e3o, Cl\u00e1udia Rocha.<\/p>\n<p style=\"text-align: justify\"><strong>HIST\u00d3RIA DE BRAS\u00cdLIA<\/strong><\/p>\n<p style=\"text-align: justify\">O sr. Valdemar Alc\u00e2ntara, candidato do governador cearense, \u00e9 presidente de um partido pol\u00edtico, m\u00e9dico sanitarista, sem o menor contato com o sistema banc\u00e1rio nacional.\u00a0<strong>(Publicado em 13.10.1961)<\/strong><\/p>\n","protected":false},"excerpt":{"rendered":"<p>ARI CUNHA Visto, lido e ouvido Desde 1960 colunadoaricunha@gmail.com; com Circe Cunha e Mamfil \u00a0 \u00a0 \u00a0 \u00a0 \u00a0 Em tempos t\u00e3o conturbados como o atual, quais seriam os novos limites da liberdade? Na falta de uma resposta satisfat\u00f3ria para essa quest\u00e3o, melhor ficar com os fatos e com os fatores que levaram a esse alargamento de espa\u00e7os, que faz, [&hellip;]<\/p>\n","protected":false},"author":34,"featured_media":9840,"comment_status":"open","ping_status":"open","sticky":false,"template":"","format":"standard","meta":{"footnotes":""},"categories":[23],"tags":[67],"class_list":["post-9830","post","type-post","status-publish","format-standard","has-post-thumbnail","hentry","category-integra","tag-brasilia-historiadebrasilia-aricunha-circecunha-mamfil"],"_links":{"self":[{"href":"https:\/\/blogs.correiobraziliense.com.br\/aricunha\/wp-json\/wp\/v2\/posts\/9830","targetHints":{"allow":["GET"]}}],"collection":[{"href":"https:\/\/blogs.correiobraziliense.com.br\/aricunha\/wp-json\/wp\/v2\/posts"}],"about":[{"href":"https:\/\/blogs.correiobraziliense.com.br\/aricunha\/wp-json\/wp\/v2\/types\/post"}],"author":[{"embeddable":true,"href":"https:\/\/blogs.correiobraziliense.com.br\/aricunha\/wp-json\/wp\/v2\/users\/34"}],"replies":[{"embeddable":true,"href":"https:\/\/blogs.correiobraziliense.com.br\/aricunha\/wp-json\/wp\/v2\/comments?post=9830"}],"version-history":[{"count":8,"href":"https:\/\/blogs.correiobraziliense.com.br\/aricunha\/wp-json\/wp\/v2\/posts\/9830\/revisions"}],"predecessor-version":[{"id":9874,"href":"https:\/\/blogs.correiobraziliense.com.br\/aricunha\/wp-json\/wp\/v2\/posts\/9830\/revisions\/9874"}],"wp:featuredmedia":[{"embeddable":true,"href":"https:\/\/blogs.correiobraziliense.com.br\/aricunha\/wp-json\/wp\/v2\/media\/9840"}],"wp:attachment":[{"href":"https:\/\/blogs.correiobraziliense.com.br\/aricunha\/wp-json\/wp\/v2\/media?parent=9830"}],"wp:term":[{"taxonomy":"category","embeddable":true,"href":"https:\/\/blogs.correiobraziliense.com.br\/aricunha\/wp-json\/wp\/v2\/categories?post=9830"},{"taxonomy":"post_tag","embeddable":true,"href":"https:\/\/blogs.correiobraziliense.com.br\/aricunha\/wp-json\/wp\/v2\/tags?post=9830"}],"curies":[{"name":"wp","href":"https:\/\/api.w.org\/{rel}","templated":true}]}}