{"id":9803,"date":"2018-02-08T21:00:51","date_gmt":"2018-02-08T23:00:51","guid":{"rendered":"https:\/\/blogs.correiobraziliense.com.br\/aricunha\/?p=9803"},"modified":"2018-02-09T17:02:51","modified_gmt":"2018-02-09T19:02:51","slug":"qualificar-o-voto-por-sua-origem-e-qualificar-representacao-por-sua-finalidade","status":"publish","type":"post","link":"https:\/\/blogs.correiobraziliense.com.br\/aricunha\/qualificar-o-voto-por-sua-origem-e-qualificar-representacao-por-sua-finalidade\/","title":{"rendered":"Qualificar o voto, por sua origem, \u00e9 qualificar a representa\u00e7\u00e3o por sua finalidade"},"content":{"rendered":"<p style=\"text-align: justify\">ARI CUNHA<\/p>\n<p style=\"text-align: justify\">Visto, lido e ouvido<\/p>\n<p style=\"text-align: justify\">Desde 1960<\/p>\n<p style=\"text-align: justify\">colunadoaricunha@gmail.com;<\/p>\n<p style=\"text-align: justify\">com Circe Cunha e Mamfil<\/p>\n<figure id=\"attachment_9816\" aria-describedby=\"caption-attachment-9816\" style=\"width: 491px\" class=\"wp-caption aligncenter\"><img loading=\"lazy\" decoding=\"async\" class=\" wp-image-9816\" src=\"https:\/\/blogs.correiobraziliense.com.br\/aricunha\/wp-content\/uploads\/sites\/13\/2018\/02\/VOTO-LIXO.jpg\" alt=\"Charge: tribunadainternet.com.br\" width=\"491\" height=\"368\" srcset=\"https:\/\/blogs.correiobraziliense.com.br\/aricunha\/wp-content\/uploads\/sites\/13\/2018\/02\/VOTO-LIXO.jpg 400w, https:\/\/blogs.correiobraziliense.com.br\/aricunha\/wp-content\/uploads\/sites\/13\/2018\/02\/VOTO-LIXO-300x225.jpg 300w, https:\/\/blogs.correiobraziliense.com.br\/aricunha\/wp-content\/uploads\/sites\/13\/2018\/02\/VOTO-LIXO-350x263.jpg 350w, https:\/\/blogs.correiobraziliense.com.br\/aricunha\/wp-content\/uploads\/sites\/13\/2018\/02\/VOTO-LIXO-230x173.jpg 230w\" sizes=\"auto, (max-width: 491px) 100vw, 491px\" \/><figcaption id=\"caption-attachment-9816\" class=\"wp-caption-text\">Charge: tribunadainternet.com.br<\/figcaption><\/figure>\n<p style=\"text-align: justify\">\u00a0\u00a0\u00a0\u00a0\u00a0\u00a0\u00a0\u00a0 Elei\u00e7\u00f5es lavam mais branco, j\u00e1 dizia dona Dita h\u00e1 d\u00e9cadas. Com a renova\u00e7\u00e3o do Legislativo, reacendem, a cada elei\u00e7\u00e3o, as esperan\u00e7as de um novo tempo. Pelo menos, tem sido assim as expectativas desde a redemocratiza\u00e7\u00e3o. Ocorre que a realidade dos fatos, e principalmente da composi\u00e7\u00e3o dos parlamentos e dos Executivos, tem insistido em contrariar o desejo \u00edntimo da sociedade esclarecida, fazendo surgir, a cada quatro anos, figuras que, para ficar em m\u00ednimas an\u00e1lises, desapontam a todos.<\/p>\n<p style=\"text-align: justify\">\u00a0 \u00a0 \u00a0 \u00a0 \u00a0Se o Parlamento e o Executivo s\u00e3o o reflexo acabado de seu povo, \u00e9 preciso, antes de tudo, analisar, bem de perto e com urg\u00eancia, o tipo de eleitor que tem comparecido \u00e0s urnas. O voto \u00e9 ou deveria ser, antes de tudo, uma conquista preciosa da cidadania e, como tal, deveria ser valorizado como joia rara e fugaz, que passa ligeiro pelas m\u00e3os e se perde no turbilh\u00e3o de milh\u00f5es de outros e segue seu curso.<\/p>\n<p style=\"text-align: justify\">\u00a0\u00a0\u00a0\u00a0\u00a0\u00a0\u00a0\u00a0 Sendo o esp\u00edrito de uma na\u00e7\u00e3o, o voto n\u00e3o deveria ser entregue a todo e qualquer cidad\u00e3o. Os exemplos pelo mundo mostram que o eleitor qualificado desde a origem v\u00ea no voto um trunfo conquistado. O voto precisa ser dado por aqueles que demonstram, pela cidadania, seu real compromisso com o futuro do pa\u00eds. O voto \u00e9 um louro. Dito dessa forma e em um mundo ideal, seria preciso que, para o eleitor pudesse ergu\u00ea-lo orgulhoso junto \u00e0 urna, ficasse demonstrado cabalmente sua capacidade moral e intelectual e principalmente sua plena consci\u00eancia de que esse \u00e9, dentre todos, o maior galard\u00e3o e a mais alta comenda conferida pela na\u00e7\u00e3o a um cidad\u00e3o.<\/p>\n<p style=\"text-align: justify\">\u00a0 \u00a0 \u00a0 \u00a0 \u00a0 Sem contendas caros leitores. No mundo pr\u00e1tico, um modelo como esse s\u00f3 se sustentaria se tivesse como base s\u00f3lida uma educa\u00e7\u00e3o tamb\u00e9m de qualidade.<\/p>\n<p style=\"text-align: justify\">\u00a0\u00a0\u00a0\u00a0\u00a0\u00a0\u00a0\u00a0 Em outras palavras, equivale a dizer que somente um povo educado, e por conseguinte c\u00f4nscio de si, de suas obriga\u00e7\u00f5es, deveres e direitos, possui as qualidades necess\u00e1rias para escolher, entre seus conterr\u00e2neos, aqueles que, por merecimento e servi\u00e7os prestados, deveriam ser seus leg\u00edtimos e dignos representantes. Mas isso, lamentavelmente, s\u00f3 poder\u00e1 ocorrer num pa\u00eds ideal, do qual, pelo visto at\u00e9 agora, estamos arredados milhas de dist\u00e2ncia. Vale lembrar que na realidade, milhares de eleitores educados do primeiro mundo, onde o voto n\u00e3o \u00e9 obrigat\u00f3rio, j\u00e1 desistiram de votar.<\/p>\n<p style=\"text-align: justify\">\u00a0\u00a0\u00a0\u00a0\u00a0\u00a0\u00a0\u00a0Dessa forma fica claro que ao voto n\u00e3o interessa quantidade e sim qualidade. Nesse caso, a universaliza\u00e7\u00e3o do voto se antep\u00f5e, e a realidade tem demonstrado isso, o voto de qualidade permitido apenas \u00e0queles com capacidade e cuidado\u00a0para conduzi-lo, solenemente at\u00e9 a urna, como uma bandeira.<\/p>\n<p style=\"text-align: justify\">\u00a0 \u00a0 \u00a0 \u00a0 \u00a0A realidade \u00e9 que, enquanto permanecer turva a \u00e1gua na nascente, todo o curso adiante ser\u00e1 tamb\u00e9m turvo. Nas palavras livres e diretas de Dona Dita, o voto deveria caber apenas \u00e0queles brasileiros com vergonha na cara e que sabem e temem pelas consequ\u00eancias de suas a\u00e7\u00f5es e n\u00e3o livre passagem para aventureiros e outros tipos de representantes que acabam estampados nas p\u00e1ginas dos jornais, portando algemas de a\u00e7o nas m\u00e3os e nos p\u00e9s, saindo de cambur\u00f5es da pol\u00edcia e adentrando penitenci\u00e1rias de seguran\u00e7a m\u00e1xima. Para os cr\u00e9dulos o equivalente ao ditado: Pelos frutos, conhecer\u00e3o a \u00e1rvore.<\/p>\n<p style=\"text-align: justify\"><strong>A frase que foi pronunciada:<\/strong><\/p>\n<p style=\"text-align: justify\">\u201cA primeira impress\u00e3o que se tem de um governante, e da sua intelig\u00eancia, \u00e9 dada pelos homens que o cercam\u201d.<\/p>\n<p style=\"text-align: justify\">Maquiavel, fil\u00f3sofo italiano<\/p>\n<p style=\"text-align: justify\"><strong>Release<\/strong><\/p>\n<p style=\"text-align: justify\">Lan\u00e7ado pelo GDF, o Coruj\u00e3o. Pela dist\u00e2ncia do trabalho e dificuldades no transporte p\u00fablico, a solu\u00e7\u00e3o encontrada pela Secretaria de Mobilidade foi o transporte p\u00fablico em hor\u00e1rios especiais, como as linhas noturnas que funcionar\u00e3o entre as 23h e \u00e0s 5h. As regi\u00f5es contempladas foram Sol Nascente, Lago Norte, Varj\u00e3o e P\u00eder 21.<\/p>\n<p style=\"text-align: justify\"><strong>Estranho<\/strong><\/p>\n<p style=\"text-align: justify\">Conselho Nacional de Justi\u00e7a dedica men\u00e7\u00e3o honrosa pelas mais de 3 mil audi\u00eancias de concilia\u00e7\u00e3o que a operadora de plano de sa\u00fade realizou em 2017.\u00a0Cai entre n\u00f3s. Men\u00e7\u00e3o honrosa merecem os usu\u00e1rios de qualquer plano de sa\u00fade, que recorreram aos tribunais para fazer valer seus direitos. S\u00e3o pacientes que pagam horrores de impostos e ainda precisam se submeter aos planos de sa\u00fade e suas imposi\u00e7\u00f5es.<\/p>\n<figure id=\"attachment_9813\" aria-describedby=\"caption-attachment-9813\" style=\"width: 355px\" class=\"wp-caption aligncenter\"><img loading=\"lazy\" decoding=\"async\" class=\"wp-image-9813 \" src=\"https:\/\/blogs.correiobraziliense.com.br\/aricunha\/wp-content\/uploads\/sites\/13\/2018\/02\/fundac3a7oes-pc3bablicas.jpg\" alt=\"\" width=\"355\" height=\"419\" srcset=\"https:\/\/blogs.correiobraziliense.com.br\/aricunha\/wp-content\/uploads\/sites\/13\/2018\/02\/fundac3a7oes-pc3bablicas.jpg 271w, https:\/\/blogs.correiobraziliense.com.br\/aricunha\/wp-content\/uploads\/sites\/13\/2018\/02\/fundac3a7oes-pc3bablicas-254x300.jpg 254w, https:\/\/blogs.correiobraziliense.com.br\/aricunha\/wp-content\/uploads\/sites\/13\/2018\/02\/fundac3a7oes-pc3bablicas-230x272.jpg 230w\" sizes=\"auto, (max-width: 355px) 100vw, 355px\" \/><figcaption id=\"caption-attachment-9813\" class=\"wp-caption-text\">Charge: glaucocortez.wordpress.com<\/figcaption><\/figure>\n<p style=\"text-align: justify\"><strong>Muito bom<\/strong><\/p>\n<p style=\"text-align: justify\">Google Play dedica a tecnologia para quem quer pular carnaval e para quem quer ficar bem longe dele. Pelo aplicativo da plataforma, o internauta pode ter a localiza\u00e7\u00e3o da folia, comentar, compartilhar. Ou pode ver as alternativas de descanso com o google maps dando suporte.<\/p>\n<p style=\"text-align: justify\"><strong>Luta<\/strong><\/p>\n<p style=\"text-align: justify\">Inacredit\u00e1vel como nossas autoridades desprezam a arte. H\u00e9rcules Gomes est\u00e1 gravando um CD em homenagem aos 170 anos de Chiquinha Gonzaga e precisa de contribui\u00e7\u00e3o financeira dos amigos para viabilizar o projeto. Pelo Blog do Ari Cunha acesse o link para contribuir, se quiser.<\/p>\n<p><a href=\"https:\/\/www.catarse.me\/notempodachiquinha\" target=\"_blank\">https:\/\/www.catarse.me\/notempodachiquinha<\/a><\/p>\n<p><img loading=\"lazy\" decoding=\"async\" class=\"wp-image-9812 alignleft alignright\" src=\"https:\/\/blogs.correiobraziliense.com.br\/aricunha\/wp-content\/uploads\/sites\/13\/2018\/02\/thumb_avatar_hercules-194-full.jpg\" alt=\"\" width=\"225\" height=\"229\" \/><\/p>\n<p style=\"padding-left: 150px\">No Tempo da Chiquinha<\/p>\n<p style=\"padding-left: 150px;text-align: justify\">Com licen\u00e7a querido(a)?estou ajudando um amigo pianista, H\u00e9rcules Gomes, a divulgar sua campanha de financiamento para grava\u00e7\u00e3o de um CD em homenagem a ? Chiquinha Gonzaga, pelos seus 170 anos?. Se voc\u00ea puder contribuir ficar\u00edamos muito agradecidos, qualquer valor \u00e9 importante, super f\u00e1cil \u00e9 s\u00f3 acessar o link https:\/\/www.catarse.me\/notempodachiquinha. Obrigado pela aten\u00e7\u00e3o, Grande abra\u00e7o ? e se puder, compartilhe esse projeto lindo \u2764?\u2764 Wandrei Braga ?<\/p>\n<p style=\"text-align: justify\"><strong>HIST\u00d3RIA DE BRAS\u00cdLIA<\/strong><\/p>\n<p style=\"text-align: justify\">Banco sem sorte, o do Nordeste. Depois de uma administra\u00e7\u00e3o calamitosa como a do sr. Alencar Araripe, surge, agora o governador Parsifal Barroso indicando o sr. Valdemar Alc\u00e2ntara para a presid\u00eancia. <strong>(Publicado em 13.10.1961)<\/strong><\/p>\n","protected":false},"excerpt":{"rendered":"<p>ARI CUNHA Visto, lido e ouvido Desde 1960 colunadoaricunha@gmail.com; com Circe Cunha e Mamfil \u00a0\u00a0\u00a0\u00a0\u00a0\u00a0\u00a0\u00a0 Elei\u00e7\u00f5es lavam mais branco, j\u00e1 dizia dona Dita h\u00e1 d\u00e9cadas. Com a renova\u00e7\u00e3o do Legislativo, reacendem, a cada elei\u00e7\u00e3o, as esperan\u00e7as de um novo tempo. Pelo menos, tem sido assim as expectativas desde a redemocratiza\u00e7\u00e3o. Ocorre que a realidade dos fatos, e principalmente da composi\u00e7\u00e3o [&hellip;]<\/p>\n","protected":false},"author":34,"featured_media":9816,"comment_status":"open","ping_status":"open","sticky":false,"template":"","format":"standard","meta":{"footnotes":""},"categories":[23],"tags":[67],"class_list":["post-9803","post","type-post","status-publish","format-standard","has-post-thumbnail","hentry","category-integra","tag-brasilia-historiadebrasilia-aricunha-circecunha-mamfil"],"_links":{"self":[{"href":"https:\/\/blogs.correiobraziliense.com.br\/aricunha\/wp-json\/wp\/v2\/posts\/9803","targetHints":{"allow":["GET"]}}],"collection":[{"href":"https:\/\/blogs.correiobraziliense.com.br\/aricunha\/wp-json\/wp\/v2\/posts"}],"about":[{"href":"https:\/\/blogs.correiobraziliense.com.br\/aricunha\/wp-json\/wp\/v2\/types\/post"}],"author":[{"embeddable":true,"href":"https:\/\/blogs.correiobraziliense.com.br\/aricunha\/wp-json\/wp\/v2\/users\/34"}],"replies":[{"embeddable":true,"href":"https:\/\/blogs.correiobraziliense.com.br\/aricunha\/wp-json\/wp\/v2\/comments?post=9803"}],"version-history":[{"count":10,"href":"https:\/\/blogs.correiobraziliense.com.br\/aricunha\/wp-json\/wp\/v2\/posts\/9803\/revisions"}],"predecessor-version":[{"id":9820,"href":"https:\/\/blogs.correiobraziliense.com.br\/aricunha\/wp-json\/wp\/v2\/posts\/9803\/revisions\/9820"}],"wp:featuredmedia":[{"embeddable":true,"href":"https:\/\/blogs.correiobraziliense.com.br\/aricunha\/wp-json\/wp\/v2\/media\/9816"}],"wp:attachment":[{"href":"https:\/\/blogs.correiobraziliense.com.br\/aricunha\/wp-json\/wp\/v2\/media?parent=9803"}],"wp:term":[{"taxonomy":"category","embeddable":true,"href":"https:\/\/blogs.correiobraziliense.com.br\/aricunha\/wp-json\/wp\/v2\/categories?post=9803"},{"taxonomy":"post_tag","embeddable":true,"href":"https:\/\/blogs.correiobraziliense.com.br\/aricunha\/wp-json\/wp\/v2\/tags?post=9803"}],"curies":[{"name":"wp","href":"https:\/\/api.w.org\/{rel}","templated":true}]}}