{"id":9777,"date":"2018-02-06T21:00:12","date_gmt":"2018-02-06T23:00:12","guid":{"rendered":"https:\/\/blogs.correiobraziliense.com.br\/aricunha\/?p=9777"},"modified":"2018-02-07T20:30:23","modified_gmt":"2018-02-07T22:30:23","slug":"historias-para-o-futuro-visto","status":"publish","type":"post","link":"https:\/\/blogs.correiobraziliense.com.br\/aricunha\/historias-para-o-futuro-visto\/","title":{"rendered":"Hist\u00f3rias para o futuro visto"},"content":{"rendered":"<p style=\"text-align: justify\">ARI CUNHA<\/p>\n<p style=\"text-align: justify\">Visto, lido e ouvido<\/p>\n<p style=\"text-align: justify\">Desde 1960<\/p>\n<p style=\"text-align: justify\">colunadoaricunha@gmail.com;<\/p>\n<p style=\"text-align: justify\">com Circe Cunha e Mamfil<\/p>\n<figure id=\"attachment_9785\" aria-describedby=\"caption-attachment-9785\" style=\"width: 572px\" class=\"wp-caption aligncenter\"><img loading=\"lazy\" decoding=\"async\" class=\" wp-image-9785\" src=\"https:\/\/blogs.correiobraziliense.com.br\/aricunha\/wp-content\/uploads\/sites\/13\/2018\/02\/normal_calca_nova.jpeg\" alt=\"Charge: filosofia.seed.pr.gov.br\" width=\"572\" height=\"375\" srcset=\"https:\/\/blogs.correiobraziliense.com.br\/aricunha\/wp-content\/uploads\/sites\/13\/2018\/02\/normal_calca_nova.jpeg 400w, https:\/\/blogs.correiobraziliense.com.br\/aricunha\/wp-content\/uploads\/sites\/13\/2018\/02\/normal_calca_nova-300x197.jpeg 300w, https:\/\/blogs.correiobraziliense.com.br\/aricunha\/wp-content\/uploads\/sites\/13\/2018\/02\/normal_calca_nova-350x229.jpeg 350w, https:\/\/blogs.correiobraziliense.com.br\/aricunha\/wp-content\/uploads\/sites\/13\/2018\/02\/normal_calca_nova-230x151.jpeg 230w\" sizes=\"auto, (max-width: 572px) 100vw, 572px\" \/><figcaption id=\"caption-attachment-9785\" class=\"wp-caption-text\">Charge: filosofia.seed.pr.gov.br<\/figcaption><\/figure>\n<p style=\"text-align: justify\">\u00a0\u00a0\u00a0\u00a0\u00a0\u00a0\u00a0\u00a0 No futuro distante, quando os historiadores passarem a analisar, com mais acuidade e sem a cegueira das paix\u00f5es pol\u00edticas, o per\u00edodo marcado pelos governos petistas no comando do pa\u00eds, ir\u00e1 se deparar com um material vasto e riqu\u00edssimo para a elabora\u00e7\u00e3o das mais diversas teses, abrangendo os mais variados aspectos da alma humana, abarcando temas que v\u00e3o desde a psicologia comportamental at\u00e9 a elementos que remetam a literatura, mais propriamente ao realismo fant\u00e1stico.<\/p>\n<p style=\"text-align: justify\">\u00a0 \u00a0 \u00a0 \u00a0 \u00a0 \u00a0Ali\u00e1s, para entender com mais precis\u00e3o, esse per\u00edodo e a performance de pessoas e grupos ligados ao partido no poder naquela ocasi\u00e3o, ser\u00e1 necess\u00e1rio ir buscar, para al\u00e9m da ci\u00eancia pol\u00edtica, caracter\u00edsticas tamb\u00e9m descritas no realismo m\u00e1gico, presente em muitas obras da literatura latino-americana. Somente a partir de uma an\u00e1lise mais ampla e sem preconceitos desse tempo, ser\u00e1 poss\u00edvel adentrar num per\u00edodo de nossa hist\u00f3ria em que personagens reais se misturam com seres imagin\u00e1rios fabricados pelo marketing e pela propaganda pol\u00edtica, resultando numa am\u00e1lgama sui generis e surrealista.<\/p>\n<p style=\"text-align: justify\">\u00a0 \u00a0 \u00a0 \u00a0 \u00a0De imediato os pesquisadores ir\u00e3o se defrontar com personagens que repentinamente se viram emergindo numa nova realidade, passando a ser expostos \u00e0 um mundo que jamais sonharam existir. Para tanto, colocando os interesses do Estado de lado, at\u00e9 por que n\u00e3o compreendiam seu funcionamento, passaram a cuidar, \u00e0s pressas e de improviso, de organizar um patamar ou bunker para proteger a c\u00fapula do partido, assegurando medidas que permitiriam, doravante<\/p>\n<p style=\"text-align: justify\">\u00a0 \u00a0 \u00a0 \u00a0 \u00a0 \u00a0 Para um grupo, que se viu de repente sob as luzes da ribalta, aquele era um mundo novo, semelhante, talvez, \u00e0quele encontrado pelos navegantes europeus no s\u00e9culo XV. Os Saltimbancos tomaram o poder dos patr\u00f5es e conseguiram fazer o pior. Continuaram com o mesmo olhar que tanto reclamavam, mas de forma provinciana, abastecendo pessoas e partidos com dinheiro da corrup\u00e7\u00e3o. Tanto \u00e9, que n\u00e3o h\u00e1 estruturas mudadas nem na educa\u00e7\u00e3o, transporte, seguran\u00e7a e sa\u00fade. A esperan\u00e7a depositada nos Saltimbancos tamb\u00e9m morreu.<\/p>\n<figure id=\"attachment_9786\" aria-describedby=\"caption-attachment-9786\" style=\"width: 348px\" class=\"wp-caption alignleft\"><img loading=\"lazy\" decoding=\"async\" class=\" wp-image-9786\" src=\"https:\/\/blogs.correiobraziliense.com.br\/aricunha\/wp-content\/uploads\/sites\/13\/2018\/02\/2230371322012-1.jpg\" alt=\"Charge: criandoecriticando.blogspot.com.br\" width=\"348\" height=\"268\" srcset=\"https:\/\/blogs.correiobraziliense.com.br\/aricunha\/wp-content\/uploads\/sites\/13\/2018\/02\/2230371322012-1.jpg 600w, https:\/\/blogs.correiobraziliense.com.br\/aricunha\/wp-content\/uploads\/sites\/13\/2018\/02\/2230371322012-1-300x231.jpg 300w, https:\/\/blogs.correiobraziliense.com.br\/aricunha\/wp-content\/uploads\/sites\/13\/2018\/02\/2230371322012-1-350x270.jpg 350w, https:\/\/blogs.correiobraziliense.com.br\/aricunha\/wp-content\/uploads\/sites\/13\/2018\/02\/2230371322012-1-550x424.jpg 550w, https:\/\/blogs.correiobraziliense.com.br\/aricunha\/wp-content\/uploads\/sites\/13\/2018\/02\/2230371322012-1-230x177.jpg 230w\" sizes=\"auto, (max-width: 348px) 100vw, 348px\" \/><figcaption id=\"caption-attachment-9786\" class=\"wp-caption-text\">Charge: criandoecriticando.blogspot.com.br<\/figcaption><\/figure>\n<p style=\"text-align: justify\">\u00a0 \u00a0 \u00a0 \u00a0 \u00a0 \u00a0Ao tomar posse do novo e amplo continente, os Saltimbancos\u00a0paulistas trataram logo de agradar os aut\u00f3ctones do poder, com ossos, ovos de outro, carro\u00e7as e uma estranha liberdade na forma de ma\u00e7os gordos de dinheiro, arrancados dos cofres do Estado. Guardados em malas, apartamentos, cuecas, contas no exterior, pa\u00edses afora.<\/p>\n<p style=\"text-align: justify\">\u00a0 \u00a0 \u00a0 \u00a0 \u00a0 \u00a0Pela facilidade com que encontraram as minas do ouro de aluvi\u00e3o, passaram a explorar, febrilmente, as jazidas localizadas no seio das muitas estatais. Como nos melhores contos, onde a ambi\u00e7\u00e3o de uns poucos leva todos igualmente \u00e0 ru\u00edna, a rapinagem desmedida acabou por despertar inveja nos antigos donos da terra, alijados do banquete pantagru\u00e9lico.<\/p>\n<p style=\"text-align: justify\">\u00a0 \u00a0 \u00a0 \u00a0 \u00a0O que seguiu dessa desventura foi trazida \u00e0 luz da popula\u00e7\u00e3o, sob a forma de dela\u00e7\u00f5es, feitas por traidores temerosos do cadafalso da justi\u00e7a. Os milhares de relatos, que comp\u00f5em essa fase, tra\u00e7am o retrato de um mundo que pareceu existir muito al\u00e9m da realidade, mostrando situa\u00e7\u00f5es e personagens que levariam escritores como Gabriel Garcia M\u00e1rquez, Jorge Luis Borges, Alejo Carpentier, Manuel Scorza e outros, a entender que para al\u00e9m do fant\u00e1stico e m\u00e1gico mundo que criaram, existe um pa\u00eds onde uma mir\u00edade de personagens eleva esse tipo de leitura aos p\u00edncaros da imagina\u00e7\u00e3o, reduzindo a realidade \u00e0 um livro de areia, que se escreve infinitamente.<\/p>\n<p style=\"text-align: justify\"><strong>A frase que foi pronunciada:<\/strong><\/p>\n<p style=\"text-align: justify\">\u201cNosso Brasil \u00e9 um eterno baile de m\u00e1scaras e fantasias.\u201d<\/p>\n<p style=\"text-align: justify\">Jo\u00e3ozinho Trinta, de onde estiver.<\/p>\n<p style=\"text-align: justify\"><strong>Ainda<\/strong><\/p>\n<p style=\"text-align: justify\">N\u00e3o foi preciso aguardar o desastre ocorrido na Galeria dos Estados para externar a preocupa\u00e7\u00e3o de muito tempo. Esta coluna j\u00e1 chamou a aten\u00e7\u00e3o v\u00e1rias vezes para a ponte do Bragueto. A ondula\u00e7\u00e3o saliente que havia na ponte foi lixada poucos dias atr\u00e1s pelo DER. Sempre remendos. Essa ponte n\u00e3o foi projetada para o peso e movimento das \u00faltimas d\u00e9cadas. A mesma coisa com a Barragem do Parano\u00e1. Se para a troca de um alambrado o descaso \u00e9 gritante, imaginem para a manuten\u00e7\u00e3o da \u00e1rea.<\/p>\n<figure id=\"attachment_9800\" aria-describedby=\"caption-attachment-9800\" style=\"width: 820px\" class=\"wp-caption aligncenter\"><img loading=\"lazy\" decoding=\"async\" class=\"size-full wp-image-9800\" src=\"https:\/\/blogs.correiobraziliense.com.br\/aricunha\/wp-content\/uploads\/sites\/13\/2018\/02\/20180207091306981602u.jpg\" alt=\"Foto: correiobraziliense.com.br\" width=\"820\" height=\"448\" srcset=\"https:\/\/blogs.correiobraziliense.com.br\/aricunha\/wp-content\/uploads\/sites\/13\/2018\/02\/20180207091306981602u.jpg 820w, https:\/\/blogs.correiobraziliense.com.br\/aricunha\/wp-content\/uploads\/sites\/13\/2018\/02\/20180207091306981602u-300x164.jpg 300w, https:\/\/blogs.correiobraziliense.com.br\/aricunha\/wp-content\/uploads\/sites\/13\/2018\/02\/20180207091306981602u-768x420.jpg 768w, https:\/\/blogs.correiobraziliense.com.br\/aricunha\/wp-content\/uploads\/sites\/13\/2018\/02\/20180207091306981602u-350x191.jpg 350w, https:\/\/blogs.correiobraziliense.com.br\/aricunha\/wp-content\/uploads\/sites\/13\/2018\/02\/20180207091306981602u-550x300.jpg 550w, https:\/\/blogs.correiobraziliense.com.br\/aricunha\/wp-content\/uploads\/sites\/13\/2018\/02\/20180207091306981602u-230x126.jpg 230w\" sizes=\"auto, (max-width: 820px) 100vw, 820px\" \/><figcaption id=\"caption-attachment-9800\" class=\"wp-caption-text\">Foto: correiobraziliense.com.br<\/figcaption><\/figure>\n<p style=\"text-align: justify\"><strong>Cidadania<\/strong><\/p>\n<p style=\"text-align: justify\">Professor Davi Moreira Santos, do CED Condom\u00ednio Est\u00e2ncia III, encaminhou 3 correspond\u00eancias ao Governo do DF. A primeira ao senhor Marcelo Granja, do Detran, solicitando que seja revitalizada a pintura das faixas sinalizadoras de tr\u00e2nsito, pr\u00f3ximo \u00e0 escola e posto de sa\u00fade, avenida principal da Est\u00e2ncia, Avenida Marechal Deodoro, Quadra 98 Setor sul de Planaltina.<\/p>\n<figure id=\"attachment_9754\" aria-describedby=\"caption-attachment-9754\" style=\"width: 627px\" class=\"wp-caption aligncenter\"><img loading=\"lazy\" decoding=\"async\" class=\" wp-image-9754\" src=\"https:\/\/blogs.correiobraziliense.com.br\/aricunha\/wp-content\/uploads\/sites\/13\/2018\/02\/2.png\" alt=\"Foto: Professor Davi Moreira\" width=\"627\" height=\"351\" srcset=\"https:\/\/blogs.correiobraziliense.com.br\/aricunha\/wp-content\/uploads\/sites\/13\/2018\/02\/2.png 1227w, https:\/\/blogs.correiobraziliense.com.br\/aricunha\/wp-content\/uploads\/sites\/13\/2018\/02\/2-300x168.png 300w, https:\/\/blogs.correiobraziliense.com.br\/aricunha\/wp-content\/uploads\/sites\/13\/2018\/02\/2-768x430.png 768w, https:\/\/blogs.correiobraziliense.com.br\/aricunha\/wp-content\/uploads\/sites\/13\/2018\/02\/2-1024x573.png 1024w, https:\/\/blogs.correiobraziliense.com.br\/aricunha\/wp-content\/uploads\/sites\/13\/2018\/02\/2-350x196.png 350w, https:\/\/blogs.correiobraziliense.com.br\/aricunha\/wp-content\/uploads\/sites\/13\/2018\/02\/2-550x308.png 550w, https:\/\/blogs.correiobraziliense.com.br\/aricunha\/wp-content\/uploads\/sites\/13\/2018\/02\/2-230x129.png 230w\" sizes=\"auto, (max-width: 627px) 100vw, 627px\" \/><figcaption id=\"caption-attachment-9754\" class=\"wp-caption-text\">Foto: Professor Davi Moreira<\/figcaption><\/figure>\n<figure id=\"attachment_9753\" aria-describedby=\"caption-attachment-9753\" style=\"width: 626px\" class=\"wp-caption aligncenter\"><img loading=\"lazy\" decoding=\"async\" class=\"wp-image-9753\" src=\"https:\/\/blogs.correiobraziliense.com.br\/aricunha\/wp-content\/uploads\/sites\/13\/2018\/02\/1.png\" alt=\"\" width=\"626\" height=\"350\" srcset=\"https:\/\/blogs.correiobraziliense.com.br\/aricunha\/wp-content\/uploads\/sites\/13\/2018\/02\/1.png 1221w, https:\/\/blogs.correiobraziliense.com.br\/aricunha\/wp-content\/uploads\/sites\/13\/2018\/02\/1-300x168.png 300w, https:\/\/blogs.correiobraziliense.com.br\/aricunha\/wp-content\/uploads\/sites\/13\/2018\/02\/1-768x430.png 768w, https:\/\/blogs.correiobraziliense.com.br\/aricunha\/wp-content\/uploads\/sites\/13\/2018\/02\/1-1024x573.png 1024w, https:\/\/blogs.correiobraziliense.com.br\/aricunha\/wp-content\/uploads\/sites\/13\/2018\/02\/1-350x196.png 350w, https:\/\/blogs.correiobraziliense.com.br\/aricunha\/wp-content\/uploads\/sites\/13\/2018\/02\/1-550x308.png 550w, https:\/\/blogs.correiobraziliense.com.br\/aricunha\/wp-content\/uploads\/sites\/13\/2018\/02\/1-230x129.png 230w\" sizes=\"auto, (max-width: 626px) 100vw, 626px\" \/><figcaption id=\"caption-attachment-9753\" class=\"wp-caption-text\">Foto: Professor Davi Moreira<\/figcaption><\/figure>\n<figure id=\"attachment_9755\" aria-describedby=\"caption-attachment-9755\" style=\"width: 623px\" class=\"wp-caption aligncenter\"><img loading=\"lazy\" decoding=\"async\" class=\" wp-image-9755\" src=\"https:\/\/blogs.correiobraziliense.com.br\/aricunha\/wp-content\/uploads\/sites\/13\/2018\/02\/4.png\" alt=\"Foto: Professor Davi Moreira\" width=\"623\" height=\"346\" srcset=\"https:\/\/blogs.correiobraziliense.com.br\/aricunha\/wp-content\/uploads\/sites\/13\/2018\/02\/4.png 1225w, https:\/\/blogs.correiobraziliense.com.br\/aricunha\/wp-content\/uploads\/sites\/13\/2018\/02\/4-300x167.png 300w, https:\/\/blogs.correiobraziliense.com.br\/aricunha\/wp-content\/uploads\/sites\/13\/2018\/02\/4-768x427.png 768w, https:\/\/blogs.correiobraziliense.com.br\/aricunha\/wp-content\/uploads\/sites\/13\/2018\/02\/4-1024x569.png 1024w, https:\/\/blogs.correiobraziliense.com.br\/aricunha\/wp-content\/uploads\/sites\/13\/2018\/02\/4-350x195.png 350w, https:\/\/blogs.correiobraziliense.com.br\/aricunha\/wp-content\/uploads\/sites\/13\/2018\/02\/4-550x306.png 550w, https:\/\/blogs.correiobraziliense.com.br\/aricunha\/wp-content\/uploads\/sites\/13\/2018\/02\/4-230x128.png 230w\" sizes=\"auto, (max-width: 623px) 100vw, 623px\" \/><figcaption id=\"caption-attachment-9755\" class=\"wp-caption-text\">Foto: Professor Davi Moreira<\/figcaption><\/figure>\n<figure id=\"attachment_9756\" aria-describedby=\"caption-attachment-9756\" style=\"width: 623px\" class=\"wp-caption aligncenter\"><img loading=\"lazy\" decoding=\"async\" class=\" wp-image-9756\" src=\"https:\/\/blogs.correiobraziliense.com.br\/aricunha\/wp-content\/uploads\/sites\/13\/2018\/02\/3.png\" alt=\"Foto: Professor Davi Moreira\" width=\"623\" height=\"346\" srcset=\"https:\/\/blogs.correiobraziliense.com.br\/aricunha\/wp-content\/uploads\/sites\/13\/2018\/02\/3.png 1217w, https:\/\/blogs.correiobraziliense.com.br\/aricunha\/wp-content\/uploads\/sites\/13\/2018\/02\/3-300x166.png 300w, https:\/\/blogs.correiobraziliense.com.br\/aricunha\/wp-content\/uploads\/sites\/13\/2018\/02\/3-768x426.png 768w, https:\/\/blogs.correiobraziliense.com.br\/aricunha\/wp-content\/uploads\/sites\/13\/2018\/02\/3-1024x568.png 1024w, https:\/\/blogs.correiobraziliense.com.br\/aricunha\/wp-content\/uploads\/sites\/13\/2018\/02\/3-350x194.png 350w, https:\/\/blogs.correiobraziliense.com.br\/aricunha\/wp-content\/uploads\/sites\/13\/2018\/02\/3-550x305.png 550w, https:\/\/blogs.correiobraziliense.com.br\/aricunha\/wp-content\/uploads\/sites\/13\/2018\/02\/3-230x128.png 230w\" sizes=\"auto, (max-width: 623px) 100vw, 623px\" \/><figcaption id=\"caption-attachment-9756\" class=\"wp-caption-text\">Foto: Professor Davi Moreira<\/figcaption><\/figure>\n<p><img loading=\"lazy\" decoding=\"async\" class=\" wp-image-9757 aligncenter\" src=\"https:\/\/blogs.correiobraziliense.com.br\/aricunha\/wp-content\/uploads\/sites\/13\/2018\/02\/Carta-2-1.png\" alt=\"\" width=\"847\" height=\"421\" srcset=\"https:\/\/blogs.correiobraziliense.com.br\/aricunha\/wp-content\/uploads\/sites\/13\/2018\/02\/Carta-2-1.png 1245w, https:\/\/blogs.correiobraziliense.com.br\/aricunha\/wp-content\/uploads\/sites\/13\/2018\/02\/Carta-2-1-300x149.png 300w, https:\/\/blogs.correiobraziliense.com.br\/aricunha\/wp-content\/uploads\/sites\/13\/2018\/02\/Carta-2-1-768x382.png 768w, https:\/\/blogs.correiobraziliense.com.br\/aricunha\/wp-content\/uploads\/sites\/13\/2018\/02\/Carta-2-1-1024x509.png 1024w, https:\/\/blogs.correiobraziliense.com.br\/aricunha\/wp-content\/uploads\/sites\/13\/2018\/02\/Carta-2-1-350x174.png 350w, https:\/\/blogs.correiobraziliense.com.br\/aricunha\/wp-content\/uploads\/sites\/13\/2018\/02\/Carta-2-1-550x273.png 550w, https:\/\/blogs.correiobraziliense.com.br\/aricunha\/wp-content\/uploads\/sites\/13\/2018\/02\/Carta-2-1-230x114.png 230w\" sizes=\"auto, (max-width: 847px) 100vw, 847px\" \/><\/p>\n<p><img loading=\"lazy\" decoding=\"async\" class=\" wp-image-9758 aligncenter\" src=\"https:\/\/blogs.correiobraziliense.com.br\/aricunha\/wp-content\/uploads\/sites\/13\/2018\/02\/Carta-2-2.png\" alt=\"\" width=\"442\" height=\"364\" srcset=\"https:\/\/blogs.correiobraziliense.com.br\/aricunha\/wp-content\/uploads\/sites\/13\/2018\/02\/Carta-2-2.png 627w, https:\/\/blogs.correiobraziliense.com.br\/aricunha\/wp-content\/uploads\/sites\/13\/2018\/02\/Carta-2-2-300x247.png 300w, https:\/\/blogs.correiobraziliense.com.br\/aricunha\/wp-content\/uploads\/sites\/13\/2018\/02\/Carta-2-2-350x288.png 350w, https:\/\/blogs.correiobraziliense.com.br\/aricunha\/wp-content\/uploads\/sites\/13\/2018\/02\/Carta-2-2-550x453.png 550w, https:\/\/blogs.correiobraziliense.com.br\/aricunha\/wp-content\/uploads\/sites\/13\/2018\/02\/Carta-2-2-230x189.png 230w\" sizes=\"auto, (max-width: 442px) 100vw, 442px\" \/><\/p>\n<p style=\"text-align: justify\"><strong>Documentado<\/strong><\/p>\n<p style=\"text-align: justify\">A outra carta pede ao administrador de Planaltina, Vicente Salgueiro, postes na rua contr\u00e1ria ao pr\u00e9dio da escola Est\u00e2ncia III, j\u00e1 que os alunos do hor\u00e1rio noturno precisam de mais seguran\u00e7a na sa\u00edda das aulas. O parquinho da Est\u00e2ncia, Pr\u00f3ximo ao centro de Sa\u00fade, precisa ser revitalizado. As cartas e a documenta\u00e7\u00e3o poder\u00e3o ser lidas na \u00edntegra no Blog do Ari Cunha.<\/p>\n<p style=\"text-align: justify\"><img loading=\"lazy\" decoding=\"async\" class=\"alignnone size-full wp-image-9760\" src=\"https:\/\/blogs.correiobraziliense.com.br\/aricunha\/wp-content\/uploads\/sites\/13\/2018\/02\/Carta-1-1.png\" alt=\"Carta 1-1\" width=\"1253\" height=\"599\" srcset=\"https:\/\/blogs.correiobraziliense.com.br\/aricunha\/wp-content\/uploads\/sites\/13\/2018\/02\/Carta-1-1.png 1253w, https:\/\/blogs.correiobraziliense.com.br\/aricunha\/wp-content\/uploads\/sites\/13\/2018\/02\/Carta-1-1-300x143.png 300w, https:\/\/blogs.correiobraziliense.com.br\/aricunha\/wp-content\/uploads\/sites\/13\/2018\/02\/Carta-1-1-768x367.png 768w, https:\/\/blogs.correiobraziliense.com.br\/aricunha\/wp-content\/uploads\/sites\/13\/2018\/02\/Carta-1-1-1024x490.png 1024w, https:\/\/blogs.correiobraziliense.com.br\/aricunha\/wp-content\/uploads\/sites\/13\/2018\/02\/Carta-1-1-350x167.png 350w, https:\/\/blogs.correiobraziliense.com.br\/aricunha\/wp-content\/uploads\/sites\/13\/2018\/02\/Carta-1-1-550x263.png 550w, https:\/\/blogs.correiobraziliense.com.br\/aricunha\/wp-content\/uploads\/sites\/13\/2018\/02\/Carta-1-1-230x110.png 230w\" sizes=\"auto, (max-width: 1253px) 100vw, 1253px\" \/><\/p>\n<p style=\"text-align: justify\"><img loading=\"lazy\" decoding=\"async\" class=\"alignnone size-full wp-image-9761\" src=\"https:\/\/blogs.correiobraziliense.com.br\/aricunha\/wp-content\/uploads\/sites\/13\/2018\/02\/Carta-1-2.png\" alt=\"Carta 1-2\" width=\"1228\" height=\"599\" srcset=\"https:\/\/blogs.correiobraziliense.com.br\/aricunha\/wp-content\/uploads\/sites\/13\/2018\/02\/Carta-1-2.png 1228w, https:\/\/blogs.correiobraziliense.com.br\/aricunha\/wp-content\/uploads\/sites\/13\/2018\/02\/Carta-1-2-300x146.png 300w, https:\/\/blogs.correiobraziliense.com.br\/aricunha\/wp-content\/uploads\/sites\/13\/2018\/02\/Carta-1-2-768x375.png 768w, https:\/\/blogs.correiobraziliense.com.br\/aricunha\/wp-content\/uploads\/sites\/13\/2018\/02\/Carta-1-2-1024x499.png 1024w, https:\/\/blogs.correiobraziliense.com.br\/aricunha\/wp-content\/uploads\/sites\/13\/2018\/02\/Carta-1-2-350x171.png 350w, https:\/\/blogs.correiobraziliense.com.br\/aricunha\/wp-content\/uploads\/sites\/13\/2018\/02\/Carta-1-2-550x268.png 550w, https:\/\/blogs.correiobraziliense.com.br\/aricunha\/wp-content\/uploads\/sites\/13\/2018\/02\/Carta-1-2-230x112.png 230w\" sizes=\"auto, (max-width: 1228px) 100vw, 1228px\" \/><\/p>\n<p>&nbsp;<\/p>\n<p style=\"text-align: justify\"><strong>HIST\u00d3RIA DE BRAS\u00cdLIA<\/strong><\/p>\n<p style=\"text-align: justify\">Sr. Roberto de Souza Lima, SQ 411 Bl. 20 apt. 108: foi uma nota de bom humor. O senhor \u00e9 que n\u00e3o interpretou bem. Desculpe. <strong>(Publicado em 13.10.1961)<\/strong><\/p>\n<p>&nbsp;<\/p>\n","protected":false},"excerpt":{"rendered":"<p>ARI CUNHA Visto, lido e ouvido Desde 1960 colunadoaricunha@gmail.com; com Circe Cunha e Mamfil \u00a0\u00a0\u00a0\u00a0\u00a0\u00a0\u00a0\u00a0 No futuro distante, quando os historiadores passarem a analisar, com mais acuidade e sem a cegueira das paix\u00f5es pol\u00edticas, o per\u00edodo marcado pelos governos petistas no comando do pa\u00eds, ir\u00e1 se deparar com um material vasto e riqu\u00edssimo para a elabora\u00e7\u00e3o das mais diversas teses, [&hellip;]<\/p>\n","protected":false},"author":34,"featured_media":9785,"comment_status":"open","ping_status":"open","sticky":false,"template":"","format":"standard","meta":{"footnotes":""},"categories":[23],"tags":[67],"class_list":["post-9777","post","type-post","status-publish","format-standard","has-post-thumbnail","hentry","category-integra","tag-brasilia-historiadebrasilia-aricunha-circecunha-mamfil"],"_links":{"self":[{"href":"https:\/\/blogs.correiobraziliense.com.br\/aricunha\/wp-json\/wp\/v2\/posts\/9777","targetHints":{"allow":["GET"]}}],"collection":[{"href":"https:\/\/blogs.correiobraziliense.com.br\/aricunha\/wp-json\/wp\/v2\/posts"}],"about":[{"href":"https:\/\/blogs.correiobraziliense.com.br\/aricunha\/wp-json\/wp\/v2\/types\/post"}],"author":[{"embeddable":true,"href":"https:\/\/blogs.correiobraziliense.com.br\/aricunha\/wp-json\/wp\/v2\/users\/34"}],"replies":[{"embeddable":true,"href":"https:\/\/blogs.correiobraziliense.com.br\/aricunha\/wp-json\/wp\/v2\/comments?post=9777"}],"version-history":[{"count":7,"href":"https:\/\/blogs.correiobraziliense.com.br\/aricunha\/wp-json\/wp\/v2\/posts\/9777\/revisions"}],"predecessor-version":[{"id":9801,"href":"https:\/\/blogs.correiobraziliense.com.br\/aricunha\/wp-json\/wp\/v2\/posts\/9777\/revisions\/9801"}],"wp:featuredmedia":[{"embeddable":true,"href":"https:\/\/blogs.correiobraziliense.com.br\/aricunha\/wp-json\/wp\/v2\/media\/9785"}],"wp:attachment":[{"href":"https:\/\/blogs.correiobraziliense.com.br\/aricunha\/wp-json\/wp\/v2\/media?parent=9777"}],"wp:term":[{"taxonomy":"category","embeddable":true,"href":"https:\/\/blogs.correiobraziliense.com.br\/aricunha\/wp-json\/wp\/v2\/categories?post=9777"},{"taxonomy":"post_tag","embeddable":true,"href":"https:\/\/blogs.correiobraziliense.com.br\/aricunha\/wp-json\/wp\/v2\/tags?post=9777"}],"curies":[{"name":"wp","href":"https:\/\/api.w.org\/{rel}","templated":true}]}}