{"id":9747,"date":"2018-02-05T21:00:57","date_gmt":"2018-02-05T23:00:57","guid":{"rendered":"https:\/\/blogs.correiobraziliense.com.br\/aricunha\/?p=9747"},"modified":"2018-02-07T16:18:32","modified_gmt":"2018-02-07T18:18:32","slug":"seguro-mal-explicado-vale-indenizacao","status":"publish","type":"post","link":"https:\/\/blogs.correiobraziliense.com.br\/aricunha\/seguro-mal-explicado-vale-indenizacao\/","title":{"rendered":"Seguro mal explicado vale indeniza\u00e7\u00e3o?"},"content":{"rendered":"<p style=\"text-align: justify\">ARI CUNHA<\/p>\n<p style=\"text-align: justify\">Visto, lido e ouvido<\/p>\n<p style=\"text-align: justify\">Desde 1960<\/p>\n<p style=\"text-align: justify\">colunadoaricunha@gmail.com;<\/p>\n<p style=\"text-align: justify\">com Circe Cunha e Mamfil<\/p>\n<figure id=\"attachment_9771\" aria-describedby=\"caption-attachment-9771\" style=\"width: 837px\" class=\"wp-caption aligncenter\"><img loading=\"lazy\" decoding=\"async\" class=\" wp-image-9771\" src=\"https:\/\/blogs.correiobraziliense.com.br\/aricunha\/wp-content\/uploads\/sites\/13\/2018\/02\/dpvat.png\" alt=\"Foto: 24horasnews.com.br\" width=\"837\" height=\"386\" srcset=\"https:\/\/blogs.correiobraziliense.com.br\/aricunha\/wp-content\/uploads\/sites\/13\/2018\/02\/dpvat.png 540w, https:\/\/blogs.correiobraziliense.com.br\/aricunha\/wp-content\/uploads\/sites\/13\/2018\/02\/dpvat-300x138.png 300w, https:\/\/blogs.correiobraziliense.com.br\/aricunha\/wp-content\/uploads\/sites\/13\/2018\/02\/dpvat-350x161.png 350w, https:\/\/blogs.correiobraziliense.com.br\/aricunha\/wp-content\/uploads\/sites\/13\/2018\/02\/dpvat-230x106.png 230w\" sizes=\"auto, (max-width: 837px) 100vw, 837px\" \/><figcaption id=\"caption-attachment-9771\" class=\"wp-caption-text\">Foto: 24horasnews.com.br<\/figcaption><\/figure>\n<p style=\"text-align: justify\">\u00a0\u00a0\u00a0\u00a0\u00a0\u00a0\u00a0 No Brasil, de uma forma geral, a compra de um carro \u00e9 feita para atender a necessidade de trabalho. \u00c9, nesse sentido, uma ferramenta, usada para transporte de pessoas ou carga e passa longe de ser um objeto de luxo, at\u00e9 pelo pre\u00e7o cobrado pelas unidades que s\u00e3o vendidas aqui, no mercado interno.<\/p>\n<p style=\"text-align: justify\">\u00a0\u00a0\u00a0\u00a0\u00a0\u00a0 \u00a0Tamb\u00e9m a precariedade acentuada dos transportes p\u00fablicos, acaba servindo como incentivo a mais na compra de um autom\u00f3vel particular. Ciente desses aspectos, a ind\u00fastria automobil\u00edstica fatura alto nas vendas, o que faz desse mercado um dos maiores do mundo.<\/p>\n<p style=\"text-align: justify\">\u00a0\u00a0\u00a0\u00a0\u00a0 \u00a0\u00a0Com isso, uma frota fabulosa de aproximadamente 45 milh\u00f5es de carros de todo o tipo se somam a 13 milh\u00f5es de motos que passam a entupir, todos os dias, nossas principais metr\u00f3poles, contribuindo para o caos urbano no tr\u00e2nsito e causando preju\u00edzos de toda ordem.<\/p>\n<p style=\"text-align: justify\">\u00a0\u00a0\u00a0\u00a0 \u00a0\u00a0\u00a0Com uma frota desse tamanho circulando nas estradas em p\u00e9ssimas condi\u00e7\u00f5es, n\u00e3o chega a ser surpresa que todos os anos sejam registados 47 mil mortes no tr\u00e2nsito, al\u00e9m de 400 mil pessoas que ficam com algum tipo de sequela por conta dos acidentes variados.<\/p>\n<p style=\"text-align: justify\">\u00a0 \u00a0 \u00a0 \u00a0 Para uma economia como a nossa, for\u00e7ada a conviver com os par\u00e2metros ditados por uma esp\u00e9cie de capitalismo selvagem em que o Estado se coloca como o sujeito de maior proemin\u00eancia, o caos provocado pelo n\u00famero enorme de autom\u00f3veis e v\u00edtimas \u00e9, antes de tudo, fator de lucros.<\/p>\n<p style=\"text-align: justify\">\u00a0 \u00a0 \u00a0 \u00a0 \u00a0O que resulta em preju\u00edzos para os donos de autom\u00f3veis envolvidos em sinistro, representa para as ag\u00eancias de seguros, impostas de forma compuls\u00f3rias pela legisla\u00e7\u00e3o de tr\u00e2nsito, um oceano de lucros f\u00e1ceis e nebulosos, amealhados de cada cad\u00e1ver ou mutilado nessa guerra desigual das estradas brasileiras.<\/p>\n<p style=\"text-align: justify\">\u00a0 \u00a0 \u00a0 \u00a0 \u00a0Os Danos Pessoais Causados por Ve\u00edculos Automotores de Via Terrestre (DPVAT) possuem, em cima do pr\u00eamio do seguro obrigat\u00f3rio, al\u00e9m de um monte de cad\u00e1veres e mutilados, montanhas de explica\u00e7\u00f5es para prestar \u00e0 sociedade.<\/p>\n<p style=\"text-align: justify\">\u00a0 \u00a0 \u00a0 \u00a0 \u00a0Os desvios do DPVAT s\u00e3o numerosos e antigos, e foram aqui mesmo, nesta coluna, por diversas vezes, motivo de editoriais. Os neg\u00f3cios pouco explicados envolvendo sinistros, dentro do nosso modelo particular\u00edssimo de legisla\u00e7\u00e3o de tr\u00e2nsito, v\u00e3o desde o destino final do valor arrecadado at\u00e9 as centenas de fraudes e neg\u00f3cios mal explicados com a indeniza\u00e7\u00e3o das v\u00edtimas.<\/p>\n<p style=\"text-align: justify\">\u00a0 \u00a0 \u00a0 \u00a0 \u00a0Desde sua cria\u00e7\u00e3o em 1974, os neg\u00f3cios envolvendo a Seguradora L\u00edder e seu cons\u00f3rcio de 77 seguradoras, que orbitam essa empresa, vem sendo alvo da justi\u00e7a e mais recentemente do Minist\u00e9rio P\u00fablico. O poderoso lobby desse cons\u00f3rcio tem impedido, at\u00e9 aqui, que projetos como o do senador Jos\u00e9 Medeiros (PPS-MT), que restabelece a livre iniciativa, dando ao propriet\u00e1rio de ve\u00edculos o direito de livre escolha da seguradora que ir\u00e1 cobrir poss\u00edveis danos pessoais, prossigam em tramita\u00e7\u00e3o.<\/p>\n<p style=\"text-align: justify\">\u00a0\u00a0\u00a0\u00a0\u00a0 \u00a0\u00a0\u00a0S\u00e3o mais de R$ 7 bilh\u00f5es arrecadados todos os anos que se perdem no sinuoso caminho da burocracia marota. Colocada sob as leis do mercado, onde impera a lei da oferta e da procura, o valor desse tipo de seguro ser\u00e1 reduzido drasticamente. A Seguradora L\u00edder recebe 2% da arrecada\u00e7\u00e3o com o DPVAT de cerca de 60 milh\u00f5es de ve\u00edculos automotores todos os anos.<\/p>\n<p style=\"text-align: justify\">\u00a0\u00a0\u00a0\u00a0 \u00a0\u00a0\u00a0\u00a0Curiosamente, quando a Pol\u00edcia Federal chega perto desse neg\u00f3cio da China, o valor do seguro cai, como foi o caso da Opera\u00e7\u00e3o Tempo de Despertar, realizado pela PF. Naquela ocasi\u00e3o, janeiro de 2017, houve uma redu\u00e7\u00e3o dos pr\u00eamios do DPVAT em 37%, gerando uma economia naquele instante de R$ 3 bilh\u00f5es para os consumidores.<\/p>\n<p style=\"text-align: justify\">\u00a0 \u00a0 \u00a0 \u00a0 Auditoria feita agora pelo Tribunal de Contas da Uni\u00e3o (TCU) identificou a necessidade de se investigar um esquema de fraudes de mais de R$ 5 bilh\u00f5es s\u00f3 com seguro obrigat\u00f3rio DPVAT, administrado pela Seguradora L\u00edder, ao longo dos \u00faltimos dez anos. A investiga\u00e7\u00e3o mira tamb\u00e9m a atua\u00e7\u00e3o da Superintend\u00eancia de Seguros Privados (Susep), que teria viabilizado as fraudes ao longo de todo esse tempo.<\/p>\n<p style=\"text-align: justify\">\u00a0 \u00a0 \u00a0 Caso chegue \u00e0 um bom termo, essas investiga\u00e7\u00f5es poder\u00e3o abrir caminho para a liberdade de milh\u00f5es de condutores, explorados por mais de quatro d\u00e9cadas por um sistema, que muitos acreditam operar como uma quadrilha institucionalizada no seio do Estado.<\/p>\n<p>&nbsp;<\/p>\n<p style=\"text-align: justify\"><strong>A frase que foi pronunciada:<\/strong><\/p>\n<p style=\"text-align: justify\">\u201cQuem \u00e9 cego? Aquele que \u00e9 incapaz de enxergar outro mundo.\/Quem \u00e9 mudo? Aquele que \u00e9 incapaz de dizer palavras am\u00e1veis no momento certo\/Quem \u00e9 pobre?\/Aquele que \u00e9 atormentado por ambi\u00e7\u00e3o desmedida.\/Quem \u00e9 rico? Aquele cujo o cora\u00e7\u00e3o est\u00e1 em paz!\u201d<\/p>\n<p style=\"text-align: justify\">Prov\u00e9rbio indiano<\/p>\n<p style=\"text-align: justify\"><strong>Conserto<\/strong><\/p>\n<p style=\"text-align: justify\">Por falar em revitaliza\u00e7\u00e3o, n\u00e3o localizamos nos arquivos da administra\u00e7\u00e3o da 308 Sul quem foram os respons\u00e1veis pela constru\u00e7\u00e3o dos dois escorregadores de pedra do Parquinho da quadra. S\u00e3o diferentes e eram uma divers\u00e3o sem igual para a meninada. Hoje, est\u00e3o caindo aos peda\u00e7os, sem manuten\u00e7\u00e3o alguma, afastando de l\u00e1 qualquer respons\u00e1vel que queira ver os filhos brincando em seguran\u00e7a. Veja o estado dos escorregadores hoje em dia. As fotos s\u00e3o de Cl\u00e1udio C. Oliveira.<\/p>\n<figure id=\"attachment_9762\" aria-describedby=\"caption-attachment-9762\" style=\"width: 611px\" class=\"wp-caption aligncenter\"><img loading=\"lazy\" decoding=\"async\" class=\" wp-image-9762\" src=\"https:\/\/blogs.correiobraziliense.com.br\/aricunha\/wp-content\/uploads\/sites\/13\/2018\/02\/1-P.png\" alt=\"Foto: Enviada pelo WhatsApp\" width=\"611\" height=\"458\" srcset=\"https:\/\/blogs.correiobraziliense.com.br\/aricunha\/wp-content\/uploads\/sites\/13\/2018\/02\/1-P.png 1024w, https:\/\/blogs.correiobraziliense.com.br\/aricunha\/wp-content\/uploads\/sites\/13\/2018\/02\/1-P-300x225.png 300w, https:\/\/blogs.correiobraziliense.com.br\/aricunha\/wp-content\/uploads\/sites\/13\/2018\/02\/1-P-768x576.png 768w, https:\/\/blogs.correiobraziliense.com.br\/aricunha\/wp-content\/uploads\/sites\/13\/2018\/02\/1-P-350x263.png 350w, https:\/\/blogs.correiobraziliense.com.br\/aricunha\/wp-content\/uploads\/sites\/13\/2018\/02\/1-P-550x413.png 550w, https:\/\/blogs.correiobraziliense.com.br\/aricunha\/wp-content\/uploads\/sites\/13\/2018\/02\/1-P-230x173.png 230w\" sizes=\"auto, (max-width: 611px) 100vw, 611px\" \/><figcaption id=\"caption-attachment-9762\" class=\"wp-caption-text\">Foto: Enviada pelo WhatsApp<\/figcaption><\/figure>\n<p>&nbsp;<\/p>\n<figure id=\"attachment_9763\" aria-describedby=\"caption-attachment-9763\" style=\"width: 611px\" class=\"wp-caption aligncenter\"><img loading=\"lazy\" decoding=\"async\" class=\"wp-image-9763 aligncenter\" src=\"https:\/\/blogs.correiobraziliense.com.br\/aricunha\/wp-content\/uploads\/sites\/13\/2018\/02\/2-P.png\" alt=\"\" width=\"611\" height=\"458\" srcset=\"https:\/\/blogs.correiobraziliense.com.br\/aricunha\/wp-content\/uploads\/sites\/13\/2018\/02\/2-P.png 1024w, https:\/\/blogs.correiobraziliense.com.br\/aricunha\/wp-content\/uploads\/sites\/13\/2018\/02\/2-P-300x225.png 300w, https:\/\/blogs.correiobraziliense.com.br\/aricunha\/wp-content\/uploads\/sites\/13\/2018\/02\/2-P-768x576.png 768w, https:\/\/blogs.correiobraziliense.com.br\/aricunha\/wp-content\/uploads\/sites\/13\/2018\/02\/2-P-350x263.png 350w, https:\/\/blogs.correiobraziliense.com.br\/aricunha\/wp-content\/uploads\/sites\/13\/2018\/02\/2-P-550x413.png 550w, https:\/\/blogs.correiobraziliense.com.br\/aricunha\/wp-content\/uploads\/sites\/13\/2018\/02\/2-P-230x173.png 230w\" sizes=\"auto, (max-width: 611px) 100vw, 611px\" \/><figcaption id=\"caption-attachment-9763\" class=\"wp-caption-text\">Foto: Enviada pelo WhatsApp<\/figcaption><\/figure>\n<p>&nbsp;<\/p>\n<figure id=\"attachment_9764\" aria-describedby=\"caption-attachment-9764\" style=\"width: 612px\" class=\"wp-caption aligncenter\"><img loading=\"lazy\" decoding=\"async\" class=\"wp-image-9764 \" src=\"https:\/\/blogs.correiobraziliense.com.br\/aricunha\/wp-content\/uploads\/sites\/13\/2018\/02\/3-P.png\" alt=\"\" width=\"612\" height=\"459\" srcset=\"https:\/\/blogs.correiobraziliense.com.br\/aricunha\/wp-content\/uploads\/sites\/13\/2018\/02\/3-P.png 1024w, https:\/\/blogs.correiobraziliense.com.br\/aricunha\/wp-content\/uploads\/sites\/13\/2018\/02\/3-P-300x225.png 300w, https:\/\/blogs.correiobraziliense.com.br\/aricunha\/wp-content\/uploads\/sites\/13\/2018\/02\/3-P-768x576.png 768w, https:\/\/blogs.correiobraziliense.com.br\/aricunha\/wp-content\/uploads\/sites\/13\/2018\/02\/3-P-350x263.png 350w, https:\/\/blogs.correiobraziliense.com.br\/aricunha\/wp-content\/uploads\/sites\/13\/2018\/02\/3-P-550x413.png 550w, https:\/\/blogs.correiobraziliense.com.br\/aricunha\/wp-content\/uploads\/sites\/13\/2018\/02\/3-P-230x173.png 230w\" sizes=\"auto, (max-width: 612px) 100vw, 612px\" \/><figcaption id=\"caption-attachment-9764\" class=\"wp-caption-text\">Foto: Enviada pelo WhatsApp<\/figcaption><\/figure>\n<p style=\"text-align: justify\"><strong>Concerto<\/strong><\/p>\n<p style=\"text-align: justify\">Hoje \u00e9 o grande dia. Promovido pela Embaixada da \u00cdndia, em parceria com a Orquestra Sinf\u00f4nica do Teatro Nacional Claudio Santoro, a Bharat Symphony, ou A Sinfonia da \u00cdndia, ser\u00e1 apresentada no Cine Bras\u00edlia, \u00e0s 20h, sob a reg\u00eancia do maestro Claudio Cohen e as presen\u00e7as do Dr. Lakshminarayana Subramaniam,\u00a0Kavita Krishnamurty, Bindu e Ambi\u00a0Subramaniam. A entrada \u00e9 franca.<\/p>\n<p style=\"text-align: justify\"><img loading=\"lazy\" decoding=\"async\" class=\"wp-image-9773 aligncenter\" src=\"https:\/\/blogs.correiobraziliense.com.br\/aricunha\/wp-content\/uploads\/sites\/13\/2018\/02\/27067351_1673092586084344_6210395500160422650_n.jpg\" alt=\"\" width=\"438\" height=\"438\" \/><\/p>\n<p><strong>Arte<\/strong><\/p>\n<p style=\"text-align: justify\">Livro Scratch Ink, da Catapulta Editores, usa nova t\u00e9cnica de colorir para estimular criatividade e relaxamento. Por tr\u00e1s de um preto total h\u00e1 cores. Quem d\u00e1 a forma \u00e9 o leitor. Veja no blog do Ari Cunha o desenho feito por Mamfil, nosso colaborador desta coluna.<\/p>\n<figure id=\"attachment_9766\" aria-describedby=\"caption-attachment-9766\" style=\"width: 752px\" class=\"wp-caption aligncenter\"><img loading=\"lazy\" decoding=\"async\" class=\"size-full wp-image-9766\" src=\"https:\/\/blogs.correiobraziliense.com.br\/aricunha\/wp-content\/uploads\/sites\/13\/2018\/02\/WhatsApp-Image-2018-02-05-at-14.31.45.jpeg\" alt=\"Desenho: Mamfil\" width=\"752\" height=\"539\" srcset=\"https:\/\/blogs.correiobraziliense.com.br\/aricunha\/wp-content\/uploads\/sites\/13\/2018\/02\/WhatsApp-Image-2018-02-05-at-14.31.45.jpeg 752w, https:\/\/blogs.correiobraziliense.com.br\/aricunha\/wp-content\/uploads\/sites\/13\/2018\/02\/WhatsApp-Image-2018-02-05-at-14.31.45-300x215.jpeg 300w, https:\/\/blogs.correiobraziliense.com.br\/aricunha\/wp-content\/uploads\/sites\/13\/2018\/02\/WhatsApp-Image-2018-02-05-at-14.31.45-350x251.jpeg 350w, https:\/\/blogs.correiobraziliense.com.br\/aricunha\/wp-content\/uploads\/sites\/13\/2018\/02\/WhatsApp-Image-2018-02-05-at-14.31.45-550x394.jpeg 550w, https:\/\/blogs.correiobraziliense.com.br\/aricunha\/wp-content\/uploads\/sites\/13\/2018\/02\/WhatsApp-Image-2018-02-05-at-14.31.45-230x165.jpeg 230w\" sizes=\"auto, (max-width: 752px) 100vw, 752px\" \/><figcaption id=\"caption-attachment-9766\" class=\"wp-caption-text\">Desenho: Mamfil<\/figcaption><\/figure>\n<p style=\"text-align: justify\"><strong>HIST\u00d3RIA DE BRAS\u00cdLIA<\/strong><\/p>\n<p style=\"text-align: justify\">Hoje \u00e9 sexta-feira, treze. N\u00e3o leia seu hor\u00f3scopo. Foi publicado o Decreto n\u00ba\u00a051.336 que\u00a0disp\u00f5e s\u00f4bre n\u00edveis de sal\u00e1rio-m\u00ednimo.\u00a0\u00a0<strong>(Publicado em 13.10.1961)<\/strong><\/p>\n","protected":false},"excerpt":{"rendered":"<p>ARI CUNHA Visto, lido e ouvido Desde 1960 colunadoaricunha@gmail.com; com Circe Cunha e Mamfil \u00a0\u00a0\u00a0\u00a0\u00a0\u00a0\u00a0 No Brasil, de uma forma geral, a compra de um carro \u00e9 feita para atender a necessidade de trabalho. \u00c9, nesse sentido, uma ferramenta, usada para transporte de pessoas ou carga e passa longe de ser um objeto de luxo, at\u00e9 pelo pre\u00e7o cobrado pelas [&hellip;]<\/p>\n","protected":false},"author":34,"featured_media":9771,"comment_status":"open","ping_status":"open","sticky":false,"template":"","format":"standard","meta":{"footnotes":""},"categories":[23],"tags":[67],"class_list":["post-9747","post","type-post","status-publish","format-standard","has-post-thumbnail","hentry","category-integra","tag-brasilia-historiadebrasilia-aricunha-circecunha-mamfil"],"_links":{"self":[{"href":"https:\/\/blogs.correiobraziliense.com.br\/aricunha\/wp-json\/wp\/v2\/posts\/9747","targetHints":{"allow":["GET"]}}],"collection":[{"href":"https:\/\/blogs.correiobraziliense.com.br\/aricunha\/wp-json\/wp\/v2\/posts"}],"about":[{"href":"https:\/\/blogs.correiobraziliense.com.br\/aricunha\/wp-json\/wp\/v2\/types\/post"}],"author":[{"embeddable":true,"href":"https:\/\/blogs.correiobraziliense.com.br\/aricunha\/wp-json\/wp\/v2\/users\/34"}],"replies":[{"embeddable":true,"href":"https:\/\/blogs.correiobraziliense.com.br\/aricunha\/wp-json\/wp\/v2\/comments?post=9747"}],"version-history":[{"count":17,"href":"https:\/\/blogs.correiobraziliense.com.br\/aricunha\/wp-json\/wp\/v2\/posts\/9747\/revisions"}],"predecessor-version":[{"id":9791,"href":"https:\/\/blogs.correiobraziliense.com.br\/aricunha\/wp-json\/wp\/v2\/posts\/9747\/revisions\/9791"}],"wp:featuredmedia":[{"embeddable":true,"href":"https:\/\/blogs.correiobraziliense.com.br\/aricunha\/wp-json\/wp\/v2\/media\/9771"}],"wp:attachment":[{"href":"https:\/\/blogs.correiobraziliense.com.br\/aricunha\/wp-json\/wp\/v2\/media?parent=9747"}],"wp:term":[{"taxonomy":"category","embeddable":true,"href":"https:\/\/blogs.correiobraziliense.com.br\/aricunha\/wp-json\/wp\/v2\/categories?post=9747"},{"taxonomy":"post_tag","embeddable":true,"href":"https:\/\/blogs.correiobraziliense.com.br\/aricunha\/wp-json\/wp\/v2\/tags?post=9747"}],"curies":[{"name":"wp","href":"https:\/\/api.w.org\/{rel}","templated":true}]}}