{"id":9722,"date":"2018-02-02T21:00:29","date_gmt":"2018-02-02T23:00:29","guid":{"rendered":"https:\/\/blogs.correiobraziliense.com.br\/aricunha\/?p=9722"},"modified":"2018-02-02T19:34:54","modified_gmt":"2018-02-02T21:34:54","slug":"as-manifestacoes-populares-passadas-poderao-dar-o-tom-das-proximas-eleicoes","status":"publish","type":"post","link":"https:\/\/blogs.correiobraziliense.com.br\/aricunha\/as-manifestacoes-populares-passadas-poderao-dar-o-tom-das-proximas-eleicoes\/","title":{"rendered":"As manifesta\u00e7\u00f5es populares passadas poder\u00e3o dar o tom das pr\u00f3ximas elei\u00e7\u00f5es?"},"content":{"rendered":"<p style=\"text-align: justify\">ARI CUNHA<\/p>\n<p style=\"text-align: justify\">Visto, lido e ouvido<\/p>\n<p style=\"text-align: justify\">Desde 1960<\/p>\n<p style=\"text-align: justify\">colunadoaricunha@gmail.com;<\/p>\n<p style=\"text-align: justify\">com Circe Cunha e Mamfil<\/p>\n<figure id=\"attachment_9745\" aria-describedby=\"caption-attachment-9745\" style=\"width: 970px\" class=\"wp-caption aligncenter\"><img loading=\"lazy\" decoding=\"async\" class=\"size-full wp-image-9745\" src=\"https:\/\/blogs.correiobraziliense.com.br\/aricunha\/wp-content\/uploads\/sites\/13\/2018\/02\/15-de-mar\u00e7o-de-2015.jpeg\" alt=\"Foto: clippsocioambiental.blogspot.com.br\" width=\"970\" height=\"600\" srcset=\"https:\/\/blogs.correiobraziliense.com.br\/aricunha\/wp-content\/uploads\/sites\/13\/2018\/02\/15-de-mar\u00e7o-de-2015.jpeg 970w, https:\/\/blogs.correiobraziliense.com.br\/aricunha\/wp-content\/uploads\/sites\/13\/2018\/02\/15-de-mar\u00e7o-de-2015-300x186.jpeg 300w, https:\/\/blogs.correiobraziliense.com.br\/aricunha\/wp-content\/uploads\/sites\/13\/2018\/02\/15-de-mar\u00e7o-de-2015-768x475.jpeg 768w, https:\/\/blogs.correiobraziliense.com.br\/aricunha\/wp-content\/uploads\/sites\/13\/2018\/02\/15-de-mar\u00e7o-de-2015-350x216.jpeg 350w, https:\/\/blogs.correiobraziliense.com.br\/aricunha\/wp-content\/uploads\/sites\/13\/2018\/02\/15-de-mar\u00e7o-de-2015-550x340.jpeg 550w, https:\/\/blogs.correiobraziliense.com.br\/aricunha\/wp-content\/uploads\/sites\/13\/2018\/02\/15-de-mar\u00e7o-de-2015-230x142.jpeg 230w\" sizes=\"auto, (max-width: 970px) 100vw, 970px\" \/><figcaption id=\"caption-attachment-9745\" class=\"wp-caption-text\">Foto: clippsocioambiental.blogspot.com.br<\/figcaption><\/figure>\n<p style=\"text-align: justify\">\u00a0 \u00a0 \u00a0 \u00a0 No dia 15 de mar\u00e7o ser\u00e3o exatos 3 anos da maior manifesta\u00e7\u00e3o popular de toda a hist\u00f3ria do pa\u00eds, quando, em 239 cidades espalhadas pelo Brasil afora, milh\u00f5es de brasileiros sa\u00edram espontaneamente \u00e0s ruas para protestar contra a corrup\u00e7\u00e3o e mais precisamente contra boa parte da classe pol\u00edtica envolvida em den\u00fancias de desvios de dinheiro p\u00fablico.<\/p>\n<p style=\"text-align: justify\">\u00a0 \u00a0 \u00a0 \u00a0 \u00a0 Os protestos tinham destinat\u00e1rio certo e miravam objetivamente a elite dirigente do pa\u00eds, que por s\u00e9culos vinha se revezando no poder com o \u00fanico intuito de enriquecimento r\u00e1pido e f\u00e1cil. Nenhum outro acontecimento do passado jamais contou com tamanha ades\u00e3o livre da popula\u00e7\u00e3o e, de certo que, nenhum outro no futuro ser\u00e1 capaz de promover as transforma\u00e7\u00f5es necess\u00e1rias que a na\u00e7\u00e3o h\u00e1 muito reclama.<\/p>\n<p style=\"text-align: justify\">\u00a0 \u00a0 \u00a0 \u00a0 \u00c9 fato de que esse tipo de mega evento n\u00e3o possuiu o cond\u00e3o de sensibilizar aqueles que ainda acreditam que tudo ir\u00e1 permanecer como antes. Contam para isso, com o providencial esp\u00edrito de corpo de seus iguais, instalados nos mais variados postos de comando do Estado.<\/p>\n<p style=\"text-align: justify\">\u00a0 \u00a0 \u00a0 \u00a0 \u00a0 Mesmo esses \u00faltimos basti\u00f5es de resist\u00eancia, encontram-se hoje cercados pela vigil\u00e2ncia da sociedade. Uma vez removidos, as odiosas muralhas do foro de prerrogativa, com a ascend\u00eancia definitiva do Artigo 5\u00ba da Constitui\u00e7\u00e3o, restar\u00e1 vencida a derradeira batalha, com a afirma\u00e7\u00e3o final de que todos s\u00e3o iguais perante a lei.<\/p>\n<figure id=\"attachment_9729\" aria-describedby=\"caption-attachment-9729\" style=\"width: 465px\" class=\"wp-caption alignright\"><img loading=\"lazy\" decoding=\"async\" class=\" wp-image-9729\" src=\"https:\/\/blogs.correiobraziliense.com.br\/aricunha\/wp-content\/uploads\/sites\/13\/2018\/02\/Charge.jpg\" alt=\"Charge: blogs.odiario.com\" width=\"465\" height=\"273\" srcset=\"https:\/\/blogs.correiobraziliense.com.br\/aricunha\/wp-content\/uploads\/sites\/13\/2018\/02\/Charge.jpg 1024w, https:\/\/blogs.correiobraziliense.com.br\/aricunha\/wp-content\/uploads\/sites\/13\/2018\/02\/Charge-300x176.jpg 300w, https:\/\/blogs.correiobraziliense.com.br\/aricunha\/wp-content\/uploads\/sites\/13\/2018\/02\/Charge-768x451.jpg 768w, https:\/\/blogs.correiobraziliense.com.br\/aricunha\/wp-content\/uploads\/sites\/13\/2018\/02\/Charge-350x205.jpg 350w, https:\/\/blogs.correiobraziliense.com.br\/aricunha\/wp-content\/uploads\/sites\/13\/2018\/02\/Charge-550x323.jpg 550w, https:\/\/blogs.correiobraziliense.com.br\/aricunha\/wp-content\/uploads\/sites\/13\/2018\/02\/Charge-230x135.jpg 230w\" sizes=\"auto, (max-width: 465px) 100vw, 465px\" \/><figcaption id=\"caption-attachment-9729\" class=\"wp-caption-text\">Charge: blogs.odiario.com<\/figcaption><\/figure>\n<p style=\"text-align: justify\">\u00a0 \u00a0 \u00a0 \u00a0O ponto de inflex\u00e3o, ou o dobrar da esquina, pode estar mais perto do que se imagina e estar\u00e1 vis\u00edvel j\u00e1 nas pr\u00f3ximas elei\u00e7\u00f5es. Para muitos, ser\u00e1 exatamente na \u201ctroca da guarda\u201d, marcada para 7 de outubro pr\u00f3ximo, que ser\u00e1 dado o sinal para o nascimento de um novo Brasil, com o afastamento definitivo do \u201cancien r\u00e9gime\u201d.<\/p>\n<p style=\"text-align: justify\">\u00a0 \u00a0 \u00a0 Para alguns observadores atentos da cena nacional, essa situa\u00e7\u00e3o, experimentada agora pelos brasileiros, se reveste de uma import\u00e2ncia maior do que a pr\u00f3pria redemocratiza\u00e7\u00e3o ocorrida a 30 anos atr\u00e1s. Naquela ocasi\u00e3o, muitos brasileiros sabiam exatamente o que n\u00e3o queriam mais para o pa\u00eds, mas ignoravam ainda, e por completo, o que desejavam para o futuro.<\/p>\n<p style=\"text-align: justify\">\u00a0 \u00a0 \u00a0 \u00a0 Com a Constitui\u00e7\u00e3o de 1988, acenderam-se algumas tochas a iluminar poss\u00edveis rumos a seguir, mas que, por conjunturas espec\u00edficas, principalmente com reagrupamento de for\u00e7as pol\u00edticas do passado em torno dos novos governos que formaram, essas aspira\u00e7\u00f5es ficaram a meio caminho, como uma miragem no deserto. T\u00e3o ou mais importante do que a pr\u00f3pria Constitui\u00e7\u00e3o, para a mudan\u00e7a de eixo reclamada pela sociedade, foi a confec\u00e7\u00e3o, por iniciativa popular, da Lei da Ficha Limpa, capitaneada pelo juiz M\u00e1rlon Reis entre outros juristas e avalizada por cerca de 1,6 milh\u00e3o de assinaturas.<\/p>\n<p style=\"text-align: justify\">\u00a0 \u00a0 \u00a0 \u00a0 \u00a0A quest\u00e3o que se p\u00f5e agora \u00e9 saber at\u00e9 que ponto as manifesta\u00e7\u00f5es populares ter\u00e3o efeito sobre as elei\u00e7\u00f5es que se avizinham. Por certo, o efeito delet\u00e9rio da popula\u00e7\u00e3o nas ruas, contra a corrup\u00e7\u00e3o, pela \u00e9tica p\u00fablica e sobretudo pelo fim da impunidade, ainda poder\u00e1 abalar as pr\u00f3ximas elei\u00e7\u00f5es, trazendo um vento novo. O problema aqui \u00e9 que os ventos da mudan\u00e7a parecem ainda n\u00e3o fazer tremular as bandeiras hasteadas nos tribunais superiores.<\/p>\n<p style=\"text-align: justify\">\u00a0 \u00a0 \u00a0Nas redes sociais, contudo, aumenta o clamor pela convoca\u00e7\u00e3o de todos para que n\u00e3o votem em nenhum representante do passado. Ciente dessa possibilidade, os partidos com assento no parlamento se anteciparam e fizeram uma esp\u00e9cie de reajustamento pol\u00edtico sob o disfarce de reforma, da qual resultou, sobretudo, na inje\u00e7\u00e3o de R$ 1,7 bilh\u00e3o de recursos p\u00fablicos, para o azeitamento das m\u00e1quinas partid\u00e1rias, com vistas ao pr\u00f3ximo pleito.<\/p>\n<figure id=\"attachment_9728\" aria-describedby=\"caption-attachment-9728\" style=\"width: 400px\" class=\"wp-caption alignleft\"><img loading=\"lazy\" decoding=\"async\" class=\"size-full wp-image-9728\" src=\"https:\/\/blogs.correiobraziliense.com.br\/aricunha\/wp-content\/uploads\/sites\/13\/2018\/02\/Charge-2.jpg\" alt=\"Charge: paduacampos.com.br\" width=\"400\" height=\"278\" srcset=\"https:\/\/blogs.correiobraziliense.com.br\/aricunha\/wp-content\/uploads\/sites\/13\/2018\/02\/Charge-2.jpg 400w, https:\/\/blogs.correiobraziliense.com.br\/aricunha\/wp-content\/uploads\/sites\/13\/2018\/02\/Charge-2-300x209.jpg 300w, https:\/\/blogs.correiobraziliense.com.br\/aricunha\/wp-content\/uploads\/sites\/13\/2018\/02\/Charge-2-350x243.jpg 350w, https:\/\/blogs.correiobraziliense.com.br\/aricunha\/wp-content\/uploads\/sites\/13\/2018\/02\/Charge-2-230x160.jpg 230w\" sizes=\"auto, (max-width: 400px) 100vw, 400px\" \/><figcaption id=\"caption-attachment-9728\" class=\"wp-caption-text\">Charge: paduacampos.com.br<\/figcaption><\/figure>\n<p style=\"text-align: justify\">\u00a0 \u00a0 \u00a0 \u00a0 \u00a0Essa manobra fez ver a todos, que mant\u00e9m os olhos abertos, que est\u00e1 no seio dos pr\u00f3prios partidos, o principal movimento de contrarreforma e de pereniza\u00e7\u00e3o do status quo, do qual a maioria das siglas depende, desesperadamente, para sobreviver.<\/p>\n<p style=\"text-align: justify\">\u00a0 \u00a0 \u00a0 \u00a0 Num pa\u00eds imenso e desigual como o Brasil, \u00e9 certo que as for\u00e7as do atraso ir\u00e3o investir tudo na capta\u00e7\u00e3o de apoio entre aqueles grupos mais desfavorecidos e consequentemente mais desinformados, de onde esperam angariar respaldo nas urnas.<\/p>\n<p style=\"text-align: justify\">\u00a0 \u00a0 \u00a0 \u00a0 \u00a0A reedi\u00e7\u00e3o do antigo voto de cabresto, sob roupagem moderna, n\u00e3o est\u00e1 descartada como estrat\u00e9gia final. Nesse jogo que se aproxima, mais do que votar, os eleitores ir\u00e3o \u00e0 ca\u00e7a dos candidatos que querem ver, n\u00e3o no comando dos destinos do pa\u00eds, mas deixados no limbo da hist\u00f3ria ou at\u00e9 mesmo atr\u00e1s das grades. O fato mostrado nas manifesta\u00e7\u00f5es e nas m\u00eddias sociais \u00e9 que a maioria dos pol\u00edticos, que a\u00ed est\u00e1 ou esteve at\u00e9 recentemente, n\u00e3o possui o respaldo daqueles milh\u00f5es de brasileiros que sa\u00edram \u00e0s ruas em busca de um novo pa\u00eds.<\/p>\n<p style=\"text-align: justify\"><strong>A frase que foi pronunciada:<\/strong><\/p>\n<p style=\"text-align: justify\">\u201cA civiliza\u00e7\u00e3o \u00e9 a longa e fascinante hist\u00f3ria da liberta\u00e7\u00e3o do homem. A liberdade \u00e9 o roteiro da civiliza\u00e7\u00e3o. Toda inven\u00e7\u00e3o \u00e9 triunfo da liberta\u00e7\u00e3o humana. Com a roda, o homem come\u00e7ou a libertar-se do espa\u00e7o e do tempo; com a agricultura, do nomadismo e da fome; com a medicina, da doen\u00e7a; com a casa, a roupa e o fogo, das intemp\u00e9ries, do frio e das feras; com a escola, da ignor\u00e2ncia; com a sociedade, da solid\u00e3o; com a Imprensa, o r\u00e1dio e a televis\u00e3o, da desinforma\u00e7\u00e3o; com a democracia, dos tiranos.\u201d<\/p>\n<p style=\"text-align: justify\">ULYSSES GUIMAR\u00c3ES<\/p>\n<p style=\"text-align: justify\"><strong>HIST\u00d3RIA DE BRAS\u00cdLIA<\/strong><\/p>\n<p style=\"text-align: justify\">O nosso pr\u00f3ximo vizinho no Setor Gr\u00e1fico ser\u00e1 o grupo \u201cManchete\u201d. A preocupa\u00e7\u00e3o do Murilo Melo Filho subindo e descendo escadas da Prefeitura, com plantas debaixo do bra\u00e7o, est\u00e1 se transformando em um belo estabelecimento gr\u00e1fico. <strong>(Publicado em 13.10.1961)<\/strong><\/p>\n","protected":false},"excerpt":{"rendered":"<p>ARI CUNHA Visto, lido e ouvido Desde 1960 colunadoaricunha@gmail.com; com Circe Cunha e Mamfil \u00a0 \u00a0 \u00a0 \u00a0 No dia 15 de mar\u00e7o ser\u00e3o exatos 3 anos da maior manifesta\u00e7\u00e3o popular de toda a hist\u00f3ria do pa\u00eds, quando, em 239 cidades espalhadas pelo Brasil afora, milh\u00f5es de brasileiros sa\u00edram espontaneamente \u00e0s ruas para protestar contra a corrup\u00e7\u00e3o e mais precisamente [&hellip;]<\/p>\n","protected":false},"author":34,"featured_media":9728,"comment_status":"open","ping_status":"open","sticky":false,"template":"","format":"standard","meta":{"footnotes":""},"categories":[23],"tags":[67],"class_list":["post-9722","post","type-post","status-publish","format-standard","has-post-thumbnail","hentry","category-integra","tag-brasilia-historiadebrasilia-aricunha-circecunha-mamfil"],"_links":{"self":[{"href":"https:\/\/blogs.correiobraziliense.com.br\/aricunha\/wp-json\/wp\/v2\/posts\/9722","targetHints":{"allow":["GET"]}}],"collection":[{"href":"https:\/\/blogs.correiobraziliense.com.br\/aricunha\/wp-json\/wp\/v2\/posts"}],"about":[{"href":"https:\/\/blogs.correiobraziliense.com.br\/aricunha\/wp-json\/wp\/v2\/types\/post"}],"author":[{"embeddable":true,"href":"https:\/\/blogs.correiobraziliense.com.br\/aricunha\/wp-json\/wp\/v2\/users\/34"}],"replies":[{"embeddable":true,"href":"https:\/\/blogs.correiobraziliense.com.br\/aricunha\/wp-json\/wp\/v2\/comments?post=9722"}],"version-history":[{"count":7,"href":"https:\/\/blogs.correiobraziliense.com.br\/aricunha\/wp-json\/wp\/v2\/posts\/9722\/revisions"}],"predecessor-version":[{"id":9746,"href":"https:\/\/blogs.correiobraziliense.com.br\/aricunha\/wp-json\/wp\/v2\/posts\/9722\/revisions\/9746"}],"wp:featuredmedia":[{"embeddable":true,"href":"https:\/\/blogs.correiobraziliense.com.br\/aricunha\/wp-json\/wp\/v2\/media\/9728"}],"wp:attachment":[{"href":"https:\/\/blogs.correiobraziliense.com.br\/aricunha\/wp-json\/wp\/v2\/media?parent=9722"}],"wp:term":[{"taxonomy":"category","embeddable":true,"href":"https:\/\/blogs.correiobraziliense.com.br\/aricunha\/wp-json\/wp\/v2\/categories?post=9722"},{"taxonomy":"post_tag","embeddable":true,"href":"https:\/\/blogs.correiobraziliense.com.br\/aricunha\/wp-json\/wp\/v2\/tags?post=9722"}],"curies":[{"name":"wp","href":"https:\/\/api.w.org\/{rel}","templated":true}]}}