{"id":9693,"date":"2018-01-30T21:00:28","date_gmt":"2018-01-30T23:00:28","guid":{"rendered":"https:\/\/blogs.correiobraziliense.com.br\/aricunha\/?p=9693"},"modified":"2018-01-30T21:00:48","modified_gmt":"2018-01-30T23:00:48","slug":"lago-paranoa-esta-indo-pelos-ares","status":"publish","type":"post","link":"https:\/\/blogs.correiobraziliense.com.br\/aricunha\/lago-paranoa-esta-indo-pelos-ares\/","title":{"rendered":"Lago Parano\u00e1 est\u00e1 indo pelos ares"},"content":{"rendered":"<p style=\"text-align: justify\">ARI CUNHA<\/p>\n<p style=\"text-align: justify\">Visto, lido e ouvido<\/p>\n<p style=\"text-align: justify\">Desde 1960<\/p>\n<p style=\"text-align: justify\">colunadoaricunha@gmail.com;<\/p>\n<p style=\"text-align: justify\">com Circe Cunha e Mamfil<\/p>\n<figure id=\"attachment_9700\" aria-describedby=\"caption-attachment-9700\" style=\"width: 749px\" class=\"wp-caption aligncenter\"><img loading=\"lazy\" decoding=\"async\" class=\" wp-image-9700\" src=\"https:\/\/blogs.correiobraziliense.com.br\/aricunha\/wp-content\/uploads\/sites\/13\/2018\/01\/1469364692.jpeg\" alt=\"Foto: jornalregional.com.br\" width=\"749\" height=\"499\" srcset=\"https:\/\/blogs.correiobraziliense.com.br\/aricunha\/wp-content\/uploads\/sites\/13\/2018\/01\/1469364692.jpeg 635w, https:\/\/blogs.correiobraziliense.com.br\/aricunha\/wp-content\/uploads\/sites\/13\/2018\/01\/1469364692-300x200.jpeg 300w, https:\/\/blogs.correiobraziliense.com.br\/aricunha\/wp-content\/uploads\/sites\/13\/2018\/01\/1469364692-350x233.jpeg 350w, https:\/\/blogs.correiobraziliense.com.br\/aricunha\/wp-content\/uploads\/sites\/13\/2018\/01\/1469364692-550x366.jpeg 550w, https:\/\/blogs.correiobraziliense.com.br\/aricunha\/wp-content\/uploads\/sites\/13\/2018\/01\/1469364692-230x153.jpeg 230w\" sizes=\"auto, (max-width: 749px) 100vw, 749px\" \/><figcaption id=\"caption-attachment-9700\" class=\"wp-caption-text\">Foto: jornalregional.com.br<\/figcaption><\/figure>\n<p style=\"text-align: justify\">\u00a0 \u00a0 \u00a0 \u00a0 \u00a0N\u00e3o foi por falta de aviso que o GDF, no caso, e a Ag\u00eancia de Desenvolvimento (Terracap) deixaram de providenciar, a tempo, obras preventivas para conter o assoreamento do lago Parano\u00e1. Aqui mesmo, nessa Coluna, por diversas vezes, foi feito o alerta de que as obras, \u00e0 toque de caixa, do Setor Noroeste, estavam levando ao assoreamento do bra\u00e7o Norte do Lago Parano\u00e1, ao lado da Ponte do Braguetto.<\/p>\n<p style=\"text-align: justify\">\u00a0 \u00a0 \u00a0 \u00a0 \u00a0 \u00a0 Era vis\u00edvel por quem passava pelo local, que diariamente a \u00e1gua que formava aquele imenso espelho d\u2019\u00e1gua, no estu\u00e1rio do Rio Bananal, vinha apresentando uma colora\u00e7\u00e3o acentuada de barro, indicando a presen\u00e7a massiva de sedimentos de terra. N\u00e3o precisou muito para se verificar que aquele espelho d\u2019\u00e1gua, que anteriormente tinha uma profundidade de mais de 4 metros em muitos pontos e onde alguns banhistas ousavam mergulhar por cima do parapeito da ponte, come\u00e7ou a apresentar sinais de ac\u00famulo de terra, com o surgimento de ilhas de capim que, pouco a pouco, foram tomando conta do lugar.<\/p>\n<p style=\"text-align: justify\">\u00a0 \u00a0 \u00a0 \u00a0 \u00a0 \u00a0Infelizmente n\u00e3o foram tomadas quaisquer provid\u00eancias nem para dragar os milh\u00f5es de metros c\u00fabicos de terra que haviam sido carreadas para aquele s\u00edtio, nem para deter o fluxo cont\u00ednuo de sedimentos que se acumulavam a cada dia. Pior do que essa omiss\u00e3o, foi dar in\u00edcio, tamb\u00e9m em ritmo acelerado, \u00e0 gigantesca obra do anel vi\u00e1rio do Trevo de Triagem Norte (TTN), sem que ao menos fossem adotadas medidas preventivas para que novo desastre ambiental fosse consumado com um m\u00ednimo de aten\u00e7\u00e3o naquela mesma regi\u00e3o.<\/p>\n<p style=\"text-align: justify\">\u00a0 \u00a0 \u00a0 \u00a0 \u00a0 \u00a0O desenho tra\u00e7ado pelos t\u00e9cnicos em engenharia de estradas para a instala\u00e7\u00e3o de pontes e viadutos da TTN simplesmente desprezaram a exist\u00eancia de importantes minas d\u2019\u00e1guas naquela regi\u00e3o, passando por cima de nascentes que, no tempo da constru\u00e7\u00e3o da Ponte do Braguetto, serviram muito bem para abastecer, com \u00e1gua de boa qualidade, o imenso acampamento que existia onde \u00e9 hoje QL 01 do Lago Norte.<\/p>\n<figure id=\"attachment_9698\" aria-describedby=\"caption-attachment-9698\" style=\"width: 397px\" class=\"wp-caption alignleft\"><img loading=\"lazy\" decoding=\"async\" class=\" wp-image-9698\" src=\"https:\/\/blogs.correiobraziliense.com.br\/aricunha\/wp-content\/uploads\/sites\/13\/2018\/01\/Anos-60.jpg\" alt=\"Foto: popa.com.br\" width=\"397\" height=\"228\" srcset=\"https:\/\/blogs.correiobraziliense.com.br\/aricunha\/wp-content\/uploads\/sites\/13\/2018\/01\/Anos-60.jpg 600w, https:\/\/blogs.correiobraziliense.com.br\/aricunha\/wp-content\/uploads\/sites\/13\/2018\/01\/Anos-60-300x173.jpg 300w, https:\/\/blogs.correiobraziliense.com.br\/aricunha\/wp-content\/uploads\/sites\/13\/2018\/01\/Anos-60-350x201.jpg 350w, https:\/\/blogs.correiobraziliense.com.br\/aricunha\/wp-content\/uploads\/sites\/13\/2018\/01\/Anos-60-550x316.jpg 550w, https:\/\/blogs.correiobraziliense.com.br\/aricunha\/wp-content\/uploads\/sites\/13\/2018\/01\/Anos-60-230x132.jpg 230w\" sizes=\"auto, (max-width: 397px) 100vw, 397px\" \/><figcaption id=\"caption-attachment-9698\" class=\"wp-caption-text\">Foto: popa.com.br<\/figcaption><\/figure>\n<p style=\"text-align: justify\">\u00a0 \u00a0 \u00a0 \u00a0 \u00a0 \u00a0Nos anos sessenta era clara a exist\u00eancia de uma extensa mata ciliar que protegia aquelas nascentes de um lado e de outro das margens do Lago e que faziam daquela regi\u00e3o um verdadeiro santu\u00e1rio para peixes e aves. Com o avan\u00e7o inevit\u00e1vel do progresso e da gan\u00e2ncia, dificilmente aquela regi\u00e3o poder\u00e1 recuperar o antigo equil\u00edbrio ecol\u00f3gico e paisag\u00edstico, deixado para tr\u00e1s como empecilho ao crescimento desenfreado da cidade.<\/p>\n<p style=\"text-align: justify\">\u00a0 \u00a0 \u00a0 \u00a0 \u00a0 \u00a0 \u00a0 \u00a0Agora, tardiamente, a 1\u00aa Promotoria de Justi\u00e7a de Defesa do Meio Ambiente e Patrim\u00f4nio Cultural (Prodema) requisitou provid\u00eancias administrativas em rela\u00e7\u00e3o aos empreendedores do Setor Noroeste e do Trevo de Triagem Norte com rela\u00e7\u00e3o ao assoreamento daquela regi\u00e3o que reduziu drasticamente o armazenamento daquele manancial, contribuindo, segundo os promotores, para piorar a qualidade da \u00e1gua, numa \u00e9poca de escassez h\u00eddrica e em que o pr\u00f3prio GDF passou a captar \u00e1gua para o abastecimento da popula\u00e7\u00e3o.<\/p>\n<p style=\"text-align: justify\"><strong>A frase que foi pronunciada:<\/strong><\/p>\n<p style=\"text-align: justify\">\u201c\u00c1gua sim, ouro n\u00e3o!\u201d<\/p>\n<p style=\"text-align: justify\">Povo peruano, com o instinto de sobreviv\u00eancia, contra o Projeto Conga de explora\u00e7\u00e3o mineira.<\/p>\n<figure id=\"attachment_9702\" aria-describedby=\"caption-attachment-9702\" style=\"width: 521px\" class=\"wp-caption aligncenter\"><img loading=\"lazy\" decoding=\"async\" class=\" wp-image-9702\" src=\"https:\/\/blogs.correiobraziliense.com.br\/aricunha\/wp-content\/uploads\/sites\/13\/2018\/01\/falta-de-agua.jpg\" alt=\"Charge: paradesenhar.wordpress.com\" width=\"521\" height=\"456\" srcset=\"https:\/\/blogs.correiobraziliense.com.br\/aricunha\/wp-content\/uploads\/sites\/13\/2018\/01\/falta-de-agua.jpg 1601w, https:\/\/blogs.correiobraziliense.com.br\/aricunha\/wp-content\/uploads\/sites\/13\/2018\/01\/falta-de-agua-300x263.jpg 300w, https:\/\/blogs.correiobraziliense.com.br\/aricunha\/wp-content\/uploads\/sites\/13\/2018\/01\/falta-de-agua-768x673.jpg 768w, https:\/\/blogs.correiobraziliense.com.br\/aricunha\/wp-content\/uploads\/sites\/13\/2018\/01\/falta-de-agua-1024x897.jpg 1024w, https:\/\/blogs.correiobraziliense.com.br\/aricunha\/wp-content\/uploads\/sites\/13\/2018\/01\/falta-de-agua-350x306.jpg 350w, https:\/\/blogs.correiobraziliense.com.br\/aricunha\/wp-content\/uploads\/sites\/13\/2018\/01\/falta-de-agua-1440x1261.jpg 1440w, https:\/\/blogs.correiobraziliense.com.br\/aricunha\/wp-content\/uploads\/sites\/13\/2018\/01\/falta-de-agua-550x482.jpg 550w, https:\/\/blogs.correiobraziliense.com.br\/aricunha\/wp-content\/uploads\/sites\/13\/2018\/01\/falta-de-agua-230x201.jpg 230w\" sizes=\"auto, (max-width: 521px) 100vw, 521px\" \/><figcaption id=\"caption-attachment-9702\" class=\"wp-caption-text\">Charge: paradesenhar.wordpress.com<\/figcaption><\/figure>\n<p style=\"text-align: justify\"><strong>Partida<\/strong><\/p>\n<p style=\"text-align: justify\">Ida foi quem anunciou a partida de Cauby. Disse que a sobrinha Nina confirmou que com a chegada de Cauby teria Xaxado no c\u00e9u.<\/p>\n<p style=\"text-align: justify\"><strong>Foi assim<\/strong><\/p>\n<p style=\"text-align: justify\">Quando a pessoa \u00e9 boa e morre todos querem falar dela. Foi assim no enterro do amigo Cauby de Oliveira. Ana Ghita lembrou que recitava com ele Augusto dos Anjos, \u201cBudismo moderno\u201d. Tome, Dr., esta tesoura, e&#8230; corte Minha singular\u00edssima pessoa.\/ Que importa a mim que a bicharia roa Todo o meu cora\u00e7\u00e3o, depois da morte? (&#8230;)Ah! Mas o agregado abstrato das saudades\/ Fique batendo nas perp\u00e9tuas grades\/ Do \u00faltimo verso que eu fizer no mundo!<\/p>\n<p style=\"text-align: justify\"><strong>Marca<\/strong><\/p>\n<p style=\"text-align: justify\">Otaviano lembrou de tr\u00eas palavras para definir Cauby. Retid\u00e3o, coer\u00eancia, loucura e alegria. Al\u00e9m de ensinar os filhos sobre o horror do preconceito e a import\u00e2ncia da toler\u00e2ncia.<\/p>\n<p style=\"text-align: justify\"><strong>Vivas<\/strong><\/p>\n<p style=\"text-align: justify\">Iara comunicou que a despeito das religi\u00f5es, Cauby ficaria com a Golda onde ela estivesse. Aqui na terra ou em qualquer lugar. Falava de ser judeu ou n\u00e3o. Mar\u00edlia Panitz bradou: Viva a subvers\u00e3o! Arrancou risos de quem conhece bem a fam\u00edlia pioneira, alegre e ligada \u00e0 arte de viver a verdade.<\/p>\n<p style=\"text-align: justify\"><strong>Profundo<\/strong><\/p>\n<p style=\"text-align: justify\">Foram muitas as falas, as m\u00fasicas, as homenagens, as l\u00e1grimas, sorrisos e as gargalhadas. Uma homenagem intensa, dos descendentes de Abra\u00e3o ao gib\u00e3o de couro do agreste. Como os Pietrikovsky de Oliveira.<\/p>\n<p style=\"text-align: justify\"><strong>HIST\u00d3RIA DE BRAS\u00cdLIA<\/strong><\/p>\n<p style=\"text-align: justify\">E o pior de tudo \u00e9 atacar a pediatria, que possui excelente equipe, devotada e cumpridora do dever, sem desmerecer as demais. \u00c9 negar a aten\u00e7\u00e3o que se deve a quem trabalha com aten\u00e7\u00e3o e desvelo. <strong>(Publicado em 13.10.1961)<\/strong><\/p>\n","protected":false},"excerpt":{"rendered":"<p>ARI CUNHA Visto, lido e ouvido Desde 1960 colunadoaricunha@gmail.com; com Circe Cunha e Mamfil \u00a0 \u00a0 \u00a0 \u00a0 \u00a0N\u00e3o foi por falta de aviso que o GDF, no caso, e a Ag\u00eancia de Desenvolvimento (Terracap) deixaram de providenciar, a tempo, obras preventivas para conter o assoreamento do lago Parano\u00e1. Aqui mesmo, nessa Coluna, por diversas vezes, foi feito o alerta [&hellip;]<\/p>\n","protected":false},"author":34,"featured_media":9700,"comment_status":"open","ping_status":"open","sticky":false,"template":"","format":"standard","meta":{"footnotes":""},"categories":[23],"tags":[67],"class_list":["post-9693","post","type-post","status-publish","format-standard","has-post-thumbnail","hentry","category-integra","tag-brasilia-historiadebrasilia-aricunha-circecunha-mamfil"],"_links":{"self":[{"href":"https:\/\/blogs.correiobraziliense.com.br\/aricunha\/wp-json\/wp\/v2\/posts\/9693","targetHints":{"allow":["GET"]}}],"collection":[{"href":"https:\/\/blogs.correiobraziliense.com.br\/aricunha\/wp-json\/wp\/v2\/posts"}],"about":[{"href":"https:\/\/blogs.correiobraziliense.com.br\/aricunha\/wp-json\/wp\/v2\/types\/post"}],"author":[{"embeddable":true,"href":"https:\/\/blogs.correiobraziliense.com.br\/aricunha\/wp-json\/wp\/v2\/users\/34"}],"replies":[{"embeddable":true,"href":"https:\/\/blogs.correiobraziliense.com.br\/aricunha\/wp-json\/wp\/v2\/comments?post=9693"}],"version-history":[{"count":7,"href":"https:\/\/blogs.correiobraziliense.com.br\/aricunha\/wp-json\/wp\/v2\/posts\/9693\/revisions"}],"predecessor-version":[{"id":9704,"href":"https:\/\/blogs.correiobraziliense.com.br\/aricunha\/wp-json\/wp\/v2\/posts\/9693\/revisions\/9704"}],"wp:featuredmedia":[{"embeddable":true,"href":"https:\/\/blogs.correiobraziliense.com.br\/aricunha\/wp-json\/wp\/v2\/media\/9700"}],"wp:attachment":[{"href":"https:\/\/blogs.correiobraziliense.com.br\/aricunha\/wp-json\/wp\/v2\/media?parent=9693"}],"wp:term":[{"taxonomy":"category","embeddable":true,"href":"https:\/\/blogs.correiobraziliense.com.br\/aricunha\/wp-json\/wp\/v2\/categories?post=9693"},{"taxonomy":"post_tag","embeddable":true,"href":"https:\/\/blogs.correiobraziliense.com.br\/aricunha\/wp-json\/wp\/v2\/tags?post=9693"}],"curies":[{"name":"wp","href":"https:\/\/api.w.org\/{rel}","templated":true}]}}