{"id":9674,"date":"2018-01-27T21:00:50","date_gmt":"2018-01-27T23:00:50","guid":{"rendered":"https:\/\/blogs.correiobraziliense.com.br\/aricunha\/?p=9674"},"modified":"2018-01-27T00:58:34","modified_gmt":"2018-01-27T02:58:34","slug":"uma-capital-distante-daquela-que-foi-idealizada","status":"publish","type":"post","link":"https:\/\/blogs.correiobraziliense.com.br\/aricunha\/uma-capital-distante-daquela-que-foi-idealizada\/","title":{"rendered":"Uma capital distante daquela que foi idealizada"},"content":{"rendered":"<p style=\"font-weight: 400;text-align: justify\">ARI CUNHA<\/p>\n<p style=\"text-align: justify\">Visto, lido e ouvido<\/p>\n<p style=\"text-align: justify\">Desde 1960<br \/>\ncolunadoaricunha@gmail.com;<br \/>\ncom Circe Cunha e Mamfil<\/p>\n<figure id=\"attachment_9678\" aria-describedby=\"caption-attachment-9678\" style=\"width: 676px\" class=\"wp-caption aligncenter\"><img loading=\"lazy\" decoding=\"async\" class=\" wp-image-9678\" src=\"https:\/\/blogs.correiobraziliense.com.br\/aricunha\/wp-content\/uploads\/sites\/13\/2018\/01\/20121214220509742806u.jpg\" alt=\"Foto: obviousmag.org\" width=\"676\" height=\"469\" srcset=\"https:\/\/blogs.correiobraziliense.com.br\/aricunha\/wp-content\/uploads\/sites\/13\/2018\/01\/20121214220509742806u.jpg 512w, https:\/\/blogs.correiobraziliense.com.br\/aricunha\/wp-content\/uploads\/sites\/13\/2018\/01\/20121214220509742806u-300x208.jpg 300w, https:\/\/blogs.correiobraziliense.com.br\/aricunha\/wp-content\/uploads\/sites\/13\/2018\/01\/20121214220509742806u-350x243.jpg 350w, https:\/\/blogs.correiobraziliense.com.br\/aricunha\/wp-content\/uploads\/sites\/13\/2018\/01\/20121214220509742806u-230x159.jpg 230w\" sizes=\"auto, (max-width: 676px) 100vw, 676px\" \/><figcaption id=\"caption-attachment-9678\" class=\"wp-caption-text\">Foto: obviousmag.org<\/figcaption><\/figure>\n<p style=\"text-align: justify\">\u00a0\u00a0\u00a0 \u00a0\u00a0\u00a0\u00a0\u00a0\u00a0\u00a0\u00a0Amigos pr\u00f3ximos, L\u00facio Costa e Oscar Niemeyer, relatam que, no fim da vida, esses dois realizadores da nova capital, deixavam transparecer um certo desalento com o resultado final alcan\u00e7ado com a constru\u00e7\u00e3o de Bras\u00edlia. O desencanto de ambos n\u00e3o se prendia aos aspectos do urbanismo inovador de um, ou a arquitetura arrojada e leve do outro, que juntas formaram o mais belo monumento de todos os tempos, admirada em todo o mundo. A decep\u00e7\u00e3o que ambos externavam, cada um \u00e0 seu jeito, em conversas reservadas, era justamente o qu\u00e3o distante se encontrava agora a nova capital daquilo que haviam idealizado num passado long\u00ednquo.<\/p>\n<p style=\"text-align: justify\">\u00a0\u00a0\u00a0\u00a0\u00a0\u00a0\u00a0\u00a0\u00a0\u00a0\u00a0\u00a0 A nova capital que sonharam seria habitada por novas lideran\u00e7as, bem no sentido modernista do \u201chomem novo\u201d, um ser dotado de novos valores morais e \u00e9ticos, greg\u00e1rio, humanista, cosmopolita, enfim um ser magn\u00e2nimo, ou seja, diametralmente oposto do que se via at\u00e9 ent\u00e3o em outras partes do pa\u00eds.<\/p>\n<p style=\"text-align: justify\">\u00a0\u00a0\u00a0\u00a0\u00a0\u00a0\u00a0\u00a0 \u00a0\u00a0\u00a0Seria uma cidade nova para um novo homem. Com a ruptura institucional ocorrida em 1964, essa sensa\u00e7\u00e3o de frustra\u00e7\u00e3o s\u00f3 aumentou. Obrigados a se afastar de suas obras, numa \u00e9poca de cegueira generalizada, o que o urbanista e o arquiteto passaram a constatar, com tristeza, era que a nova capital era cada vez mais ocupada pelos mesmo velhos homens da Rep\u00fablica, que h\u00e1 s\u00e9culos infelicitavam a na\u00e7\u00e3o, com seus v\u00edcios, falta de postura, ojeriza \u00e0 \u00e9tica e o descompromisso com os conterr\u00e2neos e com o futuro.<\/p>\n<p style=\"text-align: justify\">\u00a0 \u00a0\u00a0\u00a0\u00a0\u00a0\u00a0\u00a0\u00a0\u00a0\u00a0Era gente do passado sob vestes novas. Vissem hoje no que se transformou a nova capital, principalmente ap\u00f3s a emancipa\u00e7\u00e3o pol\u00edtica, feita sob medida para atender apenas a determinados grupos, sempre em desfavor de uma popula\u00e7\u00e3o crescente e carente, L\u00facio e Oscar, provavelmente, repetiriam o mesmo desalento demonstrado por Deus em G\u00eanesis 6, quando mostrou-se arrependido por haver criado o homem.<\/p>\n<figure id=\"attachment_9679\" aria-describedby=\"caption-attachment-9679\" style=\"width: 409px\" class=\"wp-caption alignleft\"><img loading=\"lazy\" decoding=\"async\" class=\" wp-image-9679\" src=\"https:\/\/blogs.correiobraziliense.com.br\/aricunha\/wp-content\/uploads\/sites\/13\/2018\/01\/brasilia-sitiada.jpg\" alt=\"Charge: acertodecontas.blog.br\" width=\"409\" height=\"312\" srcset=\"https:\/\/blogs.correiobraziliense.com.br\/aricunha\/wp-content\/uploads\/sites\/13\/2018\/01\/brasilia-sitiada.jpg 659w, https:\/\/blogs.correiobraziliense.com.br\/aricunha\/wp-content\/uploads\/sites\/13\/2018\/01\/brasilia-sitiada-300x229.jpg 300w, https:\/\/blogs.correiobraziliense.com.br\/aricunha\/wp-content\/uploads\/sites\/13\/2018\/01\/brasilia-sitiada-350x267.jpg 350w, https:\/\/blogs.correiobraziliense.com.br\/aricunha\/wp-content\/uploads\/sites\/13\/2018\/01\/brasilia-sitiada-550x419.jpg 550w, https:\/\/blogs.correiobraziliense.com.br\/aricunha\/wp-content\/uploads\/sites\/13\/2018\/01\/brasilia-sitiada-230x175.jpg 230w\" sizes=\"auto, (max-width: 409px) 100vw, 409px\" \/><figcaption id=\"caption-attachment-9679\" class=\"wp-caption-text\">Charge: acertodecontas.blog.br<\/figcaption><\/figure>\n<p style=\"text-align: justify\">\u00a0 \u00a0 \u00a0 \u00a0 \u00a0\u00a0A ideia original de que todos morariam pr\u00f3ximos, no mesmo endere\u00e7o, como o deputado morando ao lado do motorista, logo se mostraria uma ilus\u00e3o passageira. A desigualdade social e de renda \u00e9 hoje uma das marcas mais patentes da capital, transformada em uma verdadeira cidade de guetos. O fosso que separa o Sol Nascente, uma das maiores favelas do pa\u00eds, e o Lago Sul s\u00f3 possui paralelo na compara\u00e7\u00e3o entre Luxemburgo, na Europa, e o Zimb\u00e1bue, na \u00c1frica.<\/p>\n<p style=\"text-align: justify\">\u00a0\u00a0\u00a0\u00a0\u00a0\u00a0\u00a0\u00a0\u00a0\u00a0\u00a0 Uma cidade desigual, para pessoas desiguais. O que seria uma cidade eminentemente administrativa, se transformou, rapidamente, a partir dos anos oitenta, numa metr\u00f3pole semelhante a muitas outras espalhadas pelo pa\u00eds afora, com os mesmos problemas, mesmas car\u00eancias, e as mesmas lideran\u00e7as pol\u00edticas apartadas do restante da popula\u00e7\u00e3o.<\/p>\n<p style=\"text-align: justify\">\u00a0\u00a0\u00a0\u00a0\u00a0\u00a0\u00a0\u00a0\u00a0\u00a0\u00a0 Curiosamente a constitui\u00e7\u00e3o de uma poderosa m\u00e1quina administrativa local s\u00f3 fez aumentar as disparidades de renda e de privil\u00e9gios entre os cidad\u00e3os, as altas esferas do funcionalismo e dos pol\u00edticos.<\/p>\n<p style=\"text-align: justify\">\u00a0\u00a0\u00a0\u00a0\u00a0\u00a0\u00a0\u00a0\u00a0\u00a0\u00a0 Enquanto um morador da periferia pena catando lata para obter R$ 200,00 para pagar um barraco de um c\u00f4modo, onde mora com a fam\u00edlia, um conselheiro ou procuradores do Tribunal de Contas (TCDF), muitos residentes em mans\u00f5es de alto padr\u00e3o, recebe, al\u00e9m de um sal\u00e1rio R$ 30 mil no contracheque todo m\u00eas, um extra, intitulado \u201caux\u00edlio aluguel\u201d de R$ 4 mil.<\/p>\n<p style=\"text-align: justify\">\u00a0\u00a0\u00a0\u00a0\u00a0\u00a0\u00a0\u00a0\u00a0 \u00a0\u00a0Exemplos como esse s\u00e3o fartos e demonstram o qu\u00e3o distante est\u00e1 a capital idealizada por sonhadores do passado e a cidade que temos hoje, in\u00f3spita e sem alma.<\/p>\n<p style=\"text-align: justify\"><strong>A frase que foi pronunciada:<\/strong><\/p>\n<p style=\"text-align: justify\">\u201cPrefiro pensar que um dia a vida ser\u00e1 mais justa, que os homens n\u00e3o se olhar\u00e3o a procurar defeitos uns nos outros. Que haver\u00e1 sempre a ideia de que em todos h\u00e1 um lado bom. Nesse dia, ser\u00e1 com prazer que um procurar\u00e1 ajudar o outro.\u201d<\/p>\n<p style=\"text-align: justify\">Oscar Niemeyer<\/p>\n<p style=\"text-align: justify\"><strong>Hacker<\/strong><\/p>\n<p style=\"text-align: justify\">Vestido de inocente, o engenheiro social gosta de almo\u00e7ar com o pessoal de T.I. principalmente da \u00e1rea p\u00fablica, estagi\u00e1rios, terceirizados de bancos ou lugares interessantes para invadir a rede com v\u00edrus. Simp\u00e1tico, puxa conversa e num deslize do funcion\u00e1rio o sistema passa a correr risco. O futuro est\u00e1 ao lado.<\/p>\n<p style=\"text-align: justify\"><strong>Essa \u00e9 velha<\/strong><\/p>\n<p style=\"text-align: justify\">Falando em mundo virtual, cuidado! H\u00e1 um v\u00edrus que chega no seu celular com a mensagem para clicar num local que vai bloquear o v\u00edrus. Da\u00ed o v\u00edrus entra.<\/p>\n<p style=\"text-align: justify\"><strong>Usa<\/strong><\/p>\n<p style=\"text-align: justify\">Foi na Embaixada dos Estados Unidos. No momento de pedir novo visto, o cidad\u00e3o brasileiro foi indagado se sabia a raz\u00e3o de ter tido o visto negado anteriormente. Sem saber, veio a pergunta da funcion\u00e1ria: Voc\u00ea estudou na Am\u00e9rica? Sim. Uma escola gratuita ofereceu um curso que me interessava e eu fiz a matr\u00edcula que foi aceita com a apresenta\u00e7\u00e3o do passaporte. Mas n\u00e3o viajei com a inten\u00e7\u00e3o de estudar. A mocinha americana arrebita o nariz e diz: Sua inten\u00e7\u00e3o n\u00e3o nos interessa.<\/p>\n<p style=\"text-align: justify\"><strong>A vingan\u00e7a<\/strong><\/p>\n<p style=\"text-align: justify\">Terminando o interrogat\u00f3rio, a Narizinho pergunta: O que vai fazer nos Estados Unidos? A resposta certa seria: O que vou fazer l\u00e1 n\u00e3o te interessa.<\/p>\n<p style=\"text-align: justify\">Mas sobrou educa\u00e7\u00e3o e isso n\u00e3o foi dito por parte do viajante. Mas seria um final e tanto, concorda?<\/p>\n<p style=\"text-align: justify\"><strong>Avant-gard<\/strong><\/p>\n<p style=\"text-align: justify\">A \u00fanica gr\u00e1fica p\u00fablica do pa\u00eds que imprime em Braile \u00e9 a do Senado. A informa\u00e7\u00e3o foi divulgada pela Diretora Geral Ilana Trombka, quando fazia um relat\u00f3rio dos milh\u00f5es de economia da Casa devolvidos \u00e0 Uni\u00e3o.<\/p>\n<p style=\"text-align: justify\"><strong>Pelo idoso<\/strong><\/p>\n<p style=\"text-align: justify\">Dois senadores defenderam curso de extens\u00e3o para idosos: Cristovam Buarque e Paulo Paim. Cristovam alterou a Lei de Diretrizes e Bases da Educa\u00e7\u00e3o para receber a novidade, e Paim alterou para que a lei afetada fosse o Estatuto do Idoso.<\/p>\n<p style=\"text-align: justify\"><strong>HIST\u00d3RIA DE BRAS\u00cdLIA<\/strong><\/p>\n<p style=\"text-align: justify\">Nunca houve economia de troncos para as reparti\u00e7\u00f5es p\u00fablicas, e \u00e9 preciso que se investigue se o defeito prov\u00e9m dos c\u00e1lculos t\u00e9cnicos em comunica\u00e7\u00f5es. Com o Pal\u00e1cio Planalto acontece a mesma coisa. <strong>(Publicado em 13.10.1961)<\/strong><\/p>\n","protected":false},"excerpt":{"rendered":"<p>ARI CUNHA Visto, lido e ouvido Desde 1960 colunadoaricunha@gmail.com; com Circe Cunha e Mamfil \u00a0\u00a0\u00a0 \u00a0\u00a0\u00a0\u00a0\u00a0\u00a0\u00a0\u00a0Amigos pr\u00f3ximos, L\u00facio Costa e Oscar Niemeyer, relatam que, no fim da vida, esses dois realizadores da nova capital, deixavam transparecer um certo desalento com o resultado final alcan\u00e7ado com a constru\u00e7\u00e3o de Bras\u00edlia. O desencanto de ambos n\u00e3o se prendia aos aspectos do urbanismo [&hellip;]<\/p>\n","protected":false},"author":34,"featured_media":9678,"comment_status":"open","ping_status":"open","sticky":false,"template":"","format":"standard","meta":{"footnotes":""},"categories":[23],"tags":[67],"class_list":["post-9674","post","type-post","status-publish","format-standard","has-post-thumbnail","hentry","category-integra","tag-brasilia-historiadebrasilia-aricunha-circecunha-mamfil"],"_links":{"self":[{"href":"https:\/\/blogs.correiobraziliense.com.br\/aricunha\/wp-json\/wp\/v2\/posts\/9674","targetHints":{"allow":["GET"]}}],"collection":[{"href":"https:\/\/blogs.correiobraziliense.com.br\/aricunha\/wp-json\/wp\/v2\/posts"}],"about":[{"href":"https:\/\/blogs.correiobraziliense.com.br\/aricunha\/wp-json\/wp\/v2\/types\/post"}],"author":[{"embeddable":true,"href":"https:\/\/blogs.correiobraziliense.com.br\/aricunha\/wp-json\/wp\/v2\/users\/34"}],"replies":[{"embeddable":true,"href":"https:\/\/blogs.correiobraziliense.com.br\/aricunha\/wp-json\/wp\/v2\/comments?post=9674"}],"version-history":[{"count":3,"href":"https:\/\/blogs.correiobraziliense.com.br\/aricunha\/wp-json\/wp\/v2\/posts\/9674\/revisions"}],"predecessor-version":[{"id":9680,"href":"https:\/\/blogs.correiobraziliense.com.br\/aricunha\/wp-json\/wp\/v2\/posts\/9674\/revisions\/9680"}],"wp:featuredmedia":[{"embeddable":true,"href":"https:\/\/blogs.correiobraziliense.com.br\/aricunha\/wp-json\/wp\/v2\/media\/9678"}],"wp:attachment":[{"href":"https:\/\/blogs.correiobraziliense.com.br\/aricunha\/wp-json\/wp\/v2\/media?parent=9674"}],"wp:term":[{"taxonomy":"category","embeddable":true,"href":"https:\/\/blogs.correiobraziliense.com.br\/aricunha\/wp-json\/wp\/v2\/categories?post=9674"},{"taxonomy":"post_tag","embeddable":true,"href":"https:\/\/blogs.correiobraziliense.com.br\/aricunha\/wp-json\/wp\/v2\/tags?post=9674"}],"curies":[{"name":"wp","href":"https:\/\/api.w.org\/{rel}","templated":true}]}}