{"id":9668,"date":"2018-01-26T21:00:49","date_gmt":"2018-01-26T23:00:49","guid":{"rendered":"https:\/\/blogs.correiobraziliense.com.br\/aricunha\/?p=9668"},"modified":"2018-01-27T00:57:56","modified_gmt":"2018-01-27T02:57:56","slug":"populacao-exposta-ao-perigo","status":"publish","type":"post","link":"https:\/\/blogs.correiobraziliense.com.br\/aricunha\/populacao-exposta-ao-perigo\/","title":{"rendered":"Popula\u00e7\u00e3o exposta ao perigo"},"content":{"rendered":"<p style=\"font-weight: 400;text-align: justify\">ARI CUNHA<\/p>\n<p style=\"text-align: justify\">Visto, lido e ouvido<\/p>\n<p style=\"text-align: justify\">Desde 1960<br \/>\ncolunadoaricunha@gmail.com;<br \/>\ncom Circe Cunha e Mamfil<\/p>\n<figure id=\"attachment_9671\" aria-describedby=\"caption-attachment-9671\" style=\"width: 850px\" class=\"wp-caption alignnone\"><img loading=\"lazy\" decoding=\"async\" class=\"size-full wp-image-9671\" src=\"https:\/\/blogs.correiobraziliense.com.br\/aricunha\/wp-content\/uploads\/sites\/13\/2018\/01\/Capturar-1.png\" alt=\"Foto: www.youtube.com\" width=\"850\" height=\"425\" srcset=\"https:\/\/blogs.correiobraziliense.com.br\/aricunha\/wp-content\/uploads\/sites\/13\/2018\/01\/Capturar-1.png 850w, https:\/\/blogs.correiobraziliense.com.br\/aricunha\/wp-content\/uploads\/sites\/13\/2018\/01\/Capturar-1-300x150.png 300w, https:\/\/blogs.correiobraziliense.com.br\/aricunha\/wp-content\/uploads\/sites\/13\/2018\/01\/Capturar-1-768x384.png 768w, https:\/\/blogs.correiobraziliense.com.br\/aricunha\/wp-content\/uploads\/sites\/13\/2018\/01\/Capturar-1-350x175.png 350w, https:\/\/blogs.correiobraziliense.com.br\/aricunha\/wp-content\/uploads\/sites\/13\/2018\/01\/Capturar-1-550x275.png 550w, https:\/\/blogs.correiobraziliense.com.br\/aricunha\/wp-content\/uploads\/sites\/13\/2018\/01\/Capturar-1-230x115.png 230w\" sizes=\"auto, (max-width: 850px) 100vw, 850px\" \/><figcaption id=\"caption-attachment-9671\" class=\"wp-caption-text\">Foto: www.youtube.com<\/figcaption><\/figure>\n<p style=\"text-align: justify\">\u00a0\u00a0\u00a0\u00a0\u00a0\u00a0\u00a0 Volta e meia, a imprensa tem noticiado casos de atropelamentos fatais no Lago Norte. O mais recente caso vitimou o casal Evaldo Augusto, 75, e Dulcineia Rosalino, 72, que havia comemorado recentemente 50 anos de casados. Colhidos por um carro que seguia a mais de 120 quil\u00f4metros por hora, os dois n\u00e3o tiveram chance.<\/p>\n<p style=\"text-align: justify\">\u00a0 \u00a0 \u00a0 \u00a0 \u00a0 \u00a0Situa\u00e7\u00f5es tr\u00e1gicas como essa v\u00eam ocorrendo j\u00e1 h\u00e1 alguns anos naquele bairro: a imprensa noticia, passam-se os dias e, com exce\u00e7\u00e3o da fam\u00edlia e dos amigos mais pr\u00f3ximos, o caso cai no esquecimento de todos at\u00e9 que nova trag\u00e9dia volta a acontecer no mesmo lugar, nas mesmas condi\u00e7\u00f5es, deixando fam\u00edlias inteiras enlutadas.<\/p>\n<p style=\"text-align: justify\">\u00a0 \u00a0 \u00a0 \u00a0 \u00a0 \u00a0 \u00a0Essa triste repeti\u00e7\u00e3o de acidentes fatais tem uma causa principal, que muitos at\u00e9 suspeitam da exist\u00eancia, mas por comodismo, m\u00e1-f\u00e9 ou descaso com a vida alheia, preferem fechar os olhos, na cren\u00e7a de que isso \u00e9 problema dos outros.<\/p>\n<p style=\"text-align: justify\">\u00a0 \u00a0 \u00a0 \u00a0 \u00a0 \u00a0 Ocorre que a sequ\u00eancia de acidentes tr\u00e1gicos naquela localidade tem como fator principal a falta de cal\u00e7adas de dimens\u00f5es adequadas, n\u00e3o s\u00f3 na via principal que corta todo o bairro, mas principalmente nas quadras internas. Os desn\u00edveis, os postes tomados pelas invas\u00f5es da \u00e1rea p\u00fablica, os buracos tornam qualquer caminhada perigosa. \u00c9 devido \u00e0 falta de cal\u00e7adas, dignas desse nome, que os pedestres acabam sendo empurrados para o asfalto e para as ciclovias, onde invariavelmente encontram um fim tr\u00e1gico para suas caminhadas.<\/p>\n<p style=\"text-align: justify\">\u00a0\u00a0\u00a0\u00a0\u00a0\u00a0\u00a0\u00a0 As cal\u00e7adas para esse tipo de bairro, de onde o governo arrecada os mais altos impostos de toda a capital, mereciam um tratamento, no m\u00ednimo, equivalente. Cal\u00e7adas n\u00e3o s\u00e3o um luxo desnecess\u00e1rio, mas uma necessidade para a locomo\u00e7\u00e3o, para o passeio, para o lazer, para a sa\u00fade e para dar vida comunit\u00e1ria ao bairro. Para tanto, necessitam ser projetadas com as melhores t\u00e9cnicas de engenharia de tr\u00e2nsito, espa\u00e7osas e confort\u00e1veis, ajustadas para todo tipo de pedestre, do mais novo ao mais idoso, sem concorr\u00eancia com bicicletas, sem o perigo do asfalto pr\u00f3ximo, sem postes de ilumina\u00e7\u00e3o no meio do caminho ou de sinaliza\u00e7\u00f5es fincadas no meio do trajeto e confeccionadas com o melhor e mais duradouro material.<\/p>\n<p style=\"text-align: justify\">\u00a0 \u00a0 \u00a0 \u00a0 Portanto, uma obra que requer urg\u00eancia para evitar novas trag\u00e9dias. A situa\u00e7\u00e3o chegou \u00e0 um tal ponto de car\u00eancia, que \u00e9 comum observar cadeirantes seguindo com dificuldades pelo asfalto, por falta de espa\u00e7o. Se ao governo cabe providenciar essas cal\u00e7adas, aos moradores cabe tamb\u00e9m contribuir. Primeiro recuando o cercamento dos lotes para as \u00e1reas de sua efetiva propriedade, respeitando os espa\u00e7os p\u00fablicos.<\/p>\n<p style=\"text-align: justify\">\u00a0\u00a0\u00a0\u00a0\u00a0\u00a0\u00a0\u00a0 A quest\u00e3o das invas\u00f5es de \u00e1reas p\u00fablicas por moradores do Lago Norte \u00e9 antiga, j\u00e1 foi reclamada por outras autoridades, mas at\u00e9 hoje nada foi feito. O desrespeito de alguns \u00e0 legisla\u00e7\u00e3o urbana, impede, em muitos trechos, que cal\u00e7adas adequadas sejam constru\u00eddas. O pre\u00e7o desse desrespeito \u00e0 norma tem sido alto e custado a vida de muitos pedestres que escolheram esse bairro justamente para viver de forma mais digna.<\/p>\n<p style=\"text-align: justify\"><strong>A frase que foi pronunciada:<\/strong><\/p>\n<p style=\"text-align: justify\">\u201cEu sinto muito, jacar\u00e9, mas t\u00e1 na minha ess\u00eancia, na minha natureza, e por mais que eu tenha tentado, n\u00e3o pude evitar.\u201d<\/p>\n<p style=\"text-align: justify\">Escorpi\u00e3o para o jacar\u00e9 depois de pic\u00e1-lo<\/p>\n<p style=\"text-align: justify\"><strong>Release<\/strong><\/p>\n<p style=\"text-align: justify\">Recebemos da Secretaria das Cidades, de email n\u00e3o institucional, as seguintes estat\u00edsticas: em 29 edi\u00e7\u00f5es, o projeto Cidades Limpas envolveu 4.613 trabalhadores de 19 \u00f3rg\u00e3os do governo de Bras\u00edlia. At\u00e9 o come\u00e7o de dezembro de 2017, haviam sido removidas 86,3 toneladas de entulho, desobstru\u00eddas 2,9 mil bocas de lobo e recolhidas 250 carca\u00e7as. Outras a\u00e7\u00f5es da iniciativa foram a emiss\u00e3o de 747 carteiras de identidade, a manuten\u00e7\u00e3o, a troca e o reparo de 2,4 mil unidades na rede el\u00e9trica e a poda de 15,7 mil \u00e1rvores.<\/p>\n<p style=\"text-align: justify\"><strong>Mato alto<\/strong><\/p>\n<p style=\"text-align: justify\">O pessoal das quadras 15 e 17 do ParkWay est\u00e1 reclamando do mato alto. Na verdade, o mato foi cortado de qualquer jeito e deixado por l\u00e1. Os moradores advertem que com o mato alto, at\u00e9 jacar\u00e9 est\u00e1 aparecendo.<\/p>\n<p style=\"text-align: justify\"><strong>Jacar\u00e9<\/strong><\/p>\n<p style=\"text-align: justify\">Por falar em jacar\u00e9 no ParkWay, nossa leitora esclareceu que um jardineiro viu o animal saindo da \u00e1rea comum na quadra 17, conj.11, lote 1 do Park Way, por volta das 19h. Os moradores indagam como um jacar\u00e9 foi parar por ali porque o local \u00e9 longe do lago. Talvez seja o abandono da \u00e1rea, acreditam.<\/p>\n<p style=\"text-align: justify\"><strong>Mais um<\/strong><\/p>\n<p style=\"text-align: justify\">Depois da on\u00e7a no estacionamento do tribunal, um bicho pregui\u00e7a tamb\u00e9m mobilizou a pol\u00edcia ambiental. Resolveu atravessar o Eix\u00e3o. Esse e outros tantos exemplos s\u00e3o o retrato da degrada\u00e7\u00e3o do ambiente em torno do Plano sem Piloto.<\/p>\n<p style=\"text-align: justify\"><strong>Do Paran\u00e1<\/strong><\/p>\n<p style=\"text-align: justify\">Humoristas como os cearenses s\u00e3o dif\u00edceis de se encontrar. Marcelo Madureira por exemplo, n\u00e3o tem o refino do cabra da peste. \u00c9 grosseiro, inconveniente e sem o brilho fino do humor. Quem diria que \u00e9 nascido na terra de dona Lourdes, onde as arauc\u00e1rias estendem os bra\u00e7os pedindo gra\u00e7a aos c\u00e9us.<\/p>\n<figure id=\"attachment_9672\" aria-describedby=\"caption-attachment-9672\" style=\"width: 626px\" class=\"wp-caption aligncenter\"><img loading=\"lazy\" decoding=\"async\" class=\" wp-image-9672\" src=\"https:\/\/blogs.correiobraziliense.com.br\/aricunha\/wp-content\/uploads\/sites\/13\/2018\/01\/o-humorista-marcelo-madureira-se-reuniu-com-o-elenco-do-casseta-planeta-vai-fundo-para-apresentar-a-segunda-temporada-do-programa-81012-1349727468642_956x500-890x465.jpg\" alt=\"Foto: clipfm.com.br\" width=\"626\" height=\"327\" \/><figcaption id=\"caption-attachment-9672\" class=\"wp-caption-text\">Foto: clipfm.com.br<\/figcaption><\/figure>\n<p>&nbsp;<\/p>\n<p style=\"text-align: justify\"><strong>HIST\u00d3RIA DE BRAS\u00cdLIA<\/strong><\/p>\n<p style=\"text-align: justify\">A mesa telef\u00f4nica do Hospital Distrital n\u00e3o funciona. Qualquer chamado, a qualquer hora, sofre demora prolongada demais. Note-se, que no dia do desastre do \u201cCaravelle\u201d, o Hospital recebeu o pedido de socorro pelo r\u00e1dio. <strong>(Publicado em 13.10.1961)<\/strong><\/p>\n","protected":false},"excerpt":{"rendered":"<p>ARI CUNHA Visto, lido e ouvido Desde 1960 colunadoaricunha@gmail.com; com Circe Cunha e Mamfil \u00a0\u00a0\u00a0\u00a0\u00a0\u00a0\u00a0 Volta e meia, a imprensa tem noticiado casos de atropelamentos fatais no Lago Norte. O mais recente caso vitimou o casal Evaldo Augusto, 75, e Dulcineia Rosalino, 72, que havia comemorado recentemente 50 anos de casados. Colhidos por um carro que seguia a mais de [&hellip;]<\/p>\n","protected":false},"author":34,"featured_media":9671,"comment_status":"open","ping_status":"open","sticky":false,"template":"","format":"standard","meta":{"footnotes":""},"categories":[23],"tags":[67],"class_list":["post-9668","post","type-post","status-publish","format-standard","has-post-thumbnail","hentry","category-integra","tag-brasilia-historiadebrasilia-aricunha-circecunha-mamfil"],"_links":{"self":[{"href":"https:\/\/blogs.correiobraziliense.com.br\/aricunha\/wp-json\/wp\/v2\/posts\/9668","targetHints":{"allow":["GET"]}}],"collection":[{"href":"https:\/\/blogs.correiobraziliense.com.br\/aricunha\/wp-json\/wp\/v2\/posts"}],"about":[{"href":"https:\/\/blogs.correiobraziliense.com.br\/aricunha\/wp-json\/wp\/v2\/types\/post"}],"author":[{"embeddable":true,"href":"https:\/\/blogs.correiobraziliense.com.br\/aricunha\/wp-json\/wp\/v2\/users\/34"}],"replies":[{"embeddable":true,"href":"https:\/\/blogs.correiobraziliense.com.br\/aricunha\/wp-json\/wp\/v2\/comments?post=9668"}],"version-history":[{"count":3,"href":"https:\/\/blogs.correiobraziliense.com.br\/aricunha\/wp-json\/wp\/v2\/posts\/9668\/revisions"}],"predecessor-version":[{"id":9673,"href":"https:\/\/blogs.correiobraziliense.com.br\/aricunha\/wp-json\/wp\/v2\/posts\/9668\/revisions\/9673"}],"wp:featuredmedia":[{"embeddable":true,"href":"https:\/\/blogs.correiobraziliense.com.br\/aricunha\/wp-json\/wp\/v2\/media\/9671"}],"wp:attachment":[{"href":"https:\/\/blogs.correiobraziliense.com.br\/aricunha\/wp-json\/wp\/v2\/media?parent=9668"}],"wp:term":[{"taxonomy":"category","embeddable":true,"href":"https:\/\/blogs.correiobraziliense.com.br\/aricunha\/wp-json\/wp\/v2\/categories?post=9668"},{"taxonomy":"post_tag","embeddable":true,"href":"https:\/\/blogs.correiobraziliense.com.br\/aricunha\/wp-json\/wp\/v2\/tags?post=9668"}],"curies":[{"name":"wp","href":"https:\/\/api.w.org\/{rel}","templated":true}]}}