{"id":9513,"date":"2018-01-11T21:00:07","date_gmt":"2018-01-11T23:00:07","guid":{"rendered":"https:\/\/blogs.correiobraziliense.com.br\/aricunha\/?p=9513"},"modified":"2018-01-11T21:10:18","modified_gmt":"2018-01-11T23:10:18","slug":"pular-de-alegria-quando-o-governo-investe-bem-isso-deveria-ser-o-carnaval","status":"publish","type":"post","link":"https:\/\/blogs.correiobraziliense.com.br\/aricunha\/pular-de-alegria-quando-o-governo-investe-bem-isso-deveria-ser-o-carnaval\/","title":{"rendered":"Pular de alegria quando o governo investe bem. Isso deveria ser o Carnaval."},"content":{"rendered":"<p style=\"text-align: justify\">ARI CUNHA<\/p>\n<p style=\"text-align: justify\">Visto, lido e ouvido<\/p>\n<p style=\"text-align: justify\">Desde 1960<br \/>\ncolunadoaricunha@gmail.com;<br \/>\ncom Circe Cunha e Mamfil<\/p>\n<figure id=\"attachment_9514\" aria-describedby=\"caption-attachment-9514\" style=\"width: 886px\" class=\"wp-caption aligncenter\"><img loading=\"lazy\" decoding=\"async\" class=\"size-full wp-image-9514\" src=\"https:\/\/blogs.correiobraziliense.com.br\/aricunha\/wp-content\/uploads\/sites\/13\/2018\/01\/9ff944451144cfca9d3c040c5bb4d514.jpg\" alt=\"Charge: http:\/\/midianews.com.br\/charges\" width=\"886\" height=\"568\" srcset=\"https:\/\/blogs.correiobraziliense.com.br\/aricunha\/wp-content\/uploads\/sites\/13\/2018\/01\/9ff944451144cfca9d3c040c5bb4d514.jpg 886w, https:\/\/blogs.correiobraziliense.com.br\/aricunha\/wp-content\/uploads\/sites\/13\/2018\/01\/9ff944451144cfca9d3c040c5bb4d514-300x192.jpg 300w, https:\/\/blogs.correiobraziliense.com.br\/aricunha\/wp-content\/uploads\/sites\/13\/2018\/01\/9ff944451144cfca9d3c040c5bb4d514-768x492.jpg 768w, https:\/\/blogs.correiobraziliense.com.br\/aricunha\/wp-content\/uploads\/sites\/13\/2018\/01\/9ff944451144cfca9d3c040c5bb4d514-350x224.jpg 350w, https:\/\/blogs.correiobraziliense.com.br\/aricunha\/wp-content\/uploads\/sites\/13\/2018\/01\/9ff944451144cfca9d3c040c5bb4d514-550x353.jpg 550w, https:\/\/blogs.correiobraziliense.com.br\/aricunha\/wp-content\/uploads\/sites\/13\/2018\/01\/9ff944451144cfca9d3c040c5bb4d514-230x147.jpg 230w\" sizes=\"auto, (max-width: 886px) 100vw, 886px\" \/><figcaption id=\"caption-attachment-9514\" class=\"wp-caption-text\">Charge: http:\/\/midianews.com.br\/charges<\/figcaption><\/figure>\n<p style=\"font-weight: 400;text-align: justify\">\u00a0 \u00a0 \u00a0 \u00a0 \u00a0 \u00c9 mais do que sabido que o dinheiro p\u00fablico, de fato, n\u00e3o existe. Ele \u00e9 apenas tomado do contribuinte, que n\u00e3o tem como escapar do le\u00e3o da receita, para os cofres do Estado. Desse ponto escoa para onde os pol\u00edticos, que est\u00e3o ocupando cargos no governo, determinam. A partir desse ponto a escolha de onde aplicar esses recursos, que crescem a cada ano, passa a depender do grau de comprometimento do governo com a bancada que vai lhe dar apoio, dentro da l\u00f3gica perversa de governo de coaliz\u00e3o e com a proximidade das elei\u00e7\u00f5es.<\/p>\n<p style=\"font-weight: 400;text-align: justify\">\u00a0 \u00a0 \u00a0 \u00a0 \u00c9 preciso notar ainda que a meio do caminho, boa parte dessa bolada ir\u00e1 ser consumida com o funcionamento da gigantesca e burocr\u00e1tica m\u00e1quina administrativa. Somente para manter essa engrenagem fabulosa o GDF chega a consumir mais de 81% de suas receitas com a folha de pagamento do funcionalismo. Sobra pouco para investir e menos ainda para manter em bom funcionamento as \u00e1reas mais priorit\u00e1rias e sens\u00edveis da capital.<\/p>\n<p style=\"font-weight: 400;text-align: justify\">\u00a0 \u00a0 \u00a0 \u00a0Com a queda na arrecada\u00e7\u00e3o, provocada pela crise econ\u00f4mica, os recursos para atender a popula\u00e7\u00e3o ficaram ainda minguados. Com isso \u00e9 preciso maior rigor ainda na hora de escolher para onde vai o dinheiro do brasiliense. Com a chegada do carnaval tem aumentado o n\u00famero de cidad\u00e3os que reclamam da inten\u00e7\u00e3o anunciada pelo do GDF de aplicar R$ 5 milh\u00f5es nas festas de Momo este ano, o dobro do que foi gasto no ano passado.<\/p>\n<p style=\"font-weight: 400;text-align: justify\">\u00a0 \u00a0 \u00a0 \u00a0 \u00a0A pol\u00eamica faz sentido e, apesar da tradi\u00e7\u00e3o, de ser uma festa popular, que j\u00e1 faz pare da nossa cultura e outras justificativas, o contribuinte que reclama desse tipo de \u201crepasse\u201d para blocos carnavalescos e outras atividades dessa festa, tem raz\u00e3o quando observa postos de sa\u00fade fechados por falta de medicamentos ou de profissionais.<\/p>\n<p style=\"font-weight: 400;text-align: justify\">\u00a0 \u00a0 \u00a0 \u00a0 \u00a0Pela l\u00f3gica, enquanto faltar um esparadrapo que seja nos estabelecimentos p\u00fablicos de sa\u00fade, n\u00e3o h\u00e1 raz\u00e3o para aplicar dinheiro do cidad\u00e3o em folguedos, sejam eles tradicionais ou n\u00e3o. O renascimento do verdadeiro carnaval vem acontecendo em v\u00e1rias cidades pa\u00eds afora, com a volta dos blocos de rua, espont\u00e2neos e mais democr\u00e1ticos e isso tem atra\u00eddo cada vez mais foli\u00f5es. O que compete ao Estado \u00e9 dar seguran\u00e7a e bom atendimento nos hospitais durante as festividades.<\/p>\n<p style=\"font-weight: 400;text-align: justify\">\u00a0 \u00a0 \u00a0 \u00a0 \u00a0Em 2016 e, em boa hora, o Tribunal de Contas da Uni\u00e3o (TCU) determinou que eventos com potencial lucrativo ou que possam atrair investimento privado passassem a ser impedidos de receber recursos da Lei Rouanet. Acontece com o carnaval o que acontece com o cinema nacional. Jorge Furtado, cineasta e um dos fundadores da Casa do Cinema de Porto Alegre ao reconhecer que o cinema brasileiro \u00e9 feito basicamente com o dinheiro p\u00fablico, afirmou: <em>\u201cCom o dinheiro de um curta se faz quatro casas populares, com o dinheiro de um longa d\u00e1 para fazer um hospital. Cinema, no Brasil, \u00e9 feito para ricos com dinheiro dos pobres\u201d<\/em>.<\/p>\n<p style=\"font-weight: 400;text-align: justify\">\u00a0 \u00a0 \u00a0 \u00a0 \u00a0A aut\u00eantica festa popular, renascida com os blocos de rua, comprova que a maior alegria do foli\u00e3o \u00e9 saber que o seu dinheiro est\u00e1 sendo empregado onde \u00e9 realmente necess\u00e1rio e urgente. S\u00f3 assim ele e toda a sua fam\u00edlia podem brincar em paz e quem sabe retornarem para a casa s\u00e3os e salvos.<\/p>\n<p style=\"font-weight: 400;text-align: justify\"><strong>A frase que foi pronunciada:<\/strong><\/p>\n<p><em>\u201cMas n\u00f3s dan\u00e7amos no sil\u00eancio\/\u00a0<\/em><em>Choramos no carnaval,\/\u00a0<\/em><em>N\u00e3o vemos gra\u00e7a nas gracinhas da TV\/ <\/em><em>Morremos de rir no hor\u00e1rio eleitoral&#8230;\u201d<\/em><\/p>\n<p>Engenheiros do Hawaii<\/p>\n<figure id=\"attachment_9516\" aria-describedby=\"caption-attachment-9516\" style=\"width: 406px\" class=\"wp-caption aligncenter\"><img loading=\"lazy\" decoding=\"async\" class=\" wp-image-9516\" src=\"https:\/\/blogs.correiobraziliense.com.br\/aricunha\/wp-content\/uploads\/sites\/13\/2018\/01\/Charge2010-horarioeleitoral.jpg\" alt=\"Charge: ivancabral.com\" width=\"406\" height=\"295\" srcset=\"https:\/\/blogs.correiobraziliense.com.br\/aricunha\/wp-content\/uploads\/sites\/13\/2018\/01\/Charge2010-horarioeleitoral.jpg 480w, https:\/\/blogs.correiobraziliense.com.br\/aricunha\/wp-content\/uploads\/sites\/13\/2018\/01\/Charge2010-horarioeleitoral-300x218.jpg 300w, https:\/\/blogs.correiobraziliense.com.br\/aricunha\/wp-content\/uploads\/sites\/13\/2018\/01\/Charge2010-horarioeleitoral-350x254.jpg 350w, https:\/\/blogs.correiobraziliense.com.br\/aricunha\/wp-content\/uploads\/sites\/13\/2018\/01\/Charge2010-horarioeleitoral-230x167.jpg 230w\" sizes=\"auto, (max-width: 406px) 100vw, 406px\" \/><figcaption id=\"caption-attachment-9516\" class=\"wp-caption-text\">Charge: ivancabral.com<\/figcaption><\/figure>\n<p>&nbsp;<\/p>\n<p style=\"font-weight: 400;text-align: justify\"><strong>Prata da Casa<\/strong><\/p>\n<p style=\"font-weight: 400;text-align: justify\">Alexandre Dias, fundador do Instituto Piano Brasileiro e pesquisador concedeu uma entrevista para a Revista Concerto. Trata-se de valioso material para quem gosta de m\u00fasica e hist\u00f3ria. Dias resgata preciosidades da m\u00fasica brasileira e disponibiliza em seu canal no youtube. Vale conhecer.<\/p>\n<p style=\"font-weight: 400;text-align: justify\"><strong>Agenda<\/strong><\/p>\n<p style=\"font-weight: 400;text-align: justify\">Por falar em m\u00fasica, no dia 6 de fevereiro a orquestra sinf\u00f4nica do Teatro Nacional vai estrear uma sinfonia indiana no Brasil em homenagem aos 70 anos de independ\u00eancia daquele pa\u00eds. Dr. L Subramaniam, compositor da \u201cThe Indian Symphony\u201d deve estar presente. O concerto ser\u00e1 no cine Bras\u00edlia. Quem est\u00e1 preparando o coro \u00e9 o maestro Eldom Soares.<\/p>\n<p style=\"font-weight: 400;text-align: justify\"><strong>Sa\u00fade<\/strong><\/p>\n<p style=\"font-weight: 400;text-align: justify\">Trabalho s\u00e9rio desenvolvido com os funcion\u00e1rios da Maternidade no Sudoeste do Hospital Bras\u00edlia. Desde a enfermagem, nutricionistas, pessoal da limpeza. Todos entram no quarto, se identificam, dizem porque est\u00e3o ali. Atendem com respeito e dedica\u00e7\u00e3o. \u00c9 realmente um ganho para os pacientes.<\/p>\n<p style=\"font-weight: 400;text-align: justify\"><strong>Moradia comunit\u00e1ria<\/strong><\/p>\n<p style=\"font-weight: 400;text-align: justify\">Com o envelhecimento da popula\u00e7\u00e3o brasileira h\u00e1 a adapta\u00e7\u00e3o de iniciativas estrangeiras como <em>cohousing<\/em>. Trata-se de uma vila constru\u00edda entre amigos que decidem envelhecer juntos. Uma pesquisa com 200 moradores em <em>cohousing<\/em> mostrou economia de custo por m\u00eas de no m\u00ednimo US $ 200 por fam\u00edlia, chegando em alguns at\u00e9 uma economia de mais de US $ 2.000.<\/p>\n<p style=\"font-weight: 400;text-align: justify\"><strong>HIST\u00d3RIA DE BRAS\u00cdLIA<\/strong><\/p>\n<p style=\"font-weight: 400;text-align: justify\">Dos contribuintes de Institutos em Bras\u00edlia, os que mais sofrem s\u00e3o os do IAPI. T\u00eam que ser atendidos no Hospital da Cidade Livre, e s\u00f3 s\u00e3o aceitos no Distrital quando se trata de caso urgente, e com autoriza\u00e7\u00e3o do hospital do Instituto. <strong>(Publicado em 12.10.1961)<\/strong><\/p>\n","protected":false},"excerpt":{"rendered":"<p>ARI CUNHA Visto, lido e ouvido Desde 1960 colunadoaricunha@gmail.com; com Circe Cunha e Mamfil \u00a0 \u00a0 \u00a0 \u00a0 \u00a0 \u00c9 mais do que sabido que o dinheiro p\u00fablico, de fato, n\u00e3o existe. Ele \u00e9 apenas tomado do contribuinte, que n\u00e3o tem como escapar do le\u00e3o da receita, para os cofres do Estado. Desse ponto escoa para onde os pol\u00edticos, que [&hellip;]<\/p>\n","protected":false},"author":34,"featured_media":9514,"comment_status":"open","ping_status":"open","sticky":false,"template":"","format":"standard","meta":{"footnotes":""},"categories":[23],"tags":[68,69],"class_list":["post-9513","post","type-post","status-publish","format-standard","has-post-thumbnail","hentry","category-integra","tag-aricunha","tag-circecunha"],"_links":{"self":[{"href":"https:\/\/blogs.correiobraziliense.com.br\/aricunha\/wp-json\/wp\/v2\/posts\/9513","targetHints":{"allow":["GET"]}}],"collection":[{"href":"https:\/\/blogs.correiobraziliense.com.br\/aricunha\/wp-json\/wp\/v2\/posts"}],"about":[{"href":"https:\/\/blogs.correiobraziliense.com.br\/aricunha\/wp-json\/wp\/v2\/types\/post"}],"author":[{"embeddable":true,"href":"https:\/\/blogs.correiobraziliense.com.br\/aricunha\/wp-json\/wp\/v2\/users\/34"}],"replies":[{"embeddable":true,"href":"https:\/\/blogs.correiobraziliense.com.br\/aricunha\/wp-json\/wp\/v2\/comments?post=9513"}],"version-history":[{"count":6,"href":"https:\/\/blogs.correiobraziliense.com.br\/aricunha\/wp-json\/wp\/v2\/posts\/9513\/revisions"}],"predecessor-version":[{"id":9522,"href":"https:\/\/blogs.correiobraziliense.com.br\/aricunha\/wp-json\/wp\/v2\/posts\/9513\/revisions\/9522"}],"wp:featuredmedia":[{"embeddable":true,"href":"https:\/\/blogs.correiobraziliense.com.br\/aricunha\/wp-json\/wp\/v2\/media\/9514"}],"wp:attachment":[{"href":"https:\/\/blogs.correiobraziliense.com.br\/aricunha\/wp-json\/wp\/v2\/media?parent=9513"}],"wp:term":[{"taxonomy":"category","embeddable":true,"href":"https:\/\/blogs.correiobraziliense.com.br\/aricunha\/wp-json\/wp\/v2\/categories?post=9513"},{"taxonomy":"post_tag","embeddable":true,"href":"https:\/\/blogs.correiobraziliense.com.br\/aricunha\/wp-json\/wp\/v2\/tags?post=9513"}],"curies":[{"name":"wp","href":"https:\/\/api.w.org\/{rel}","templated":true}]}}