{"id":9450,"date":"2018-01-02T12:00:41","date_gmt":"2018-01-02T14:00:41","guid":{"rendered":"https:\/\/blogs.correiobraziliense.com.br\/aricunha\/?p=9450"},"modified":"2018-01-03T11:19:50","modified_gmt":"2018-01-03T13:19:50","slug":"risco-saude-mundial-brota-do-chao-brasileiro","status":"publish","type":"post","link":"https:\/\/blogs.correiobraziliense.com.br\/aricunha\/risco-saude-mundial-brota-do-chao-brasileiro\/","title":{"rendered":"Risco \u00e0 sa\u00fade mundial brota do ch\u00e3o brasileiro"},"content":{"rendered":"<p>ARI CUNHA<\/p>\n<p>Visto, lido e ouvido<\/p>\n<p>Desde 1960<br \/>\ncolunadoaricunha@gmail.com;<br \/>\ncom Circe Cunha e Mamfil<\/p>\n<figure id=\"attachment_9451\" aria-describedby=\"caption-attachment-9451\" style=\"width: 700px\" class=\"wp-caption aligncenter\"><img loading=\"lazy\" decoding=\"async\" class=\"size-full wp-image-9451\" src=\"https:\/\/blogs.correiobraziliense.com.br\/aricunha\/wp-content\/uploads\/sites\/13\/2018\/01\/bancada-ruralista.gif\" alt=\"Charge: latuffcartoons.wordpress.com\" width=\"700\" height=\"590\" \/><figcaption id=\"caption-attachment-9451\" class=\"wp-caption-text\">Charge: latuffcartoons.wordpress.com<\/figcaption><\/figure>\n<p style=\"text-align: justify\">\u00a0 \u00a0 \u00a0 O ano de 2017, pelo imenso volume de quest\u00f5es que ficaram pendentes, deve prosseguir em 2018, prolongando um ciclo que insiste em n\u00e3o acabar.\u00a0 Por conseguinte, o ano que se inicia \u00e9 novo apenas no calend\u00e1rio e no desejo sincero dos otimistas e brasileiros de boa-f\u00e9. H\u00e1 muito tempo andamos em c\u00edrculos, o que nos obriga a repetir e acumular erros sobre erros. \u00c9 nessa perspectiva, vista pelo espelho retrovisor, que saudamos o ano que come\u00e7ar\u00e1, de fato, s\u00f3 depois do carnaval.<\/p>\n<p style=\"text-align: justify\">\u00a0 \u00a0 \u00a0 Deixando um pouco de lado os aspectos pol\u00edticos e econ\u00f4micos ainda por serem resolvidos neste ano de elei\u00e7\u00f5es, \u00e9 preciso centrar todas as aten\u00e7\u00f5es para um megaproblema que, por suas consequ\u00eancias graves e que j\u00e1 se fazem sentidas, far\u00e1 do Brasil exemplo e modelo a n\u00e3o ser seguido por nenhum outro pa\u00eds do globo, sob pena de vir a comprometer a pr\u00f3pria exist\u00eancia humana sobre o planeta.<\/p>\n<p>Trata-se da agricultura, ou mais precisamente da monocultura de exporta\u00e7\u00f5es (commodities), na qual o pa\u00eds vem se destacando no cen\u00e1rio mundial como uma grande pot\u00eancia. Importante estudo, lan\u00e7ado, no finalzinho de 2017,\u00a0 pela professora e pesquisadora do Departamento de Geografia Agr\u00e1ria da Universidade de S\u00e3o Paulo Larissa Mies Bombardi, intitulado Geografia do Uso de Agrot\u00f3xico no Brasil e Conex\u00f5es com a Uni\u00e3o Europeia, tra\u00e7a um quadro assustador do agroneg\u00f3cio no Brasil e as s\u00e9rias consequ\u00eancias da atividade para o futuro do pa\u00eds.<\/p>\n<p>Na avalia\u00e7\u00e3o da pesquisadora, a quest\u00e3o do agroneg\u00f3cio tomou tamanha import\u00e2ncia, a partir do in\u00edcio do s\u00e9culo 21, que levou o governo a privilegiar os aspectos econ\u00f4micos sobre quaisquer outros, inclusive sobre a quest\u00e3o da sa\u00fade humana e ambiental. Analisando a pauta de exporta\u00e7\u00f5es do pa\u00eds dos \u00faltimos anos, d\u00e1 para sentir bem esse fen\u00f4meno. Segundo ela, at\u00e9 o in\u00edcio do ano 2000, havia uma preponder\u00e2ncia nas exporta\u00e7\u00f5es de produtos manufaturados sobre os produtos prim\u00e1rios.<\/p>\n<p>A partir de 2009, essa situa\u00e7\u00e3o se inverteu, com os produtos prim\u00e1rios ganhando cada vez mais destaque em nossas exporta\u00e7\u00f5es. Para se ter uma ideia, hoje o Brasil tem, apenas com rela\u00e7\u00e3o ao plantio de soja, uma commodity, uma \u00e1rea de plantio quatro vezes maior do que o territ\u00f3rio de Portugal.<\/p>\n<p>Temos, nesse caso, pautado toda a nossa exporta\u00e7\u00e3o apenas no agroneg\u00f3cio, que tem como pilares principais subst\u00e2ncias qu\u00edmicas na forma de fertilizantes, defensivos agr\u00edcolas ou agrot\u00f3xicos, importados em enormes quantidades e usados de forma absolutamente irrespons\u00e1vel. Isso ocorre porque nossa legisla\u00e7\u00e3o tem sido permissiva, gra\u00e7as, em grande parte, ao poderoso e eficaz lobby da bancada do agroneg\u00f3cio com assento no parlamento, avesso a qualquer discuss\u00e3o sobre meio ambiente, agricultura familiar e outros assuntos contr\u00e1rios \u00e0 economia assentada apenas no lucro a qualquer pre\u00e7o.<\/p>\n<p>O que decorre dessa prioridade que visa apenas a renda dos grandes produtores \u00e9 que temos reduzido significativamente a produ\u00e7\u00e3o e diversifica\u00e7\u00e3o de alimentos para a popula\u00e7\u00e3o. N\u00e3o \u00e9 por outro motivo que, quando uma dona de casa brasileira vai ao supermercado ou \u00e0 feira, acaba se deparando com produtos, de origem animal ou vegetal, com pre\u00e7os muito acima dos praticados em outras partes do mundo, isso num pa\u00eds em que o governo alardeia como sendo o celeiro do mundo.<\/p>\n<p>Essa balela de que o Brasil produz alimentos para todo o mundo esconde uma realidade que est\u00e1, de fato, envenenando a popula\u00e7\u00e3o, a terra, os rios, matando animais, expulsando comunidades inteiras de suas terras e, a longo prazo, tornando inf\u00e9rteis e \u00e1ridas enormes extens\u00f5es do territ\u00f3rio nacional. Soja, milho, cana-de-a\u00e7\u00facar, eucalipto e outras commodities voltadas exclusivamente para o mercado externo, dentro da vis\u00e3o atual da divis\u00e3o internacional do trabalho, favorecida pela globaliza\u00e7\u00e3o da economia, e que obriga o pa\u00eds a se manter como produtor de g\u00eaneros b\u00e1sicos a um custo alt\u00edssimo.<\/p>\n<p>Nesse contexto perverso, as ind\u00fastrias transnacionais que produzem os componentes qu\u00edmicos e, principalmente, sementes geneticamente modificadas, aproveitam-se enormemente de pa\u00edses, normalmente agroexportadores e do terceiro mundo, onde a legisla\u00e7\u00e3o \u00e9 sempre permissiva e leniente com esses venenos modernos.<\/p>\n<p><strong>A frase que foi pronunciada<\/strong><strong><em><br \/>\n<\/em><\/strong><em>\u201cComo seriam venturosos\u00a0os agricultores se\u00a0conhecessem os seus bens!\u201d<\/em><\/p>\n<p style=\"text-align: justify\">Virg\u00edlio<strong><br \/>\n<\/strong><\/p>\n<p style=\"text-align: justify\"><strong><br \/>\nInteressante<\/strong><br \/>\nSe o desemprego est\u00e1 ruim no Brasil, h\u00e1 cinco p\u00e1ginas na internet\u00a0 de empregos dispon\u00edveis em uma pequena cidade da Calif\u00f3rnia, onde a l\u00edngua portuguesa \u00e9 exigida. A maioria \u00e9 para esteticistas.<\/p>\n<p style=\"text-align: justify\"><strong>S\u00f3 eles<\/strong><br \/>\nEra o Pel\u00e9, depois Ronaldo e agora Neymar. Assim o Brasil \u00e9 conhecido no exterior.<\/p>\n<p style=\"text-align: justify\"><strong>Maconha<\/strong><br \/>\nOntem a maconha foi liberada na Calif\u00f3rnia. A popula\u00e7\u00e3o aprovou a libera\u00e7\u00e3o em uma consulta governamental em 2016. A regra \u00e9 parecida com a venda de \u00e1lcool, ou seja, permitida apenas para maiores de 21 anos. Outra curiosidade \u00e9 que cada pessoa pode cultivar at\u00e9 6 p\u00e9s de canabis em casa e portar no m\u00e1ximo 28,3 gramas.<\/p>\n<p><strong>Hist\u00f3ria de Bras\u00edlia<\/strong><br \/>\nNenhuma administra\u00e7\u00e3o da Prefeitura ou da Novacap p\u00f4de prescindir, at\u00e9 o presente momento, do trabalho do sr. Vasco Viana de Andrade. T\u00e9cnico competente, organizado e trabalhador, \u00e9 respons\u00e1vel pelo maior volume de obras do Distrito Federal, sendo o seu departamento estruturado com uma das melhores equipes j\u00e1 formadas no Brasil. (<strong>Publicado em 11\/10\/1961<\/strong>)<\/p>\n","protected":false},"excerpt":{"rendered":"<p>ARI CUNHA Visto, lido e ouvido Desde 1960 colunadoaricunha@gmail.com; com Circe Cunha e Mamfil \u00a0 \u00a0 \u00a0 O ano de 2017, pelo imenso volume de quest\u00f5es que ficaram pendentes, deve prosseguir em 2018, prolongando um ciclo que insiste em n\u00e3o acabar.\u00a0 Por conseguinte, o ano que se inicia \u00e9 novo apenas no calend\u00e1rio e no desejo sincero dos otimistas e [&hellip;]<\/p>\n","protected":false},"author":34,"featured_media":9451,"comment_status":"open","ping_status":"open","sticky":false,"template":"","format":"standard","meta":{"footnotes":""},"categories":[23],"tags":[68,69],"class_list":["post-9450","post","type-post","status-publish","format-standard","has-post-thumbnail","hentry","category-integra","tag-aricunha","tag-circecunha"],"_links":{"self":[{"href":"https:\/\/blogs.correiobraziliense.com.br\/aricunha\/wp-json\/wp\/v2\/posts\/9450","targetHints":{"allow":["GET"]}}],"collection":[{"href":"https:\/\/blogs.correiobraziliense.com.br\/aricunha\/wp-json\/wp\/v2\/posts"}],"about":[{"href":"https:\/\/blogs.correiobraziliense.com.br\/aricunha\/wp-json\/wp\/v2\/types\/post"}],"author":[{"embeddable":true,"href":"https:\/\/blogs.correiobraziliense.com.br\/aricunha\/wp-json\/wp\/v2\/users\/34"}],"replies":[{"embeddable":true,"href":"https:\/\/blogs.correiobraziliense.com.br\/aricunha\/wp-json\/wp\/v2\/comments?post=9450"}],"version-history":[{"count":3,"href":"https:\/\/blogs.correiobraziliense.com.br\/aricunha\/wp-json\/wp\/v2\/posts\/9450\/revisions"}],"predecessor-version":[{"id":9458,"href":"https:\/\/blogs.correiobraziliense.com.br\/aricunha\/wp-json\/wp\/v2\/posts\/9450\/revisions\/9458"}],"wp:featuredmedia":[{"embeddable":true,"href":"https:\/\/blogs.correiobraziliense.com.br\/aricunha\/wp-json\/wp\/v2\/media\/9451"}],"wp:attachment":[{"href":"https:\/\/blogs.correiobraziliense.com.br\/aricunha\/wp-json\/wp\/v2\/media?parent=9450"}],"wp:term":[{"taxonomy":"category","embeddable":true,"href":"https:\/\/blogs.correiobraziliense.com.br\/aricunha\/wp-json\/wp\/v2\/categories?post=9450"},{"taxonomy":"post_tag","embeddable":true,"href":"https:\/\/blogs.correiobraziliense.com.br\/aricunha\/wp-json\/wp\/v2\/tags?post=9450"}],"curies":[{"name":"wp","href":"https:\/\/api.w.org\/{rel}","templated":true}]}}