{"id":9308,"date":"2017-12-17T08:01:57","date_gmt":"2017-12-17T10:01:57","guid":{"rendered":"https:\/\/blogs.correiobraziliense.com.br\/aricunha\/?p=9308"},"modified":"2017-12-20T10:02:35","modified_gmt":"2017-12-20T12:02:35","slug":"no-lugar-certo-no-momento-certo","status":"publish","type":"post","link":"https:\/\/blogs.correiobraziliense.com.br\/aricunha\/no-lugar-certo-no-momento-certo\/","title":{"rendered":"\u00a0  No lugar certo, no momento certo"},"content":{"rendered":"<p class=\"m_-1285228668186582243gmail-MsoNormal\"><i>Desde 1960<\/i><\/p>\n<p class=\"m_-1285228668186582243gmail-MsoNormal\"><a href=\"mailto:colunadoaricunha@gmail.com\" target=\"_blank\"><i>colunadoaricunha@gmail.com<\/i><\/a><i>;<\/i><\/p>\n<p class=\"m_-1285228668186582243gmail-MsoNormal\"><i>com Circe Cunha\u00a0 e Mamfil<\/i><\/p>\n<p class=\"m_-1285228668186582243gmail-MsoNormal\">\n<p class=\"m_-1285228668186582243gmail-MsoNormal\"><b>Eun\u00edcio Oliveira<\/b>\u00a0vem conseguindo no Senado uma fa\u00e7anha, h\u00e1 muito tempo, n\u00e3o alcan\u00e7ada por outros dirigentes pol\u00edticos: a unanimidade de apoio e de respeito n\u00e3o s\u00f3 dos demais senadores, mas de toda a classe pol\u00edtica e de todos aqueles que o conhecem de perto. Em tempos conturbados, de acirramento dos \u00e2nimos, de manique\u00edsmos e de disc\u00f3rdias de toda ordem, em que a maioria dos pol\u00edticos n\u00e3o \u00e9 vista com bons olhos pela popula\u00e7\u00e3o em geral, esse cearense, de Larvas da Mangabeira no Cariri, chegou \u00e0 Presid\u00eancia do Senado de mansinho, sem estardalha\u00e7o, em meio a maior crise pol\u00edtica da hist\u00f3ria recente do pa\u00eds. Avesso a confus\u00f5es, Eun\u00edcio, como se diz l\u00e1 no Cear\u00e1, n\u00e3o \u00e9 de \u201cbotar buneco\u201d. Pelo contr\u00e1rio, \u00e9, justamente, pelo seu temperamento cordial e conciliador, com tra\u00e7os daquela diplomacia t\u00edpica dos cearenses de boa cepa, que Eun\u00edcio Oliveira tem angariado a aquiesc\u00eancia de seus pares, mesmo nos momentos mais dif\u00edceis durante as vota\u00e7\u00f5es mais complicadas.<\/p>\n<p class=\"m_-1285228668186582243gmail-MsoNormal\">Ao fazer um balan\u00e7o de sua gest\u00e3o em 2017 \u00e0 frente do Senado, Eun\u00edcio Oliveira afirmou que, ao longo do ano, sempre buscou imprimir nos trabalhos a marca do di\u00e1logo, da participa\u00e7\u00e3o coletiva e dos resultados. \u201cN\u00e3o me preocupa a quantidade, mas, sim, a qualidade do que fazemos. Mas \u00e9 cab\u00edvel o breve registro de que o n\u00famero de mat\u00e9rias apreciadas em 2017 foi o maior de toda a d\u00e9cada. At\u00e9 ontem, o Plen\u00e1rio tinha votado 261 proposi\u00e7\u00f5es, entre projetos de lei, medidas provis\u00f3rias, projetos de resolu\u00e7\u00e3o e propostas de emendas \u00e0 Constitui\u00e7\u00e3o, afirmou o senador, lembrando que esse foi o ano em que foram votadas mat\u00e9rias como as reformas trabalhistas e pol\u00edticas, al\u00e9m de medidas como a que permitiu a continuidade dos saques das contas inativas do FGTS, entre outras de igual import\u00e2ncia.<\/p>\n<p class=\"m_-1285228668186582243gmail-MsoNormal\">Eun\u00edcio destacou o resultado de medidas administrativas tomadas durante sua gest\u00e3o, que resultaram na devolu\u00e7\u00e3o de R$ 203 milh\u00f5es aos cofres p\u00fablicos. Com rela\u00e7\u00e3o aos outros poderes da Rep\u00fablica, o presidente do Senado lembrou que este foi um ano em que se empenhou para manter o saud\u00e1vel equil\u00edbrio entre as institui\u00e7\u00f5es, de forma que o Senado Federal fosse respeitado e ouvido pela Presid\u00eancia da Rep\u00fablica, pela C\u00e2mara dos Deputados, pelo Supremo Tribunal Federal e pelo Minist\u00e9rio P\u00fablico.<\/p>\n<p class=\"m_-1285228668186582243gmail-MsoNormal\">Lembrou ainda que, em 2017, n\u00e3o foram poucos os momentos com potencial de crise a explodir na rela\u00e7\u00e3o entre os poderes, mas, em todos os momentos, o Senado soube tomar as decis\u00f5es mais adequadas ao interesse p\u00fablico nacional. Com rela\u00e7\u00e3o \u00e0 economia de gastos do Senado da ordem de R$ 203 milh\u00f5es, o presidente fez um apelo aos ministros do Planejamento e da Fazenda que utilizem esses recursos n\u00e3o para compor o superavit fiscal, mas como aporte extra para as \u00e1reas de seguran\u00e7a p\u00fablica, sa\u00fade e educa\u00e7\u00e3o.<\/p>\n<p class=\"m_-1285228668186582243gmail-MsoNormal\">Mesmo a oposi\u00e7\u00e3o, que nesses anos de radicaliza\u00e7\u00e3o e de antagonismos tem se comportado de maneira mais irritadi\u00e7a que o habitual, reconheceu que sob a lideran\u00e7a de Eun\u00edcio Oliveira, os trabalhos da Casa t\u00eam se desenrolado de maneira mais amena poss\u00edvel. O senador Randolfe Rodrigues frisou as boas rela\u00e7\u00f5es entre a Mesa e os demais senadores. \u201cEu tenho de fazer o testemunho tamb\u00e9m da rela\u00e7\u00e3o franca e cordial que tenho mantido com V. Ex\u00aa que tem, no meu sentir, separado o que \u00e9 a rela\u00e7\u00e3o cordial, franca com os colegas senadores da rela\u00e7\u00e3o tamb\u00e9m franca e sincera que \u00e9 necess\u00e1rio ter com as diferentes correntes pol\u00edticas aqui desta Casa\u201d, avaliou.<\/p>\n<p class=\"m_-1285228668186582243gmail-MsoNormal\">Para o senador Magno Malta, Eun\u00edcio Oliveira tem um estilo pr\u00f3prio e direto e tem se mostrado uma pessoa de trato. \u201cSe n\u00e3o pudermos relacionar todas as atitudes que envolvem as virtudes de V. Ex\u00aa, essa atitude de economia e de devolver aos cofres p\u00fablicos dinheiro para a sa\u00fade, a educa\u00e7\u00e3o e a seguran\u00e7a p\u00fablica certamente merece o aplauso que V. Ex\u00aa recebeu nesta Casa, quando anunciou essa devolu\u00e7\u00e3o, essa economia feita pelo seu instinto sens\u00edvel \u00e0 causa p\u00fablica do Brasil\u201d, ressaltou.<\/p>\n<p class=\"m_-1285228668186582243gmail-MsoNormal\">Para Lindbergh Farias, Eun\u00edcio Oliveira tem sido um presidente cuja marca principal \u00e9 a humildade e o reconhecimento dos erros. \u201cA sua fala leva todos a fazer reflex\u00f5es sobre sua conduta de humildade\u201d, salientou o senador petista. Tamb\u00e9m a senadora Rose de Freitas (PMDB-ES) destacou a atitude do presidente da Casa em devolver \u00e0 Uni\u00e3o parte dos recursos destinados ao Senado. \u201cA atitude que V. Ex\u00aa teve hoje, emblematicamente, para mim, brasileira, que tenho um olhar focado numa dire\u00e7\u00e3o e \u00e9 na dire\u00e7\u00e3o daqueles que precisam mais de mim, aqueles que menos t\u00eam, aqueles que menos s\u00e3o ouvidos, aqueles cujas pol\u00edticas demoradamente lhes chegam\u201d.<\/p>\n<p class=\"m_-1285228668186582243gmail-MsoNormal\">No fim da sess\u00e3o, o presidente Eun\u00edcio confessou que estava com pressa naquele momento. \u201cEu n\u00e3o tenho mais tempo, sen\u00e3o, eu perco o voo e n\u00e3o recebo uma comenda que eu tenho de receber, honrosamente, como Homem do Ano no meu Estado.\u201d Quem o conhece sabe que estava preocupado em chegar na hora para n\u00e3o deixar as pessoas esperando.<\/p>\n<p class=\"m_-1285228668186582243gmail-MsoNormal\">\n<p class=\"m_-1285228668186582243gmail-MsoNormal\"><b>A frase que foi pronunciada<\/b><\/p>\n<p class=\"m_-1285228668186582243gmail-MsoNormal\"><i>&#8220;Sert\u00e3o \u00e9 onde o pensamento da gente se forma mais forte do que o lugar. Viver \u00e9 muito perigoso&#8230;&#8221;<\/i><\/p>\n<p class=\"m_-1285228668186582243gmail-MsoNormal\">Guimar\u00e3es Rosa<\/p>\n<p class=\"m_-1285228668186582243gmail-MsoNormal\">\n<p class=\"m_-1285228668186582243gmail-MsoNormal\"><b>Coisa mais linda<\/b><\/p>\n<p class=\"m_-1285228668186582243gmail-MsoNormal\">\u00bb Eduardo Ravi \u00e9 daqueles primos que nos ensinam a viver a vida da forma mais verdadeira que h\u00e1. Quando o filhinho perguntou: \u201cPapai, o papai-noel existe?\u201d \u201cN\u00e3o, filho, ele \u00e9 um personagem que os donos das lojas inventaram para vender mais brinquedos. O Natal de verdade \u00e9 o anivers\u00e1rio daquele cara legal que eu te falei, Jesus\u201d.<\/p>\n<p class=\"m_-1285228668186582243gmail-MsoNormal\">\n<p class=\"m_-1285228668186582243gmail-MsoNormal\"><b>Rumos do pa\u00eds<\/b><\/p>\n<p class=\"m_-1285228668186582243gmail-MsoNormal\">\u00bb Nesta ter\u00e7a-feira, das 9h30 at\u00e9 as 14h, o Correio Braziliense recebe a comunidade de Bras\u00edlia para o evento \u201cCorreio Debate\u201d. Inscri\u00e7\u00f5es gratuitas e vagas limitadas.<\/p>\n<p class=\"m_-1285228668186582243gmail-MsoNormal\">A abertura ser\u00e1 com o presidente do Banco Central, Ilan Goldfajn. O ministro do Planejamento, Dyogo Oliveira, ter\u00e1 a palavra \u00e0s 10h30. Convidado especial, o ministro Henrique Meireles tratar\u00e1 da prospec\u00e7\u00e3o econ\u00f4mica para 2018. O presidente Temer encerrar\u00e1 o evento.<\/p>\n<p class=\"m_-1285228668186582243gmail-MsoNormal\">\n<p class=\"m_-1285228668186582243gmail-MsoNormal\"><b>Hist\u00f3ria de Bras\u00edlia<\/b><\/p>\n<p class=\"m_-1285228668186582243gmail-MsoNormal\">O sr. Diogo Lordello de Mello ser\u00e1, na ONU, redator de um estudo sobre a administra\u00e7\u00e3o municipal. \u00c9 uma distin\u00e7\u00e3o para o Brasil, que est\u00e1 amea\u00e7ada pelo pr\u00f3prio governo, que est\u00e1 demorando muito a nomear o substituto do atual prefeito de Bras\u00edlia. (Publicado em 10\/10\/1961)<\/p>\n","protected":false},"excerpt":{"rendered":"<p>Desde 1960 colunadoaricunha@gmail.com; com Circe Cunha\u00a0 e Mamfil Eun\u00edcio Oliveira\u00a0vem conseguindo no Senado uma fa\u00e7anha, h\u00e1 muito tempo, n\u00e3o alcan\u00e7ada por outros dirigentes pol\u00edticos: a unanimidade de apoio e de respeito n\u00e3o s\u00f3 dos demais senadores, mas de toda a classe pol\u00edtica e de todos aqueles que o conhecem de perto. Em tempos conturbados, de acirramento dos \u00e2nimos, de manique\u00edsmos [&hellip;]<\/p>\n","protected":false},"author":34,"featured_media":0,"comment_status":"closed","ping_status":"closed","sticky":false,"template":"","format":"standard","meta":{"footnotes":""},"categories":[23],"tags":[32],"class_list":["post-9308","post","type-post","status-publish","format-standard","hentry","category-integra","tag-politica-brasil-brasilia-mamfil-ari-cunha-circe-cunha"],"_links":{"self":[{"href":"https:\/\/blogs.correiobraziliense.com.br\/aricunha\/wp-json\/wp\/v2\/posts\/9308","targetHints":{"allow":["GET"]}}],"collection":[{"href":"https:\/\/blogs.correiobraziliense.com.br\/aricunha\/wp-json\/wp\/v2\/posts"}],"about":[{"href":"https:\/\/blogs.correiobraziliense.com.br\/aricunha\/wp-json\/wp\/v2\/types\/post"}],"author":[{"embeddable":true,"href":"https:\/\/blogs.correiobraziliense.com.br\/aricunha\/wp-json\/wp\/v2\/users\/34"}],"replies":[{"embeddable":true,"href":"https:\/\/blogs.correiobraziliense.com.br\/aricunha\/wp-json\/wp\/v2\/comments?post=9308"}],"version-history":[{"count":1,"href":"https:\/\/blogs.correiobraziliense.com.br\/aricunha\/wp-json\/wp\/v2\/posts\/9308\/revisions"}],"predecessor-version":[{"id":9309,"href":"https:\/\/blogs.correiobraziliense.com.br\/aricunha\/wp-json\/wp\/v2\/posts\/9308\/revisions\/9309"}],"wp:attachment":[{"href":"https:\/\/blogs.correiobraziliense.com.br\/aricunha\/wp-json\/wp\/v2\/media?parent=9308"}],"wp:term":[{"taxonomy":"category","embeddable":true,"href":"https:\/\/blogs.correiobraziliense.com.br\/aricunha\/wp-json\/wp\/v2\/categories?post=9308"},{"taxonomy":"post_tag","embeddable":true,"href":"https:\/\/blogs.correiobraziliense.com.br\/aricunha\/wp-json\/wp\/v2\/tags?post=9308"}],"curies":[{"name":"wp","href":"https:\/\/api.w.org\/{rel}","templated":true}]}}