{"id":9258,"date":"2017-12-06T02:05:38","date_gmt":"2017-12-06T04:05:38","guid":{"rendered":"https:\/\/blogs.correiobraziliense.com.br\/aricunha\/?p=9258"},"modified":"2017-12-06T09:07:10","modified_gmt":"2017-12-06T11:07:10","slug":"brasil-lidera-ranking-de-mortes-de-ativistas","status":"publish","type":"post","link":"https:\/\/blogs.correiobraziliense.com.br\/aricunha\/brasil-lidera-ranking-de-mortes-de-ativistas\/","title":{"rendered":"Brasil lidera ranking de mortes de ativistas"},"content":{"rendered":"<p>ARI CUNHA<br \/>\nVisto, lido e ouvido<\/p>\n<p>            Relat\u00f3rio intitulado Ataques letais evit\u00e1veis: Assassinatos e Desaparecimentos For\u00e7ados daqueles que Defendem os Direitos Humanos, divulgado a pouco pela Anistia Internacional confirma o que a imprensa e a m\u00eddia nacional vem divulgando diariamente: O Brasil, \u00e9 no Continente, o pa\u00eds com maior n\u00famero de assassinatos de defensores de direitos humanos.<br \/>\n            Em 2017 , 66 pessoas foram assassinadas no pa\u00eds por defender seus direitos e de suas comunidades. Pelas estimativas colhidas at\u00e9 agora, o ano de 2018 dever\u00e1 ser ainda pior, com mais mortes e o que \u00e9 pior, com a impunidade de sempre. Segundo a Anistia Internacional, o aumento nos casos de mortes dessas pessoas pode ser reflexo do desmonte do Programa Nacional de Prote\u00e7\u00e3o a Defensores dos Direitos Humanos ou a falta de interesse das autoridades em investigar esses casos. Essa pouca vontade em perseguir e prender os assassinos se deve, para muitos, pelo fato de que por detr\u00e1s desses crimes, geralmente est\u00e3o pessoas poderosas e influentes, que n\u00e3o se acanham em mandar executar qualquer um que contrarie seus neg\u00f3cios.<br \/>\n            Para um pa\u00eds que registra mais de sete mortes violentas por hora e que lidera o ranking neste quesito, com quase 62 mil mortes em 2016, n\u00e3o chega ser surpreendente. O que mais chama a aten\u00e7\u00e3o no caso dos ativistas dos direitos humanos \u00e9 que para esses casos, estranhamente a rea\u00e7\u00e3o das autoridades \u00e9 de indiferen\u00e7a , com pouco casos resolvidos e sem o enfrentamento que o problema exige.<br \/>\n            \u201c\u00c9 fundamental que o Estado brasileiro reconhe\u00e7a que se mobilizar para defender direitos tamb\u00e9m \u00e9 um direito humano e que implemente pol\u00edticas concretas para garantir a prote\u00e7\u00e3o dos defensores de direitos humanos,\u201d afirma Renata Neder, coordenadora de pesquisa e pol\u00edticas da Anistia Internacional no Brasil.<br \/>\n            Em 1998 a Assembleia Geral da ONU aprovou a Declara\u00e7\u00e3o sobre Defensores de Direitos Humanos, no qual o Brasil e outros pa\u00edses se comprometeram a empreender esfor\u00e7os para evitar este tipo que crime que atinge indistintamente jornalistas, profissionais da lei, sindicalistas, ambientalistas, povos ind\u00edgenas, defensores da liberdade de g\u00eanero entre outros. \u201cEmbora os motivos por tr\u00e1s desses ataques possam variar, o que \u00e9 comum a todos \u00e9 o desejo de silenciar qualquer pessoa que se manifeste contra a injusti\u00e7a ou desafie interesses poderosos. Este silenciamento tem um efeito cascata na comunidade em geral, criando um ciclo de medo e minando os direitos de todos\u201d, disse Guadalupe Marengo, coordenadora do Programa Global de Defensores de Direitos Humanos da Anistia Internacional,<br \/>\n            Para muitos especialistas no assunto, o pouco caso das autoridades em apurar esses crimes e responsabilizar os criminosos, cria , al\u00e9m de um clima de impunidade, um sentimento de que esses ativistas podem ser atacados sem maiores consequ\u00eancias. Para reverter essa hist\u00f3ria perigosa, os Estados precisam reconhecer publicamente o papel fundamental desempenhado pelos defensores dos direitos humanos. \u00c9 nosso dever para com todos aqueles que defenderam valentemente nossos direitos \u00e0 custa de suas vidas para proteger aqueles que continuam com seu trabalho vital , diz a nota da Anistia Internacional.<\/p>\n<p><strong>A frase que foi pronunciada:<\/strong><br \/>\n\u201cAprendi a respeitar as ideias alheias, a deter-me diante do segredo de cada consci\u00eancia, a compreender antes de discutir e a discutir antes de condenar. E a detestar fan\u00e1ticos com todas as minhas for\u00e7as&#8221;<br \/>\nO cientista pol\u00edtico italiano Norberto Bobbio contando sobre a maior li\u00e7\u00e3o de sua vida.<\/p>\n<p><strong>Mosca azul<\/strong><br \/>\nBras\u00edlia \u00e9 assim. Voc\u00ea s\u00f3 v\u00ea assessor dar carteirada para fazer o que n\u00e3o deve. Ningu\u00e9m for\u00e7a a entrada em um hospital para ser volunt\u00e1rio ou faz quest\u00e3o de pagar jantar para os mendigos da cidade. Pelo contr\u00e1rio. Deu vontade de derrubar \u00e1rvores que levaram d\u00e9cadas para crescer porque sou assessor direto do presidente Michel Temer.<\/p>\n<p><strong>Derruba<\/strong><br \/>\n\u00c9 o que est\u00e1 acontecendo na SQN 216 com o s\u00edndico Luciano de Almeida. Certamente deve ser um homem de muitas qualidades mas os moradores n\u00e3o concordam com o crime ambiental que pretende fazer. Vai cortar as \u00e1rvores na lateral do pr\u00e9dio para viabilizar um projeto paisag\u00edstico. Diga-se de passagem que o projeto foi aprovado em assembleia. Funciona assim. Os inquilinos n\u00e3o votam, s\u00f3 os propriet\u00e1rios que geralmente repassam os direitos de votar para qualquer um sem tomar conhecimento das decis\u00f5es.<\/p>\n<p><strong>Sem documento<\/strong><br \/>\nO argumento \u00e9 que as \u00e1rvores est\u00e3o condenadas, mas n\u00e3o h\u00e1 laudos para comprovar. O s\u00edndico tem sido questionado diariamente no livro de ocorr\u00eancias, mas parece n\u00e3o dar import\u00e2ncia. O certo \u00e9 que o laudo n\u00e3o existe.<br \/>\n<strong><br \/>\nLembran\u00e7as<\/strong><br \/>\nMuitas vezes repetiu aos moradores que \u00e9 assessor do gabinete pessoal de Michel Temer. Na verdade ele n\u00e3o \u00e9 assessor coisa nenhuma. Ele apenas est\u00e1 assessor. E deveria pensar em plantar mais \u00e1rvores al\u00e9m das que emolduram seu pr\u00e9dio. Para quando deixar de estar assessor, olhar para tr\u00e1s e ver como aproveitou a oportunidade que teve para fazer o bem \u00e0 comunidade. Tanta preocupa\u00e7\u00e3o para o presidente da Rep\u00fablica e seu assessor brigando com os vizinhos.<\/p>\n","protected":false},"excerpt":{"rendered":"<p>ARI CUNHA Visto, lido e ouvido Relat\u00f3rio intitulado Ataques letais evit\u00e1veis: Assassinatos e Desaparecimentos For\u00e7ados daqueles que Defendem os Direitos Humanos, divulgado a pouco pela Anistia Internacional confirma o que a imprensa e a m\u00eddia nacional vem divulgando diariamente: O Brasil, \u00e9 no Continente, o pa\u00eds com maior n\u00famero de assassinatos de defensores de direitos humanos. Em 2017 , 66 [&hellip;]<\/p>\n","protected":false},"author":34,"featured_media":0,"comment_status":"closed","ping_status":"closed","sticky":false,"template":"","format":"standard","meta":{"footnotes":""},"categories":[23],"tags":[32],"class_list":["post-9258","post","type-post","status-publish","format-standard","hentry","category-integra","tag-politica-brasil-brasilia-mamfil-ari-cunha-circe-cunha"],"_links":{"self":[{"href":"https:\/\/blogs.correiobraziliense.com.br\/aricunha\/wp-json\/wp\/v2\/posts\/9258","targetHints":{"allow":["GET"]}}],"collection":[{"href":"https:\/\/blogs.correiobraziliense.com.br\/aricunha\/wp-json\/wp\/v2\/posts"}],"about":[{"href":"https:\/\/blogs.correiobraziliense.com.br\/aricunha\/wp-json\/wp\/v2\/types\/post"}],"author":[{"embeddable":true,"href":"https:\/\/blogs.correiobraziliense.com.br\/aricunha\/wp-json\/wp\/v2\/users\/34"}],"replies":[{"embeddable":true,"href":"https:\/\/blogs.correiobraziliense.com.br\/aricunha\/wp-json\/wp\/v2\/comments?post=9258"}],"version-history":[{"count":1,"href":"https:\/\/blogs.correiobraziliense.com.br\/aricunha\/wp-json\/wp\/v2\/posts\/9258\/revisions"}],"predecessor-version":[{"id":9260,"href":"https:\/\/blogs.correiobraziliense.com.br\/aricunha\/wp-json\/wp\/v2\/posts\/9258\/revisions\/9260"}],"wp:attachment":[{"href":"https:\/\/blogs.correiobraziliense.com.br\/aricunha\/wp-json\/wp\/v2\/media?parent=9258"}],"wp:term":[{"taxonomy":"category","embeddable":true,"href":"https:\/\/blogs.correiobraziliense.com.br\/aricunha\/wp-json\/wp\/v2\/categories?post=9258"},{"taxonomy":"post_tag","embeddable":true,"href":"https:\/\/blogs.correiobraziliense.com.br\/aricunha\/wp-json\/wp\/v2\/tags?post=9258"}],"curies":[{"name":"wp","href":"https:\/\/api.w.org\/{rel}","templated":true}]}}