{"id":9251,"date":"2017-12-02T06:48:51","date_gmt":"2017-12-02T08:48:51","guid":{"rendered":"https:\/\/blogs.correiobraziliense.com.br\/aricunha\/?p=9251"},"modified":"2017-12-04T06:49:32","modified_gmt":"2017-12-04T08:49:32","slug":"grandes-cidades-grandes-problemas","status":"publish","type":"post","link":"https:\/\/blogs.correiobraziliense.com.br\/aricunha\/grandes-cidades-grandes-problemas\/","title":{"rendered":"Grandes cidades, grandes problemas"},"content":{"rendered":"<p>Desde 1960<br \/>\ncolunadoaricunha@gmail.com;<br \/>\ncom Circe Cunha  e Mamfil<\/p>\n<p>Considerado o quarto pa\u00eds mais desigual da Am\u00e9rica Latina no quesito distribui\u00e7\u00e3o de renda, segundo estudo da ONU-Habitat, o Estado brasileiro mant\u00e9m d\u00e9bito hist\u00f3rico com os seus cidad\u00e3os tamb\u00e9m com rela\u00e7\u00e3o ao acesso a bens e servi\u00e7os, como educa\u00e7\u00e3o e sa\u00fade, oportunidades de trabalho, transporte, seguran\u00e7a, justi\u00e7a e uma infinidade de outros direitos sociais garantidos pela Constitui\u00e7\u00e3o, e pelos quais a popula\u00e7\u00e3o paga, em forma de alt\u00edssimos impostos, mas nunca usufruiu.<br \/>\nDos 124 milh\u00f5es de pessoas vivendo em estado de pobreza, espalhados pela Am\u00e9rica Latina, 37 milh\u00f5es est\u00e3o no Brasil, principalmente habitando, em condi\u00e7\u00f5es sub-humanas, as periferias das principais metr\u00f3poles do pa\u00eds, fazendo com que essas cidades, apenas nos \u00faltimos 50 anos, apresentassem um crescimento cont\u00ednuo e desordenado, englobando munic\u00edpios no entorno, num processo de conurba\u00e7\u00e3o surreal, que resultou num caos de dif\u00edcil solu\u00e7\u00e3o a curto e m\u00e9dio prazos.<br \/>\nSegundo c\u00e1lculos da ONU, at\u00e9 2020, o percentual de pessoas morando em nossas cidades atingir\u00e1 a marca de 90%. Com tal concentra\u00e7\u00e3o de brasileiros vivendo quase que, exclusivamente, nas grandes metr\u00f3poles, os problemas crescer\u00e3o na mesma propor\u00e7\u00e3o, transformando nossas capitais em \u00e1reas de dif\u00edcil administra\u00e7\u00e3o.<br \/>\nEsse processo de urbaniza\u00e7\u00e3o irracional e ligeiro vai requer provid\u00eancias cada vez mais urgentes e volumosas, mas que, ainda assim, se mostrar\u00e3o incapazes de conter um processo que parece caminhar a passos largos para o colapso total. Obviamente, megal\u00f3poles, por seu porte e complexidade, demandar\u00e3o provid\u00eancias sempre de igual tamanho.<br \/>\nO problema adquire dimens\u00e3o maior ainda quando se percebe que as provid\u00eancias para deter, ou pelo menos minorar, o processo de agigantamento urbano ainda n\u00e3o tiveram in\u00edcio e v\u00e3o sendo legadas \u00e0s futuras administra\u00e7\u00f5es, como se o problema n\u00e3o fosse de cada governo que assume e que exige medidas permanentes e de longo prazo. Esse talvez seja um dos maiores desafios que o Brasil tem pela frente neste s\u00e9culo, lembrando que pelo menos duas d\u00e9cadas j\u00e1 foram praticamente desperdi\u00e7adas.<br \/>\nEm rela\u00e7\u00e3o ao restante do continente, o Brasil \u00e9 o quarto pa\u00eds mais desigual, em compara\u00e7\u00e3o com o planeta, ficamos em d\u00e9cimo lugar, segundo Relat\u00f3rio de Desenvolvimento Humano (RDH), elaborado pelas Na\u00e7\u00f5es Unidas, de acordo com o chamado \u00cdndice Gini, que calcula a disparidade de renda. Nesse quadro, a desigualdade social \u00e9 que mais chama a aten\u00e7\u00e3o dos pesquisadores. A quest\u00e3o fica posta da seguinte forma: como conciliar e pacificar nossas cidades, cada vez maiores, mais populosas e desiguais? Se n\u00e3o dermos a aten\u00e7\u00e3o devida a essa realidade, ela vai, literalmente, nos engolir como civiliza\u00e7\u00e3o nos pr\u00f3ximos anos.<\/p>\n<p>A frase que foi pronunciada<br \/>\n\u201cOs partidos preferem expulsar quem pensa diferente. Mas os que cometem il\u00edcitos s\u00e3o protegidos. \u00c9 isso mesmo?\u201d<br \/>\nHanz Gurovitch, tentando entender a l\u00f3gica da pol\u00edtica brasileira.<\/p>\n<p>Dieta<br \/>\n\u00bb Uma coisa \u00e9 certa: aprovada ou n\u00e3o a reforma da Previd\u00eancia, os parlamentares v\u00e3o ganhar muitos quilos. \u00c9 um jantar atr\u00e1s do outro. Haja esteira para queimar os excessos de negocia\u00e7\u00f5es.<\/p>\n<p>Use os \u00f3culos<br \/>\n\u00bb Coincid\u00eancia, ou n\u00e3o, aconteceu em dois lugares. Na pizzaria Valentina, da 214 Norte, e no Maori, da 110 Norte. S\u00e3o restaurantes muito bons, com excelente atendimento. Mas quando chega a hora da conta, a coisa muda. No Maori, cobraram tudo em duplicidade, e, na Valentina, inventaram o que n\u00e3o foi pedido pela mesa. Fica o alerta.<\/p>\n<p>Autodestrui\u00e7\u00e3o<br \/>\n\u00bb Nosso leitor Jos\u00e9 Rabelo complementa a coluna sobre o IPTU, observando que o estrago feito pelas terceirizadas contratadas pelo GDF v\u00e3o recair no bolso do consumidor. Caminh\u00f5es contratados destroem as cal\u00e7adas da cidade transitando de modo proibitivo, sem o menor zelo pela coisa p\u00fablica. Uma sala de aula com instru\u00e7\u00f5es sobre o assunto para os motoristas terceirizados \u00e9 fundamental.<\/p>\n<p>#BoraVencer<br \/>\n\u00bb Sucesso o programa que vai desde aulas gratuitas para os alunos que estudam para o<br \/>\nPAS at\u00e9 oficinas profissionalizantes. Em Samambaia, a carreta que chegou no in\u00edcio de novembro mudou parte da vida de 240 jovens. Com a presen\u00e7a do governador Rollemberg, a meninada recebeu certificado pelo empenho.<\/p>\n<p>Segredo<br \/>\n\u00bb Em breve, teremos novidades em rela\u00e7\u00e3o \u00e0 Deborah Duprat e a quest\u00e3o de performances e exposi\u00e7\u00e3o em museus.<\/p>\n<p>Hist\u00f3ria de Bras\u00edlia<br \/>\nO farelo de milho e a farinha de trigo da Legi\u00e3o Brasileira de Assist\u00eancia, estocados na obra da Catedral, continuam guardados por cinco soldados da GEB, h\u00e1 cinco meses consecutivos. (Publicado em 10\/10\/1961)<\/p>\n","protected":false},"excerpt":{"rendered":"<p>Desde 1960 colunadoaricunha@gmail.com; com Circe Cunha e Mamfil Considerado o quarto pa\u00eds mais desigual da Am\u00e9rica Latina no quesito distribui\u00e7\u00e3o de renda, segundo estudo da ONU-Habitat, o Estado brasileiro mant\u00e9m d\u00e9bito hist\u00f3rico com os seus cidad\u00e3os tamb\u00e9m com rela\u00e7\u00e3o ao acesso a bens e servi\u00e7os, como educa\u00e7\u00e3o e sa\u00fade, oportunidades de trabalho, transporte, seguran\u00e7a, justi\u00e7a e uma infinidade de outros [&hellip;]<\/p>\n","protected":false},"author":34,"featured_media":0,"comment_status":"closed","ping_status":"closed","sticky":false,"template":"","format":"standard","meta":{"footnotes":""},"categories":[23],"tags":[32],"class_list":["post-9251","post","type-post","status-publish","format-standard","hentry","category-integra","tag-politica-brasil-brasilia-mamfil-ari-cunha-circe-cunha"],"_links":{"self":[{"href":"https:\/\/blogs.correiobraziliense.com.br\/aricunha\/wp-json\/wp\/v2\/posts\/9251","targetHints":{"allow":["GET"]}}],"collection":[{"href":"https:\/\/blogs.correiobraziliense.com.br\/aricunha\/wp-json\/wp\/v2\/posts"}],"about":[{"href":"https:\/\/blogs.correiobraziliense.com.br\/aricunha\/wp-json\/wp\/v2\/types\/post"}],"author":[{"embeddable":true,"href":"https:\/\/blogs.correiobraziliense.com.br\/aricunha\/wp-json\/wp\/v2\/users\/34"}],"replies":[{"embeddable":true,"href":"https:\/\/blogs.correiobraziliense.com.br\/aricunha\/wp-json\/wp\/v2\/comments?post=9251"}],"version-history":[{"count":1,"href":"https:\/\/blogs.correiobraziliense.com.br\/aricunha\/wp-json\/wp\/v2\/posts\/9251\/revisions"}],"predecessor-version":[{"id":9252,"href":"https:\/\/blogs.correiobraziliense.com.br\/aricunha\/wp-json\/wp\/v2\/posts\/9251\/revisions\/9252"}],"wp:attachment":[{"href":"https:\/\/blogs.correiobraziliense.com.br\/aricunha\/wp-json\/wp\/v2\/media?parent=9251"}],"wp:term":[{"taxonomy":"category","embeddable":true,"href":"https:\/\/blogs.correiobraziliense.com.br\/aricunha\/wp-json\/wp\/v2\/categories?post=9251"},{"taxonomy":"post_tag","embeddable":true,"href":"https:\/\/blogs.correiobraziliense.com.br\/aricunha\/wp-json\/wp\/v2\/tags?post=9251"}],"curies":[{"name":"wp","href":"https:\/\/api.w.org\/{rel}","templated":true}]}}