{"id":9243,"date":"2017-11-29T03:43:35","date_gmt":"2017-11-29T05:43:35","guid":{"rendered":"https:\/\/blogs.correiobraziliense.com.br\/aricunha\/?p=9243"},"modified":"2017-11-29T05:44:28","modified_gmt":"2017-11-29T07:44:28","slug":"planos-de-saude-pela-hora-da-morte","status":"publish","type":"post","link":"https:\/\/blogs.correiobraziliense.com.br\/aricunha\/planos-de-saude-pela-hora-da-morte\/","title":{"rendered":"Planos de sa\u00fade pela hora da morte"},"content":{"rendered":"<p>Desde 1960<br \/>\ncolunadoaricunha@gmail.com;<br \/>\ncom Circe Cunha  e Mamfil<\/p>\n<p>Com a desvirtua\u00e7\u00e3o progressiva das fun\u00e7\u00f5es b\u00e1sicas das ag\u00eancias reguladoras, leiloadas e submetidas aos caprichos dos partidos pol\u00edticos, os consumidores brasileiros se viram lan\u00e7ados na mais in\u00f3spita selva do mercado, sem ter onde se abrigar da usura e da explora\u00e7\u00e3o sem limites. Nem mesmo os direitos assegurados pela Carta Magna de 1988 est\u00e3o sendo acatados. O seu art. 196 garante claramente: \u201cA sa\u00fade \u00e9 direito de todos e dever do Estado, garantido mediante pol\u00edticas sociais e econ\u00f4micas que visem \u00e0 redu\u00e7\u00e3o dos riscos de doen\u00e7a e de outros agravos e o acesso universal e igualit\u00e1rio \u00e0s a\u00e7\u00f5es e servi\u00e7os para sua promo\u00e7\u00e3o, prote\u00e7\u00e3o e recupera\u00e7\u00e3o\u201d.<\/p>\n<p>Tal direito \u00e9 refor\u00e7ado ainda pela Lei Org\u00e2nica da Sa\u00fade (Lei 8.080\/1990), que, logo em seu artigo 2\u00ba, estabelece: \u201cA sa\u00fade \u00e9 um direito fundamental do ser humano, devendo o Estado prover as condi\u00e7\u00f5es indispens\u00e1veis ao seu pleno exerc\u00edcio\u201d. Tais preceitos seguem o que determina tamb\u00e9m a pr\u00f3pria Organiza\u00e7\u00e3o Mundial de Sa\u00fade, dos quais Brasil \u00e9 signat\u00e1rio. No tocante \u00e0 macrolegisla\u00e7\u00e3o, \u00e9 poss\u00edvel, inclusive, afirmar que a quest\u00e3o da sa\u00fade dos brasileiros estaria bem encaminhada n\u00e3o fosse no ponto final do sistema, exatamente onde os indiv\u00edduos recebem atendimento, que \u00e9 representado pelos hospitais p\u00fablicos.<\/p>\n<p>Conhecedores das fragilidades e falhas que essas institui\u00e7\u00f5es, h\u00e1 d\u00e9cadas, apresentam, mais de 30% da popula\u00e7\u00e3o do pa\u00eds t\u00eam buscado nos planos de sa\u00fade o que o Estado, nem de longe, tem conseguido oferecer. E \u00e9 a\u00ed que grande parte dos brasileiros sentem na pele o desamparo do poder p\u00fablico, justamente, quando mais precisam.<\/p>\n<p>Durante as \u00faltimas tr\u00eas d\u00e9cadas, os planos de sa\u00fade lucraram f\u00e1bulas de dinheiro, n\u00e3o apenas em cima da precariedade do sistema, mas, justamente, por conta da incapacidade do Estado em regular um setor em que vidas s\u00e3o aferidas como cifras. O que vem ocorrendo agora, com a feitura da nova lei dos planos de sa\u00fade, em exame no Congresso, demonstra bem como um poderoso lobby pode transformar o mais b\u00e1sico dos direitos num com\u00e9rcio, em que envelhecer e adoecer passam a ser sin\u00f4nimos de morte para alguns e de grandes lucros para outros.<\/p>\n<p>As altera\u00e7\u00f5es propostas na Lei dos Planos de Sa\u00fade (9.656\/98), principalmente no tocante aos reajustes das mensalidades para uma clientela na faixa dos 60 anos, vem deixando expostas as raz\u00f5es que levaram as empresas que exploram esses servi\u00e7os a investir dezenas de milh\u00f5es de reais nas \u00faltimas campanhas eleitorais. A quest\u00e3o \u00e9 t\u00e3o escandalosa que o Instituto de Defesa do Consumidor (Idec) entrou na discuss\u00e3o para tentar barrar reajustes que podem alcan\u00e7ar os 500% para os assegurados maiores de 60 anos. S\u00e3o mais de 6 milh\u00f5es de idosos contratantes desses planos, que, da noite para o dia, ficar\u00e3o sem cobertura e sem a prote\u00e7\u00e3o do Estado.<\/p>\n<p> A frase que foi pronunciada<br \/>\n\u201c coisa est\u00e1 t\u00e3o feia que banana est\u00e1 comendo macaco.\u201d<br \/>\nOuvinte da CBN<\/p>\n<p>Irm\u00e3os<\/p>\n<p>\u00bb La\u00e7os em fam\u00edlia podem virar n\u00f3 para S\u00e3o Pedro. Enquanto Maur\u00edcio Luduvice, da Caesb, pede ao santo que chova para normalizar o fornecimento de \u00e1gua no DF, Henrique Luduvice, do DER, pede ao mesmo santo para segurar as chuvas at\u00e9 as obras da cidade acabarem.<\/p>\n<p>Mesma tecla<\/p>\n<p>\u00bb Por falar nisso, em dias de chuva, a engenharia do DER e as administra\u00e7\u00f5es precisam sair dos gabinetes para acompanhar os estragos feitos pelas \u00e1guas. Falta de escoamento e rede pluvial, zonas de conten\u00e7\u00e3o e, principalmente, falta planejamento para evitar tantos danos.<\/p>\n<p>Poder total<\/p>\n<p>\u00bb Soja produzida no Brasil circula com a quantidade de glifosato cinco mil vezes maior que a quantidade permitida na Uni\u00e3o Europeia. Alguma coisa est\u00e1 errada.<\/p>\n<p>Release<\/p>\n<p>\u00bb Neste s\u00e1bado, dia 2, a Sociedade Brasileira de Dermatologia organiza o Mutir\u00e3o Nacional de Atendimento, Preven\u00e7\u00e3o e Combate ao C\u00e2ncer da Pele. Dermatologistas v\u00e3o oferecer consultas gratuitas e orienta\u00e7\u00f5es de sa\u00fade. O dermatologista Erasmo Tokarski ser\u00e1 um dos volunt\u00e1rios da a\u00e7\u00e3o. Em Bras\u00edlia, o evento ser\u00e1 no Hospital Universit\u00e1rio de Bras\u00edlia, das 9h \u00e0s 15h, como parte da campanha Dezembro Laranja, de preven\u00e7\u00e3o ao c\u00e2ncer da pele.<\/p>\n<p>Alerta<\/p>\n<p>\u00bb Habita\u00e7\u00e3o em espa\u00e7os centrais do DF, inclusive, em \u00e1reas tombadas. Esse foi o tema de discuss\u00e3o entre empres\u00e1rios e representantes de movimentos urbanos e dois representantes da \u00e1rea do patrim\u00f4nio no audit\u00f3rio do Crea. O assunto \u00e9 delicado. Principalmente porque a cidade teve apenas dois representantes do patrim\u00f4nio para defend\u00ea-la.<\/p>\n<p>Reforma pol\u00edtica<\/p>\n<p>\u00bb Finalizadas todas as provas de um concurso p\u00fablico, come\u00e7a a via-cr\u00facis do candidato para comprovar com dezenas de declara\u00e7\u00f5es que \u00e9 uma pessoa ilibada. Passada essa etapa, a equipe de intelig\u00eancia da institui\u00e7\u00e3o come\u00e7a a pesquisar in loco sobre a vida do aspirante. Inquire a vizinhan\u00e7a sobre a conduta do candidato. \u00c9 uma inspira\u00e7\u00e3o para quem deseja o pa\u00eds com pol\u00edticos honestos. H\u00e1 vezes que a burocracia ajuda.<\/p>\n<p>Hist\u00f3ria de Bras\u00edlia<\/p>\n<p>Construir Bras\u00edlia foi uma aud\u00e1cia; concluir Bras\u00edlia \u00e9 um dever. (Publicado em 8\/10\/1961)<\/p>\n","protected":false},"excerpt":{"rendered":"<p>Desde 1960 colunadoaricunha@gmail.com; com Circe Cunha e Mamfil Com a desvirtua\u00e7\u00e3o progressiva das fun\u00e7\u00f5es b\u00e1sicas das ag\u00eancias reguladoras, leiloadas e submetidas aos caprichos dos partidos pol\u00edticos, os consumidores brasileiros se viram lan\u00e7ados na mais in\u00f3spita selva do mercado, sem ter onde se abrigar da usura e da explora\u00e7\u00e3o sem limites. Nem mesmo os direitos assegurados pela Carta Magna de 1988 [&hellip;]<\/p>\n","protected":false},"author":34,"featured_media":0,"comment_status":"closed","ping_status":"closed","sticky":false,"template":"","format":"standard","meta":{"footnotes":""},"categories":[23],"tags":[32],"class_list":["post-9243","post","type-post","status-publish","format-standard","hentry","category-integra","tag-politica-brasil-brasilia-mamfil-ari-cunha-circe-cunha"],"_links":{"self":[{"href":"https:\/\/blogs.correiobraziliense.com.br\/aricunha\/wp-json\/wp\/v2\/posts\/9243","targetHints":{"allow":["GET"]}}],"collection":[{"href":"https:\/\/blogs.correiobraziliense.com.br\/aricunha\/wp-json\/wp\/v2\/posts"}],"about":[{"href":"https:\/\/blogs.correiobraziliense.com.br\/aricunha\/wp-json\/wp\/v2\/types\/post"}],"author":[{"embeddable":true,"href":"https:\/\/blogs.correiobraziliense.com.br\/aricunha\/wp-json\/wp\/v2\/users\/34"}],"replies":[{"embeddable":true,"href":"https:\/\/blogs.correiobraziliense.com.br\/aricunha\/wp-json\/wp\/v2\/comments?post=9243"}],"version-history":[{"count":1,"href":"https:\/\/blogs.correiobraziliense.com.br\/aricunha\/wp-json\/wp\/v2\/posts\/9243\/revisions"}],"predecessor-version":[{"id":9244,"href":"https:\/\/blogs.correiobraziliense.com.br\/aricunha\/wp-json\/wp\/v2\/posts\/9243\/revisions\/9244"}],"wp:attachment":[{"href":"https:\/\/blogs.correiobraziliense.com.br\/aricunha\/wp-json\/wp\/v2\/media?parent=9243"}],"wp:term":[{"taxonomy":"category","embeddable":true,"href":"https:\/\/blogs.correiobraziliense.com.br\/aricunha\/wp-json\/wp\/v2\/categories?post=9243"},{"taxonomy":"post_tag","embeddable":true,"href":"https:\/\/blogs.correiobraziliense.com.br\/aricunha\/wp-json\/wp\/v2\/tags?post=9243"}],"curies":[{"name":"wp","href":"https:\/\/api.w.org\/{rel}","templated":true}]}}