{"id":9231,"date":"2017-11-24T03:30:23","date_gmt":"2017-11-24T05:30:23","guid":{"rendered":"https:\/\/blogs.correiobraziliense.com.br\/aricunha\/?p=9231"},"modified":"2017-11-24T05:31:38","modified_gmt":"2017-11-24T07:31:38","slug":"em-2018-nao-vote-por-voce-vote-pelo-pais","status":"publish","type":"post","link":"https:\/\/blogs.correiobraziliense.com.br\/aricunha\/em-2018-nao-vote-por-voce-vote-pelo-pais\/","title":{"rendered":"Em 2018 n\u00e3o vote por voc\u00ea. Vote pelo pa\u00eds."},"content":{"rendered":"<p>Desde 1960<br \/>\ncolunadoaricunha@gmail.com;<br \/>\ncom Circe Cunha  e Mamfil<\/p>\n<p>\u00c9 duro ter que reconhecer, mas a crise pol\u00edtica que nos atormenta, desde sempre, tem, em n\u00f3s eleitores, a sua fonte prim\u00e1ria. Das urnas, fecundadas pelo voto de cada cidad\u00e3o, brotam os leg\u00edtimos representantes da sociedade. Bons ou maus, eles tomam posse do que receberam e com eles temos que seguir, mesmo desconfiando de que o destino final dessa jornada acabe sempre onde come\u00e7ou.<\/p>\n<p>Andamos em c\u00edrculos e de m\u00e3os vazias por vontade pr\u00f3pria, escolhendo tipos bem parecidos com n\u00f3s mesmos. Gestamos, em cada elei\u00e7\u00e3o, quem, l\u00e1 em frente, desviar\u00e1, sem remorsos, os recursos da sa\u00fade. E quando chega o inesperado, n\u00f3s, os eleitores, ou somos obrigados a suprir o v\u00e1cuo deixado na Sa\u00fade e vamos atr\u00e1s de um plano, ou ficamos deitados em macas sujas e improvisadas nos corredores superlotados dos hospitais \u00e0 espera de um atendimento de emerg\u00eancia que nunca chega, nem nos damos conta de que estamos naquela situa\u00e7\u00e3o terminal por nossos pr\u00f3prios atos c\u00edvicos.<\/p>\n<p>Para aqueles que conseguem escapar ilesos dos hospitais infectados e das ruas assassinas, novas elei\u00e7\u00f5es vir\u00e3o e a oportunidade de repetir o mesmo gesto, escolhendo os mesmos tipos, com raras exce\u00e7\u00f5es para que tudo permane\u00e7a do mesmo jeito por gera\u00e7\u00f5es.<\/p>\n<p>Somos nossos pr\u00f3prios algozes. Dentro desse formato de sociedade que escolhemos como ideal para todos, nem nos damos conta de que mudar a forma de se fazer pol\u00edtica \u00e9 f\u00e1cil. Dif\u00edcil \u00e9 come\u00e7ar essa mudan\u00e7a em n\u00f3s mesmos. Nenhuma reforma pol\u00edtica coerente vir\u00e1 de nossos representantes, uma vez que recusamos essa mesma reforma em nossos h\u00e1bitos di\u00e1rios.<\/p>\n<p>Lima Barreto (1881-1922) dizia que o \u201cBrasil n\u00e3o tem povo, tem p\u00fablico\u201d para justificar n\u00e3o s\u00f3 a apatia que demonstramos com rela\u00e7\u00e3o \u00e0 nossa pr\u00f3pria hist\u00f3ria, mas a indiferen\u00e7a de cada um com o destino de todos. \u00c9 preciso lembrar que todos os pol\u00edticos que hoje se encontram encarcerados foram, um dia, devidamente escolhidos e ungidos com o nosso voto. De certa forma somos c\u00famplices passivos dessa gente.<\/p>\n<p>Especialistas em seguran\u00e7a p\u00fablica defendem abertamente a tese de que a perpetua\u00e7\u00e3o das fac\u00e7\u00f5es criminosas em muitos redutos do pa\u00eds se deve, em parte, \u00e0 colabora\u00e7\u00e3o volunt\u00e1ria de parcela significativa de moradores locais. Cientes desse desd\u00e9m da popula\u00e7\u00e3o com rela\u00e7\u00e3o ao destino do pa\u00eds, muitos pol\u00edticos, mesmo carregando nas costas in\u00fameros processos judiciais, por crimes v\u00e1rios, permanecem e se lan\u00e7am em campanhas pelo Brasil afora, certos da coniv\u00eancia de muitos eleitores.<\/p>\n<p>Ao custo Brasil se soma a classe pol\u00edtica atual, acrescenta-se parcela significativa desse p\u00fablico que n\u00e3o se avexa em ter seu futuro roubado bem diante dos pr\u00f3prios olhos e de todos. Talvez n\u00e3o seja por acaso que muitos historiadores classificam o povo como sendo \u201cuma por\u00e7\u00e3o de ningu\u00e9m\u201d.<\/p>\n<p>A frase que foi pronunciada<\/p>\n<p>\u201cEu n\u00e3o vim para Bras\u00edlia, Bras\u00edlia \u00e9 que veio pra mim.\u201d<\/p>\n<p>Evaristo de Oliveira<\/p>\n<p>Pedra angular<\/p>\n<p>\u00bb Evaristo de Oliveira. O Correio Braziliense acaba de perder sua pedra angular. Homem de trato fino, simples e sofisticado ao mesmo tempo. Amigo verdadeiro para todas as horas. Sem estardalha\u00e7o ou vaidade subiu cada degrau na empresa por absoluta compet\u00eancia e dedica\u00e7\u00e3o. \u00c9 um homem que ser\u00e1 sempre lembrado como agregador, com uma solu\u00e7\u00e3o dada de forma humana para qualquer problema. Muita saudade. Nossos mais profundos sentimentos.<\/p>\n<p>Bem-vindos<\/p>\n<p>\u00bb Com a nova lei da imigra\u00e7\u00e3o, que substitui o Estatuto dos Estrangeiros, os alunos vindos do exterior passam a ter liberdade para trabalhar enquanto estudam, ou seja a possibilidade de combinar os estudos com trabalho, garantindo compatibilidade dos hor\u00e1rios e a flexibilidade das exig\u00eancias para vistos de trabalho. Com a lei, caiu a necessidade de um contrato pr\u00e9vio e passou a existir a chance de o estrangeiro vir ao Brasil e procurar emprego.<\/p>\n<p>Consequ\u00eancia<\/p>\n<p>\u00bb Thais Pereira, 21 anos, sofreu inj\u00faria racial em pleno Dia da Consci\u00eancia Negra. N\u00e3o teve d\u00favida. Cansada com as brincadeiras de mau gosto do colega de classe, com o apoio de toda a turma, formalizou a den\u00fancia. \u201cN\u00e3o podemos ter medo. Temos que cortar o mal pela raiz\u201d, ensina a jovem.<\/p>\n<p>Cariocas<\/p>\n<p>\u00bb Enquanto as lentes se voltam para Luciano Huck, quem faz papel realmente bonito \u00e9 o senador Rom\u00e1rio. Desenvolvido ao adotar o protocolo pol\u00edtico, tem feito muito pelos portadores de necessidades especiais e pretende ir bem mais longe. Os eleitores votaram no nome Rom\u00e1rio por causa do futebol e ganharam um Rom\u00e1rio pol\u00edtico de atitude.<\/p>\n<p>Hist\u00f3ria de Bras\u00edlia<\/p>\n<p>E o povo fica imaginando o que far\u00e1 o governo, quando tiver que decidir sobre a reforma agr\u00e1ria, sobre o reatamento das rela\u00e7\u00f5es diplom\u00e1ticas com a Uni\u00e3o Sovi\u00e9tica, ou a admiss\u00e3o, ou n\u00e3o, da China Comunista na ONU. (Publicado em 8\/10\/1961)<\/p>\n","protected":false},"excerpt":{"rendered":"<p>Desde 1960 colunadoaricunha@gmail.com; com Circe Cunha e Mamfil \u00c9 duro ter que reconhecer, mas a crise pol\u00edtica que nos atormenta, desde sempre, tem, em n\u00f3s eleitores, a sua fonte prim\u00e1ria. Das urnas, fecundadas pelo voto de cada cidad\u00e3o, brotam os leg\u00edtimos representantes da sociedade. Bons ou maus, eles tomam posse do que receberam e com eles temos que seguir, mesmo [&hellip;]<\/p>\n","protected":false},"author":34,"featured_media":0,"comment_status":"closed","ping_status":"closed","sticky":false,"template":"","format":"standard","meta":{"footnotes":""},"categories":[9],"tags":[32],"class_list":["post-9231","post","type-post","status-publish","format-standard","hentry","category-frases","tag-politica-brasil-brasilia-mamfil-ari-cunha-circe-cunha"],"_links":{"self":[{"href":"https:\/\/blogs.correiobraziliense.com.br\/aricunha\/wp-json\/wp\/v2\/posts\/9231","targetHints":{"allow":["GET"]}}],"collection":[{"href":"https:\/\/blogs.correiobraziliense.com.br\/aricunha\/wp-json\/wp\/v2\/posts"}],"about":[{"href":"https:\/\/blogs.correiobraziliense.com.br\/aricunha\/wp-json\/wp\/v2\/types\/post"}],"author":[{"embeddable":true,"href":"https:\/\/blogs.correiobraziliense.com.br\/aricunha\/wp-json\/wp\/v2\/users\/34"}],"replies":[{"embeddable":true,"href":"https:\/\/blogs.correiobraziliense.com.br\/aricunha\/wp-json\/wp\/v2\/comments?post=9231"}],"version-history":[{"count":1,"href":"https:\/\/blogs.correiobraziliense.com.br\/aricunha\/wp-json\/wp\/v2\/posts\/9231\/revisions"}],"predecessor-version":[{"id":9232,"href":"https:\/\/blogs.correiobraziliense.com.br\/aricunha\/wp-json\/wp\/v2\/posts\/9231\/revisions\/9232"}],"wp:attachment":[{"href":"https:\/\/blogs.correiobraziliense.com.br\/aricunha\/wp-json\/wp\/v2\/media?parent=9231"}],"wp:term":[{"taxonomy":"category","embeddable":true,"href":"https:\/\/blogs.correiobraziliense.com.br\/aricunha\/wp-json\/wp\/v2\/categories?post=9231"},{"taxonomy":"post_tag","embeddable":true,"href":"https:\/\/blogs.correiobraziliense.com.br\/aricunha\/wp-json\/wp\/v2\/tags?post=9231"}],"curies":[{"name":"wp","href":"https:\/\/api.w.org\/{rel}","templated":true}]}}