{"id":9227,"date":"2017-11-22T03:12:46","date_gmt":"2017-11-22T05:12:46","guid":{"rendered":"https:\/\/blogs.correiobraziliense.com.br\/aricunha\/?p=9227"},"modified":"2017-11-22T05:13:38","modified_gmt":"2017-11-22T07:13:38","slug":"crise-politica-e-desobediencia-civil","status":"publish","type":"post","link":"https:\/\/blogs.correiobraziliense.com.br\/aricunha\/crise-politica-e-desobediencia-civil\/","title":{"rendered":"Crise pol\u00edtica e desobedi\u00eancia civil"},"content":{"rendered":"<p>Desde 1960<\/p>\n<p>colunadoaricunha@gmail.com;<br \/>\ncom Circe Cunha  e Mamfil<\/p>\n<p>Nesses tempos de grave crise pol\u00edtica, assunto discutido comumente \u00e9 o direito de resist\u00eancia e desobedi\u00eancia civil. Esse mecanismo de autodefesa do cidad\u00e3o \u00e9 um dos elementos que caracterizam a sociedade democr\u00e1tica e est\u00e1, de modo difuso, previsto na pr\u00f3pria Constitui\u00e7\u00e3o logo em seu art. 1\u00ba, par\u00e1grafo \u00fanico: \u201cTodo o poder emana do povo, que o exerce por meio de representantes eleitos ou diretamente, nos termos dessa Constitui\u00e7\u00e3o\u201d. Contudo, basta um olhar em volta de cada um para perceber que, no Brasil, lei e governos injustos se sobrep\u00f5em aos interesses dos brasileiros.<\/p>\n<p>Os in\u00fameros casos de corrup\u00e7\u00e3o, revelados pelas investiga\u00e7\u00f5es de \u00f3rg\u00e3os do pr\u00f3prio Estado, como o Minist\u00e9rio P\u00fablico e Pol\u00edcia Federal, t\u00eam deixado claro que existe, por parte desses representantes da sociedade, al\u00e9m de uma preval\u00eancia indecente de interesses particulares sobre o interesse coletivo, um desvio acentuado dos valores \u00e9ticos que fogem a tudo que se relaciona com o sentido republicano.<\/p>\n<p>Com isso, ficam n\u00e3o s\u00f3 seriamente prejudicadas as pol\u00edticas p\u00fablicas vitais \u00e0 a\u00e7\u00e3o, como educa\u00e7\u00e3o, sa\u00fade e seguran\u00e7a, o que reflete negativamente no futuro das novas gera\u00e7\u00f5es, alijadas das condi\u00e7\u00f5es m\u00ednimas de cidadania.<\/p>\n<p>O fosso criado entre os representantes pol\u00edticos da popula\u00e7\u00e3o e a pr\u00f3pria sociedade, por sua dimens\u00e3o atual e pelas dificuldades que se apresentam de serem sanados em tempo h\u00e1bil, est\u00e3o, nestes tempos de afli\u00e7\u00e3o, a requerer medidas e a\u00e7\u00f5es que v\u00e3o muito al\u00e9m de simples processos de elei\u00e7\u00e3o. De fato, chegamos, na opini\u00e3o de juristas respeitados, a um porto, de onde j\u00e1 n\u00e3o se pode mais retornar.<\/p>\n<p>O que induz \u00e0 desobedi\u00eancia civil n\u00e3o \u00e9, absolutamente, o comportamento da na\u00e7\u00e3o ou desse ou qualquer outro grupo da sociedade, mas, e t\u00e3o somente, a conduta fora da lei e persistente de muitos de seus representantes. Nesse sentido, o caso do Rio de Janeiro, embora n\u00e3o \u00fanico, \u00e9 simb\u00f3lico desse momento nacional e serve como um farol para o resto do pa\u00eds, n\u00e3o por seus exemplos positivos, mas pela capacidade de mostrar, na pr\u00e1tica, o que acontece a uma sociedade submetida aos desmandos de uma classe pol\u00edtica transmutada em verdadeira quadrilha oficial. \u201cQuando o governo viola os direitos do povo, a insurrei\u00e7\u00e3o \u00e9, para o povo e para cada parcela do povo, o mais sagrado dos direitos e mais indispens\u00e1vel dos deveres\u201d diz num dos trechos da Declara\u00e7\u00e3o dos Direitos do Homem e do Cidad\u00e3o de 1793.<\/p>\n<p>Para muitos te\u00f3ricos do Estado, o interesse p\u00fablico deve se sobrepor ao pr\u00f3prio interesse do Estado. As gigantescas manifesta\u00e7\u00f5es de rua por todo o pa\u00eds deram o tom pr\u00e9vio de um movimento poss\u00edvel de desobedi\u00eancia civil, com a popula\u00e7\u00e3o nas avenidas pedindo pelo fim da corrup\u00e7\u00e3o, que entende como sendo um dos grandes entraves ao desenvolvimento da na\u00e7\u00e3o e fator preponderante no custo Brasil. A bem da verdade, a na\u00e7\u00e3o \u00e9 a \u00fanica parte realmente viva e animada de um Estado. Um Estado dissociado da sociedade, como temos, \u00e9 como um corpo sem alma.<\/p>\n<p>A frase que foi pronunciada<\/p>\n<p>\u201cA desobedi\u00eancia civil nunca \u00e9 seguida pela anarquia. S\u00f3 a desobedi\u00eancia criminal com a for\u00e7a. Reprimir a desobedi\u00eancia civil \u00e9 tentar encarcerar a consci\u00eancia.\u201d<\/p>\n<p>Mahatma Gandhi.<\/p>\n<p>Sem respostas<\/p>\n<p>\u00bb Fernando Tatagiba, diretor do Parque Nacional da Chapada dos Veadeiros, n\u00e3o esconde o al\u00edvio que a chuva trouxe. Os 66 mil hectares atingidos pelo fogo no parque est\u00e3o em plena recupera\u00e7\u00e3o. At\u00e9 hoje, as autoridades n\u00e3o divulgaram se a a\u00e7\u00e3o foi mesmo criminosa.<\/p>\n<p>Oportunidade<\/p>\n<p>\u00bb Em entrevista \u00e0 TV Brasil, o secret\u00e1rio-geral de Pol\u00edticas de Emprego do Minist\u00e9rio do Trabalho, Leonardo Arantes, disse que acredita que as vagas tempor\u00e1rias s\u00e3o uma boa oportunidade para recoloca\u00e7\u00e3o no mercado de trabalho. O sistema nacional oferece 2,5 mil vagas tempor\u00e1rias para o fim de ano.<\/p>\n<p>Prata da casa<\/p>\n<p>Eldon Soares come\u00e7a um trabalho herc\u00faleo de organizar um Coral Virtual com o Aleluia de Handel. Volunt\u00e1rios j\u00e1 come\u00e7am a enviar os \u00e1udios e v\u00eddeos. O material est\u00e1 no portal coralvirtual.com.br<\/p>\n<p>Ajuda internacional<\/p>\n<p>\u00bb O submarino argentino ARA San Juan est\u00e1 desaparecido desde o dia 15, com 44 tripulantes. O comandante de Opera\u00e7\u00f5es Aeroespaciais (Comae), tenente-brigadeiro do Ar Carlos Vuyk de Aquino, explicou que a For\u00e7a A\u00e9rea Brasileira ajuda na busca com as aeronaves SC105 e P3, essa \u00faltima aeronave especial para a busca de submarinos.<\/p>\n<p>Hist\u00f3ria de Bras\u00edlia<\/p>\n<p>A promessa do governo para a solu\u00e7\u00e3o de Bras\u00edlia dentro de 48 horas j\u00e1 est\u00e1 vencida e, em cada 48 horas de promessas, novas firmas do Distrito Federal v\u00e3o se aproximando cada vez mais da fal\u00eancia e novas dificuldades v\u00e3o surgindo para Bras\u00edlia. (Publicado em 8\/10\/1961)<\/p>\n","protected":false},"excerpt":{"rendered":"<p>Desde 1960 colunadoaricunha@gmail.com; com Circe Cunha e Mamfil Nesses tempos de grave crise pol\u00edtica, assunto discutido comumente \u00e9 o direito de resist\u00eancia e desobedi\u00eancia civil. Esse mecanismo de autodefesa do cidad\u00e3o \u00e9 um dos elementos que caracterizam a sociedade democr\u00e1tica e est\u00e1, de modo difuso, previsto na pr\u00f3pria Constitui\u00e7\u00e3o logo em seu art. 1\u00ba, par\u00e1grafo \u00fanico: \u201cTodo o poder emana [&hellip;]<\/p>\n","protected":false},"author":34,"featured_media":0,"comment_status":"closed","ping_status":"closed","sticky":false,"template":"","format":"standard","meta":{"footnotes":""},"categories":[23],"tags":[32],"class_list":["post-9227","post","type-post","status-publish","format-standard","hentry","category-integra","tag-politica-brasil-brasilia-mamfil-ari-cunha-circe-cunha"],"_links":{"self":[{"href":"https:\/\/blogs.correiobraziliense.com.br\/aricunha\/wp-json\/wp\/v2\/posts\/9227","targetHints":{"allow":["GET"]}}],"collection":[{"href":"https:\/\/blogs.correiobraziliense.com.br\/aricunha\/wp-json\/wp\/v2\/posts"}],"about":[{"href":"https:\/\/blogs.correiobraziliense.com.br\/aricunha\/wp-json\/wp\/v2\/types\/post"}],"author":[{"embeddable":true,"href":"https:\/\/blogs.correiobraziliense.com.br\/aricunha\/wp-json\/wp\/v2\/users\/34"}],"replies":[{"embeddable":true,"href":"https:\/\/blogs.correiobraziliense.com.br\/aricunha\/wp-json\/wp\/v2\/comments?post=9227"}],"version-history":[{"count":1,"href":"https:\/\/blogs.correiobraziliense.com.br\/aricunha\/wp-json\/wp\/v2\/posts\/9227\/revisions"}],"predecessor-version":[{"id":9228,"href":"https:\/\/blogs.correiobraziliense.com.br\/aricunha\/wp-json\/wp\/v2\/posts\/9227\/revisions\/9228"}],"wp:attachment":[{"href":"https:\/\/blogs.correiobraziliense.com.br\/aricunha\/wp-json\/wp\/v2\/media?parent=9227"}],"wp:term":[{"taxonomy":"category","embeddable":true,"href":"https:\/\/blogs.correiobraziliense.com.br\/aricunha\/wp-json\/wp\/v2\/categories?post=9227"},{"taxonomy":"post_tag","embeddable":true,"href":"https:\/\/blogs.correiobraziliense.com.br\/aricunha\/wp-json\/wp\/v2\/tags?post=9227"}],"curies":[{"name":"wp","href":"https:\/\/api.w.org\/{rel}","templated":true}]}}