{"id":9221,"date":"2017-11-17T03:11:53","date_gmt":"2017-11-17T05:11:53","guid":{"rendered":"https:\/\/blogs.correiobraziliense.com.br\/aricunha\/?p=9221"},"modified":"2017-11-18T05:14:21","modified_gmt":"2017-11-18T07:14:21","slug":"republica-dos-suplentes","status":"publish","type":"post","link":"https:\/\/blogs.correiobraziliense.com.br\/aricunha\/republica-dos-suplentes\/","title":{"rendered":"Rep\u00fablica dos suplentes"},"content":{"rendered":"<p>Desde 1960<br \/>\ncolunadoaricunha@gmail.com;<br \/>\ncom Circe Cunha e Mamfil<\/p>\n<p>         J\u00e1 que a reforma pol\u00edtica n\u00e3o veio na medida pretendida pelos eleitores, prosseguimos em c\u00edrculos, tendo que vivenciar sempre os mesmos e velhos problemas, num c\u00edrculo fechado e infinito e que vai adiando, sine die, a entrada do Brasil no hall dos pa\u00edses s\u00e9rios e modernos. A permanecer nesse compasso, entraremos em 2018 com os mesmos mecanismos que nos mant\u00e9m atados ao passado.<\/p>\n<p>         Considerada por muitos a m\u00e3e de todas as reformas, os aperfei\u00e7oamentos necess\u00e1rios no nosso modelo de representa\u00e7\u00e3o, na realidade ficaram intocados naquilo que entendia a sociedade como fundamental. A come\u00e7ar pela fidelidade e o cumprimento total do contrato estabelecido entre o candidato e seus eleitores, principalmente naquilo que foi prometido e explicitado no programa estrat\u00e9gico pelo eleito.<\/p>\n<p>         Neste sentido, toda a vez que um pol\u00edtico troca de legenda, se afasta de suas fun\u00e7\u00f5es para ocupar outro cargo ou renuncia o contrato original de campanha \u00e9 rompido e o eleitor se sente tra\u00eddo e abandonado no meio do caminho. Infelizmente essas situa\u00e7\u00f5es tem se tornado t\u00e3o corriqueiras, que j\u00e1 fazem parte de nossa paisagem pol\u00edtica.<\/p>\n<p>         Enquanto a legisla\u00e7\u00e3o n\u00e3o obrigar o eleito a cumprir a totalidade do mandato, a dan\u00e7a das cadeiras no legislativo ir\u00e1 prosseguir, com situa\u00e7\u00f5es inusitadas em que o cidad\u00e3o vota num candidato e quem assume \u00e9 um suplente, totalmente desconhecido e sem um voto sequer. Pior. O suplente muitas vezes desconhecido dos eleitores, mesmo sem receber votos,  assume a vaga e passa a receber os direitos como se fosse um senador eleito, O peso desses suplentes no parlamento n\u00e3o \u00e9 desprez\u00edvel e varia hoje entre 20% e 30% nas duas Casas do Legislativo. S\u00e3o tantos e t\u00e3o diversos que poderiam formar uma bancada dos suplentes, com propostas pr\u00f3prias.<\/p>\n<p>          O sensato para grande parte sociedade , seria em caso de vac\u00e2ncia do mandato, o cargo ser ocupado pelo segundo mais votado. Mas o que ocorre , na maioria das vezes, \u00e9 que o suplente e seu grupo , muitas vezes, contribuem financeiramente com a campanha e por este motivo, acabam assumindo o cargo em algum momento para a conclus\u00e3o dos acordos de gaveta, estabelecidos bem longe do olhar dos eleitores. O pior nesta situa\u00e7\u00e3o \u00e9 quando o suplente que assume, traz consigo uma folha corrida que mostra uma vida pregressa repleta de il\u00edcitos de toda a ordem. Neste caso o eleitor que votou no gato e passa a ser representado pelo pato, percebe a inutilidade de seu voto e passa a descrer na pr\u00f3pria democracia, com riscos evidentes.<\/p>\n<p>         \u00c9 justamente esse o caso que esta para acontecer no Distrito Federal, caso o atual senador Cristovam Buarque confirme sua inten\u00e7\u00e3o de se licenciar do cargo por quatro meses. Nesse caso assumir\u00e1 sua vaga , Wilmar Lacerda, do Partido dos Trabalhadores, um suplente sem votos e com uma lista de explica\u00e7\u00e3o em aberto a ser prestada \u00e0 justi\u00e7a. Caso se confirme essa previs\u00e3o, quem , de fato, sair\u00e1 mal na fotografia perante os brasilienses, ser\u00e1 o pr\u00f3prio Cristovam que abriu a porteira para a entrada de um alien\u00edgena n\u00e3o previsto e tampouco desejado pela maioria dos eleitores da capital. <\/p>\n<p>A frase que foi pronunciada:<\/p>\n<p>\u201cPodemos escolher o que plantar, mas somos obrigados a colher o que semeamos.\u201d<\/p>\n<p>Prov\u00e9rbio Chin\u00eas<\/p>\n<p>Gratuito<\/p>\n<p>Na ter\u00e7a-feira, dia 21 das 14h \u00e0s 18h30 no audit\u00f3rio do Correio Braziliense na programa\u00e7\u00e3o do Correio Debate o assunto \u00e9 o Caminho para exporta\u00e7\u00e3o- Pequenas e M\u00e9dias Empresas. Autoridades no assunto descortinar\u00e3o o cen\u00e1rio do Com\u00e9rcio Exterior. O evento ser\u00e1 encerrado com a exposi\u00e7\u00e3o do Ministro das Rela\u00e7\u00f5es Exteriores, Aloysio Nunes.<\/p>\n<p>Caos<\/p>\n<p>Jos\u00e9 Rabello est\u00e1 certo. Na cidade, os carros estacionam nas cal\u00e7adas, gramados e nada acontece com os motoristas. S\u00e3o impunes. Isto n\u00e3o \u00e9 ordem, nem progresso.<\/p>\n<p>Fica a dica<\/p>\n<p>J\u00e1 \u00e9 h\u00e1bito. Antes de dormir, um cap\u00edtulo \u201cDo primeiro olhar ao div\u00f3rcio\u201d de Fernando Arruda Moura. T\u00edtulos das cr\u00f4nicas criativos, um tempero franc\u00eas depois a did\u00e1tica. Sempre uma surpresa. Romance e com\u00e9dia nos tribunais. Publicado pela editora Chiado.<\/p>\n<p>Nosso carinho<\/p>\n<p>Se depender de ora\u00e7\u00f5es Marcia Rollemberg vai vencer tranquilamente essa doen\u00e7a. Ativa na sociedade, a primeira dama n\u00e3o cruza os bra\u00e7os. Apontamos erros que devem ser apontados, denunciamos quando \u00e9 preciso, mas a verdade \u00e9 que Bras\u00edlia precisa da sa\u00fade de Marcia Rollemberg.<\/p>\n<p>HIST\u00d3RIA DE BRAS\u00cdLIA 18\/11\/2017<\/p>\n<p>         A imprensa publica fotos do ex-presidente dando peixinhos \u00e0s focas californianas, e entre sorrisos orientais, estabelecendo contatos no Jap\u00e3o, quando seus contatos deveriam ser no Pal\u00e1cio Planalto, no Senado, na C\u00e2mara, no Pal\u00e1cio das Esmeraldas, enfim, onde quer que pudesse realizar algo por Bras\u00edlia. (Publicado em 08.10.1961)<\/p>\n","protected":false},"excerpt":{"rendered":"<p>Desde 1960 colunadoaricunha@gmail.com; com Circe Cunha e Mamfil J\u00e1 que a reforma pol\u00edtica n\u00e3o veio na medida pretendida pelos eleitores, prosseguimos em c\u00edrculos, tendo que vivenciar sempre os mesmos e velhos problemas, num c\u00edrculo fechado e infinito e que vai adiando, sine die, a entrada do Brasil no hall dos pa\u00edses s\u00e9rios e modernos. A permanecer nesse compasso, entraremos em [&hellip;]<\/p>\n","protected":false},"author":34,"featured_media":0,"comment_status":"closed","ping_status":"closed","sticky":false,"template":"","format":"standard","meta":{"footnotes":""},"categories":[23],"tags":[32],"class_list":["post-9221","post","type-post","status-publish","format-standard","hentry","category-integra","tag-politica-brasil-brasilia-mamfil-ari-cunha-circe-cunha"],"_links":{"self":[{"href":"https:\/\/blogs.correiobraziliense.com.br\/aricunha\/wp-json\/wp\/v2\/posts\/9221","targetHints":{"allow":["GET"]}}],"collection":[{"href":"https:\/\/blogs.correiobraziliense.com.br\/aricunha\/wp-json\/wp\/v2\/posts"}],"about":[{"href":"https:\/\/blogs.correiobraziliense.com.br\/aricunha\/wp-json\/wp\/v2\/types\/post"}],"author":[{"embeddable":true,"href":"https:\/\/blogs.correiobraziliense.com.br\/aricunha\/wp-json\/wp\/v2\/users\/34"}],"replies":[{"embeddable":true,"href":"https:\/\/blogs.correiobraziliense.com.br\/aricunha\/wp-json\/wp\/v2\/comments?post=9221"}],"version-history":[{"count":1,"href":"https:\/\/blogs.correiobraziliense.com.br\/aricunha\/wp-json\/wp\/v2\/posts\/9221\/revisions"}],"predecessor-version":[{"id":9222,"href":"https:\/\/blogs.correiobraziliense.com.br\/aricunha\/wp-json\/wp\/v2\/posts\/9221\/revisions\/9222"}],"wp:attachment":[{"href":"https:\/\/blogs.correiobraziliense.com.br\/aricunha\/wp-json\/wp\/v2\/media?parent=9221"}],"wp:term":[{"taxonomy":"category","embeddable":true,"href":"https:\/\/blogs.correiobraziliense.com.br\/aricunha\/wp-json\/wp\/v2\/categories?post=9221"},{"taxonomy":"post_tag","embeddable":true,"href":"https:\/\/blogs.correiobraziliense.com.br\/aricunha\/wp-json\/wp\/v2\/tags?post=9221"}],"curies":[{"name":"wp","href":"https:\/\/api.w.org\/{rel}","templated":true}]}}