{"id":9219,"date":"2017-11-16T02:37:45","date_gmt":"2017-11-16T04:37:45","guid":{"rendered":"https:\/\/blogs.correiobraziliense.com.br\/aricunha\/?p=9219"},"modified":"2017-12-14T16:17:21","modified_gmt":"2017-12-14T18:17:21","slug":"des-habilitados-para-politica","status":"publish","type":"post","link":"https:\/\/blogs.correiobraziliense.com.br\/aricunha\/des-habilitados-para-politica\/","title":{"rendered":"(Des) habilitados para a pol\u00edtica"},"content":{"rendered":"<p>Desde 1960<br \/>\ncolunadoaricunha@gmail.com;<br \/>\ncom Circe Cunha  e Mamfil<\/p>\n<p>Na rep\u00fablica dist\u00f3pica em que prosseguimos metidos, n\u00e3o estranha a bizarrice de assistirmos a pessoas situadas nos mais altos postos da administra\u00e7\u00e3o p\u00fablica sem qualquer expertise para essa fun\u00e7\u00e3o. Uma leitura no curriculum de alguns desses pr\u00f3ceres mostra que ainda estamos muito longe de um modelo ideal de gest\u00e3o do Estado. Pior, continuamos a andar em c\u00edrculos, repetindo erros e atrasando nosso encontro com a modernidade. Sobre esse assunto h\u00e1 um material rico que todo gestor p\u00fablico precisa conhecer: \u201cO (des)alinhamento das agendas pol\u00edtica e burocr\u00e1tica no Senado: uma an\u00e1lise \u00e0 luz da teoria da ag\u00eancia, sob o ponto de vista do agente\u201d, de Luiz Eduardo da Silva Tostes. Uma contribui\u00e7\u00e3o inestim\u00e1vel para a administra\u00e7\u00e3o p\u00fablica. Nos \u00faltimos anos, o Senado tem feito uma reformula\u00e7\u00e3o administrativa que tem ajustado a Casa com mais transpar\u00eancia, economia e produtividade.<\/p>\n<p>Levantamento feito no minist\u00e9rio do atual governo mostra que mais de a metade dos ministros n\u00e3o tem qualifica\u00e7\u00e3o ou forma\u00e7\u00e3o acad\u00eamica ou t\u00e9cnica necess\u00e1ria para exercer a contento os desafios de cada pasta. Dos 23 cargos de primeiro escal\u00e3o, 11 foram ocupados por ministros sem a qualifica\u00e7\u00e3o que seria necess\u00e1ria. Um exemplo que chama a aten\u00e7\u00e3o foi a nomea\u00e7\u00e3o do um bispo licenciado da Igreja Universal para comandar o minist\u00e9rio da Ind\u00fastria e Com\u00e9rcio, uma pasta sens\u00edvel \u00e0 economia do pa\u00eds que exigiria, no m\u00ednimo, o comando de algu\u00e9m com um conhecimento real numa \u00e1rea que teve um decr\u00e9scimo de quase 9% em 2015.<\/p>\n<p>O mesmo se repete em outras pastas de grande complexidade para o pa\u00eds, como \u00e9 o caso do Minist\u00e9rio da Educa\u00e7\u00e3o, que \u00e9 ocupado hoje por um pol\u00edtico de carreira, sem familiaridade com o assunto, mas que deveria ser preenchido por um educador com not\u00f3rio saber na \u00e1rea. Muitos afirmam que o loteamento de altos postos da administra\u00e7\u00e3o p\u00fablica com base apenas no apoio pol\u00edtico, dentro do modelo de presidencialismo de coaliz\u00e3o, n\u00e3o tem grande import\u00e2ncia, j\u00e1 que s\u00e3o os t\u00e9cnicos de carreira, como os secret\u00e1rios executivos, que cuidam das pastas, cabendo aos ministros apenas as negocia\u00e7\u00f5es pol\u00edticas. Mas n\u00e3o \u00e9 bem assim. O fato que demonstra que esse modelo \u00e9 ruim para o pa\u00eds pode ser comprovado com a descontinuidade dos projetos, mesmo aqueles em que foram despejados bilh\u00f5es de reais.<\/p>\n<p>Por outro lado, acabam atrelando e centralizando as decis\u00f5es mais importantes e urgentes ao pr\u00f3prio presidente da Rep\u00fablica, dificultando avan\u00e7os necess\u00e1rios. Mesmo considerando o valor da pol\u00edtica para o fortalecimento do Estado Democr\u00e1tico de Direito, o que os pa\u00edses desenvolvidos t\u00eam demonstrado na pr\u00e1tica \u00e9 que a pr\u00f3pria sobreviv\u00eancia da democracia hoje exige a reformula\u00e7\u00e3o das gest\u00f5es governamentais, sobretudo atrav\u00e9s do uso das possibilidades oferecidas pelas nova tecnologias, disciplinando o Estado, reavaliando suas atribui\u00e7\u00f5es e qualificando a presta\u00e7\u00e3o de servi\u00e7os nas \u00e1reas de educa\u00e7\u00e3o e sa\u00fade. Principalmente agora, quando se assiste ao envelhecimento crescente da popula\u00e7\u00e3o. S\u00e3o novos paradigmas a exigir novas posturas, a come\u00e7ar pela qualidade acad\u00eamica do pessoal designado para altos postos.<\/p>\n<p>A frase que foi pronunciada<\/p>\n<p>\u201cA intelig\u00eancia \u00e9 a insol\u00eancia educada\u201d<\/p>\n<p>Arist\u00f3teles<\/p>\n<p>Release<\/p>\n<p>\u00bb Instituto Federal de Bras\u00edlia abre 1.018 vagas em cursos t\u00e9cnicos a dist\u00e2ncia. Oportunidades s\u00e3o para eventos, inform\u00e1tica, programa\u00e7\u00e3o de jogos digitais e hospedagem. Capacita\u00e7\u00e3o \u00e9 gratuita.<\/p>\n<p>Evas\u00e3o<\/p>\n<p>\u00bb Inacredit\u00e1veis 30% a 40 % dos estudantes do Pronatec terminam o curso apesar dos milh\u00f5es investidos.<\/p>\n<p>Obsoleto<\/p>\n<p>\u00bb Recebemos do leitor Rold\u00e3o Simas um e-mail com dois v\u00eddeos. Um chin\u00eas e outro brasileiro. A inten\u00e7\u00e3o \u00e9 mostrar como os Correios est\u00e3o atrasados tecnologicamente na triagem da correspond\u00eancia. No v\u00eddeo chin\u00eas, num estande colossal, os objetos transitam at\u00e9 o destino sem o toque humano. Norto Seng participa da missiva apontando a raz\u00e3o da demora na entrega de produtos comprados pela Internet. Absoluta falta de tecnologia.<\/p>\n<p>Como sempre<\/p>\n<p>\u00bb Liberdade de ir e vir e manifesta\u00e7\u00e3o da vontade. Os sindicatos precisam respeitar os trabalhadores. Na EBC foi um Deus nos acuda. O pessoal queria trabalhar, e o sindicato impedia a entrada.<\/p>\n<p>Hist\u00f3ria<\/p>\n<p>\u00bb Ricardo Guirlanda posta no FB mat\u00e9ria de p\u00e1gina inteira sobre a Telebras. \u201cBits de criatividade \u2014 Telebras ativa sua rede interna de comunica\u00e7\u00e3o de dados e experimenta em casa a comunica\u00e7\u00e3o do futuro\u201d.<\/p>\n<p>Hist\u00f3ria de Bras\u00edlia<\/p>\n<p>Ausente de Bras\u00edlia, propositadamente, \u201cpara n\u00e3o se desgastar politicamente\u201d, o sr. Juscelino Kubitschek comete um ato de pouco caso para com a cidade que criou. (Publicado em 08.10.1961)<\/p>\n","protected":false},"excerpt":{"rendered":"<p>Desde 1960 colunadoaricunha@gmail.com; com Circe Cunha e Mamfil Na rep\u00fablica dist\u00f3pica em que prosseguimos metidos, n\u00e3o estranha a bizarrice de assistirmos a pessoas situadas nos mais altos postos da administra\u00e7\u00e3o p\u00fablica sem qualquer expertise para essa fun\u00e7\u00e3o. Uma leitura no curriculum de alguns desses pr\u00f3ceres mostra que ainda estamos muito longe de um modelo ideal de gest\u00e3o do Estado. Pior, [&hellip;]<\/p>\n","protected":false},"author":34,"featured_media":0,"comment_status":"open","ping_status":"closed","sticky":false,"template":"","format":"standard","meta":{"footnotes":""},"categories":[23],"tags":[67,32],"class_list":["post-9219","post","type-post","status-publish","format-standard","hentry","category-integra","tag-brasilia-historiadebrasilia-aricunha-circecunha-mamfil","tag-politica-brasil-brasilia-mamfil-ari-cunha-circe-cunha"],"_links":{"self":[{"href":"https:\/\/blogs.correiobraziliense.com.br\/aricunha\/wp-json\/wp\/v2\/posts\/9219","targetHints":{"allow":["GET"]}}],"collection":[{"href":"https:\/\/blogs.correiobraziliense.com.br\/aricunha\/wp-json\/wp\/v2\/posts"}],"about":[{"href":"https:\/\/blogs.correiobraziliense.com.br\/aricunha\/wp-json\/wp\/v2\/types\/post"}],"author":[{"embeddable":true,"href":"https:\/\/blogs.correiobraziliense.com.br\/aricunha\/wp-json\/wp\/v2\/users\/34"}],"replies":[{"embeddable":true,"href":"https:\/\/blogs.correiobraziliense.com.br\/aricunha\/wp-json\/wp\/v2\/comments?post=9219"}],"version-history":[{"count":1,"href":"https:\/\/blogs.correiobraziliense.com.br\/aricunha\/wp-json\/wp\/v2\/posts\/9219\/revisions"}],"predecessor-version":[{"id":9220,"href":"https:\/\/blogs.correiobraziliense.com.br\/aricunha\/wp-json\/wp\/v2\/posts\/9219\/revisions\/9220"}],"wp:attachment":[{"href":"https:\/\/blogs.correiobraziliense.com.br\/aricunha\/wp-json\/wp\/v2\/media?parent=9219"}],"wp:term":[{"taxonomy":"category","embeddable":true,"href":"https:\/\/blogs.correiobraziliense.com.br\/aricunha\/wp-json\/wp\/v2\/categories?post=9219"},{"taxonomy":"post_tag","embeddable":true,"href":"https:\/\/blogs.correiobraziliense.com.br\/aricunha\/wp-json\/wp\/v2\/tags?post=9219"}],"curies":[{"name":"wp","href":"https:\/\/api.w.org\/{rel}","templated":true}]}}