{"id":9217,"date":"2017-11-15T00:36:16","date_gmt":"2017-11-15T02:36:16","guid":{"rendered":"https:\/\/blogs.correiobraziliense.com.br\/aricunha\/?p=9217"},"modified":"2017-11-16T06:37:03","modified_gmt":"2017-11-16T08:37:03","slug":"marcha-ao-caos","status":"publish","type":"post","link":"https:\/\/blogs.correiobraziliense.com.br\/aricunha\/marcha-ao-caos\/","title":{"rendered":"Marcha ao caos"},"content":{"rendered":"<p>Desde 1960<br \/>\ncolunadoaricunha@gmail.com;<br \/>\ncom Circe Cunha  e Mamfil<\/p>\n<p>\u201cEnquanto o Rio definha no caos social, esses sujeitos se empapu\u00e7am com o dinheiro da corrup\u00e7\u00e3o\u201d. A frase foi dita pelo procurador Carlos Alberto Gomes em entrevista coletiva ap\u00f3s a deflagra\u00e7\u00e3o da Opera\u00e7\u00e3o Cadeia Velha. Retrata um Brasil velho e conhecido da gente e que n\u00e3o se limita apenas \u00e0 ex-Cidade Maravilhosa, mas que medra por todo o territ\u00f3rio nacional como um c\u00e2ncer em met\u00e1stase avan\u00e7ada.<\/p>\n<p>A continuar nessa toada, logo ser\u00e1 necess\u00e1rio a cria\u00e7\u00e3o de um minist\u00e9rio, exclusivo, de combate \u00e0 corrup\u00e7\u00e3o, sob a chefia da Pol\u00edcia Federal. Agora se entende porque a interven\u00e7\u00e3o federal, h\u00e1 muito tempo necess\u00e1ria naquele estado, ainda n\u00e3o foi decretada. A quest\u00e3o \u00e9 que aqueles que deveriam se preocupar com esse assunto urgente s\u00e3o os mais interessados em manter o status quo do caos, j\u00e1 que \u00e9 da\u00ed que retiram a fortuna criminosa.<\/p>\n<p>O notici\u00e1rio do Distrito Federal demonstra tamb\u00e9m casos preocupantes de corrup\u00e7\u00e3o. Basta encarar o monumento mais vistoso desde a Copa, o Est\u00e1dio Nacional. Hoje, sabe-se que o mastodonte foi erguido com a finalidade de render propinas para as campanhas e para o enriquecimento f\u00e1cil de parte da classe pol\u00edtica local.<\/p>\n<p>A Opera\u00e7\u00e3o Mamon, iniciada pelo Minist\u00e9rio P\u00fablico daqui, revelou que a compra e a manuten\u00e7\u00e3o de centenas de viaturas da PMDF est\u00e3o eivadas de suspeitas de corrup\u00e7\u00e3o, com licita\u00e7\u00f5es direcionadas, pagamento de propinas e outras modalidades de crime que estariam acontecendo nos \u00faltimos 5 anos, envolvendo figuras de alta patente da Pol\u00edcia Militar.<\/p>\n<p>Na sanha de embolsar o alheio, nem mesmo pessoas portadoras de necessidades especiais e com doen\u00e7as graves escapam da a\u00e7\u00e3o desses malfeitores, como vem sendo noticiado sobre os casos de fraudes dentro do sistema de passe livre, no transporte coletivo do DF.<\/p>\n<p>Al\u00e9m dos vivos, tamb\u00e9m os mortos, na figura de seus familiares, s\u00e3o alvos das a\u00e7\u00f5es das m\u00e1fias das funer\u00e1rias que cobravam, segundo revelou a Opera\u00e7\u00e3o Caronte, da Pol\u00edcia Federal, milhares de reais por um sepultamento, no que ficou conhecido por \u201cmercado da morte\u201d. Levantamento realizado agora mostra que os contratos entre o GDF e as empresas prestadoras de servi\u00e7os de seguran\u00e7a e limpeza, pertencentes a deputados distritais e seus familiares, foram extremamente turbinadas, t\u00e3o logo seus controladores foram eleitos para a C\u00e2mara Legislativa. Somente o caso da Brasfort, ligada ao distrital Rob\u00e9rio Negreiros, d\u00e1 uma mostra desse esc\u00e2ndalo. Em apenas cinco anos, essa empresa saltou de um faturamento de R$ 8,4 milh\u00f5es, com o Executivo local, para R$ 213,2 milh\u00f5es, um crescimento espantoso de 2.408%.<\/p>\n<p>O mesmo se deu com a empresa Ipanema, pertencente \u00e0 fam\u00edlia do distrital Cristiano Ara\u00fajo (PSD), que pulou de um faturamento de R$ 32 milh\u00f5es em 2010, para R$ 96,8 em 2017.<\/p>\n<p>Num pa\u00eds s\u00e9rio, pol\u00edtico algum com assento no parlamento pode possuir empresa lucrando com o Estado.<\/p>\n<p>Opera\u00e7\u00e3o feita ontem pela Pol\u00edcia Federal come\u00e7ou a desbaratar uma quadrilha que agia dentro da Caixa Econ\u00f4mica no Distrito Federal. A suspeita da PF \u00e9 de que mais de R$ 400 milh\u00f5es foram desviados da institui\u00e7\u00e3o, dentro das \u00e1reas de tecnologia do banco, envolvendo funcion\u00e1rios da Caixa, empres\u00e1rios da \u00e1rea de TI e empresas de consultoria.<\/p>\n<p>Tantos casos escabrosos de desvios de dinheiro p\u00fablico, nas mais diversas \u00e1reas, acontecendo num ritmo alucinante, d\u00e3o-nos a certeza de que vamos tamb\u00e9m em acelerada marcha rumo ao caos que elegemos para n\u00f3s mesmos.<\/p>\n<p>A frase que foi pronunciada<\/p>\n<p>\u201cAs mentiras sempre foram consideradas instrumentos necess\u00e1rios e leg\u00edtimos, n\u00e3o somente do of\u00edcio do pol\u00edtico ou do demagogo, mas tamb\u00e9m do estadista.\u201d<\/p>\n<p>Hannah Arendt<\/p>\n<p>Pai&amp;Filho<\/p>\n<p>\u00bb Com a venda de past\u00e9is na parada do Pal\u00e1cio do Planalto, Claudiney est\u00e1 quase chegando ao total dos recursos para lan\u00e7ar o filho no esporte. Convidado por um time, o garoto promete.<\/p>\n<p>Hist\u00f3ria de Bras\u00edlia<\/p>\n<p>Os dois grandes nomes da pol\u00edtica brasileira est\u00e3o ausentes do pa\u00eds. Um, por for\u00e7a da ren\u00fancia, sr. J\u00e2nio Quadros, outro, por tend\u00eancias par ao turismo, sr. Juscelino Kubitschek. (Publicado em 08.10.1961)<\/p>\n","protected":false},"excerpt":{"rendered":"<p>Desde 1960 colunadoaricunha@gmail.com; com Circe Cunha e Mamfil \u201cEnquanto o Rio definha no caos social, esses sujeitos se empapu\u00e7am com o dinheiro da corrup\u00e7\u00e3o\u201d. A frase foi dita pelo procurador Carlos Alberto Gomes em entrevista coletiva ap\u00f3s a deflagra\u00e7\u00e3o da Opera\u00e7\u00e3o Cadeia Velha. Retrata um Brasil velho e conhecido da gente e que n\u00e3o se limita apenas \u00e0 ex-Cidade Maravilhosa, [&hellip;]<\/p>\n","protected":false},"author":34,"featured_media":0,"comment_status":"closed","ping_status":"closed","sticky":false,"template":"","format":"standard","meta":{"footnotes":""},"categories":[23],"tags":[33],"class_list":["post-9217","post","type-post","status-publish","format-standard","hentry","category-integra","tag-brasil-brasilia-politica-educacao-ari-cunha-mamfil-circecunha"],"_links":{"self":[{"href":"https:\/\/blogs.correiobraziliense.com.br\/aricunha\/wp-json\/wp\/v2\/posts\/9217","targetHints":{"allow":["GET"]}}],"collection":[{"href":"https:\/\/blogs.correiobraziliense.com.br\/aricunha\/wp-json\/wp\/v2\/posts"}],"about":[{"href":"https:\/\/blogs.correiobraziliense.com.br\/aricunha\/wp-json\/wp\/v2\/types\/post"}],"author":[{"embeddable":true,"href":"https:\/\/blogs.correiobraziliense.com.br\/aricunha\/wp-json\/wp\/v2\/users\/34"}],"replies":[{"embeddable":true,"href":"https:\/\/blogs.correiobraziliense.com.br\/aricunha\/wp-json\/wp\/v2\/comments?post=9217"}],"version-history":[{"count":1,"href":"https:\/\/blogs.correiobraziliense.com.br\/aricunha\/wp-json\/wp\/v2\/posts\/9217\/revisions"}],"predecessor-version":[{"id":9218,"href":"https:\/\/blogs.correiobraziliense.com.br\/aricunha\/wp-json\/wp\/v2\/posts\/9217\/revisions\/9218"}],"wp:attachment":[{"href":"https:\/\/blogs.correiobraziliense.com.br\/aricunha\/wp-json\/wp\/v2\/media?parent=9217"}],"wp:term":[{"taxonomy":"category","embeddable":true,"href":"https:\/\/blogs.correiobraziliense.com.br\/aricunha\/wp-json\/wp\/v2\/categories?post=9217"},{"taxonomy":"post_tag","embeddable":true,"href":"https:\/\/blogs.correiobraziliense.com.br\/aricunha\/wp-json\/wp\/v2\/tags?post=9217"}],"curies":[{"name":"wp","href":"https:\/\/api.w.org\/{rel}","templated":true}]}}