{"id":9213,"date":"2017-11-08T09:33:19","date_gmt":"2017-11-08T11:33:19","guid":{"rendered":"https:\/\/blogs.correiobraziliense.com.br\/aricunha\/?p=9213"},"modified":"2017-11-14T07:55:44","modified_gmt":"2017-11-14T09:55:44","slug":"as-letras-frias-da-lei","status":"publish","type":"post","link":"https:\/\/blogs.correiobraziliense.com.br\/aricunha\/as-letras-frias-da-lei\/","title":{"rendered":"As letras frias da lei"},"content":{"rendered":"<p>Desde 1960<br \/>\ncolunadoaricunha@gmail.com;<br \/>\ncom Circe Cunha  e Mamfil<\/p>\n<p>Reunidos numa mans\u00e3o, em um bairro nobre de S\u00e3o Paulo, os mais caros advogados criminalistas do pa\u00eds, que t\u00eam, em sua lista de clientes, nove entre dez personagens denunciados ou presos na Opera\u00e7\u00e3o Lava-Jato, resolveram unir for\u00e7as contra o que chamam de abusos cometidos pelo juiz S\u00e9rgio Moro e pelos procuradores do Minist\u00e9rio P\u00fablico. A inten\u00e7\u00e3o do grupo \u00e9 criar um instituto para fazer frente \u00e0s investidas do grupo de Moro, para quem esses requintados advogados nunca lograram qualquer \u00eaxito em suas pretens\u00f5es em livrar seus clientes do la\u00e7o apertado da Justi\u00e7a.<\/p>\n<p>Com o advento estrepitoso da Lava-Jato, os mais requintados escrit\u00f3rios de advocacia do pa\u00eds enxergaram, apressadamente, nessa ocasi\u00e3o a oportunidade de ouro de aumentar ao infinito os honor\u00e1rios milion\u00e1rios. Acostumados, desde sempre, a livrar gente do colarinho branco de embara\u00e7os com a lei, arrastando para o nunca a puni\u00e7\u00e3o desses fidalgos, por meio da ind\u00fastria de liminares, esses seletos advogados come\u00e7aram a sentir na pele, pela primeira vez, o sentido do art.5\u00ba da Constitui\u00e7\u00e3o, que diz que todos s\u00e3o iguais perante a lei.<\/p>\n<p>Fechados em suas redomas de vidro, os caus\u00eddicos n\u00e3o se deram conta dos novos tempos trazidos por ju\u00edzes jovens que v\u00e3o tomando assento nos tribunais de Justi\u00e7a. S\u00e3o magistrados que t\u00eam n\u00e3o apenas uma forma\u00e7\u00e3o t\u00e9cnica sobre o direito, mas, sobretudo, cuidam para que as leis n\u00e3o se afastem das inten\u00e7\u00f5es propostas pelo legislador, deixando de lado interpreta\u00e7\u00f5es pessoais e outras avalia\u00e7\u00f5es de cunho subjetivo.<\/p>\n<p>O juiz male\u00e1vel aos argumentos das partes e sens\u00edvel \u00e0 alta condi\u00e7\u00e3o social do acusado parece estar com os dias contados. Por muito tempo, o conhecimento emp\u00edrico das leis pareceu valer menos do que o conhecimento pessoal de cada juiz. Eram tempos em que n\u00e3o se viam malfeitores das altas esferas sociais atr\u00e1s das grades. Pris\u00e3o era coisa para preto e pobre. A proximidade perigosa entre magistrados e advogados, tornados amigos \u00edntimos nos sal\u00f5es da corte, n\u00e3o faz mais sentido. Da mesma forma, hoje, tornou-se absolutamente conden\u00e1vel que esses impolutos advogados, defensores prediletos de gente fina enrolada com as leis, recebam honor\u00e1rios cuja origem \u00e9 a mesma que levou seus clientes \u00e0s barras da Justi\u00e7a.<\/p>\n<p>Interceptados, como pombos-correio, servindo de pontes entre presos e o mundo exterior, muitos advogados se valem de suas fun\u00e7\u00f5es para atropelar a Justi\u00e7a, extrapolando o mister, na \u00e2nsia de p\u00f4r em liberdade quem, no fundo, sabe n\u00e3o possuir condi\u00e7\u00e3o alguma para tal.<\/p>\n<p>A frase que foi pronunciada<\/p>\n<p>\u201cViver \u00e9 isto: Ficar se equilibrando o tempo todo, entre escolhas e consequ\u00eancias.\u201d<\/p>\n<p>Sartre<\/p>\n<p>Ecad<\/p>\n<p>\u00bb Na p\u00e1gina do Escrit\u00f3rio Central de Arrecada\u00e7\u00e3o e Distribui\u00e7\u00e3o (Ecad) h\u00e1 um aviso de que tudo vai mudar. Sintonia, harmonia e parceria com acordes em arte e neg\u00f3cio s\u00e3o o que promete o mais misterioso organismo criado pela Constitui\u00e7\u00e3o de 1988. Aguarde as novidades, adverte.<\/p>\n<p>Adote<\/p>\n<p>\u00bb N\u00e3o compre alho, tenha tomatinhos cereja em casa, fa\u00e7a ch\u00e1s sem gastar, s\u00e3o dicas pr\u00e1ticas para quem deseja ter uma hora dom\u00e9stica at\u00e9 em apartamento. Em tempos de crise, um pequeno espa\u00e7o \u00e9 suficiente para economizar.<\/p>\n<p>Novidade<\/p>\n<p>\u00bb Por falar em plantas, a stevia (Stevia rebaudiana) \u00e9 f\u00e1cil de cultivar em qualquer vaso. Substitui perfeitamente o a\u00e7\u00facar, n\u00e3o tem caloria. \u00c9 promessa para desbancar a cana-de-a\u00e7\u00facar.<\/p>\n<p>Jovens<\/p>\n<p>\u00bb Bras\u00edlia vai sediar os Jogos Escolares da Juventude, que acontecer\u00e3o entre os dias16 e 25 deste m\u00eas. O GDF recupera a pista de atletismo do Cief e prepara o Centro Integrado de Educa\u00e7\u00e3o F\u00edsica para receber os atletas. Esporte e artes s\u00e3o o caminho para uma juventude saud\u00e1vel. Lu\u00eds Carlos Ferreira, diretor do centro, recebe todo o apoio necess\u00e1rio para que o evento seja um sucesso.<\/p>\n<p>Release<\/p>\n<p>\u00bb \u00c9 preciso ter uma forma\u00e7\u00e3o profissional multidisciplinar para trabalhar na \u00e1rea de gest\u00e3o do esporte com sucesso. O dom\u00ednio de marketing, administra\u00e7\u00e3o, gest\u00e3o de neg\u00f3cios, eventos e educa\u00e7\u00e3o f\u00edsica \u00e9 fundamental. Para os interessados, a Contec promover\u00e1, no audit\u00f3rio da sede em Bras\u00edlia, nos dias 11 e 12 pr\u00f3ximos, um evento intitulado Workshop \u2014 gest\u00e3o e incentivo ao esporte atrav\u00e9s de recursos p\u00fablicos no Brasil. Entre o p\u00fablico-alvo est\u00e3o gestores de entidades esportivas, administradores de clubes, federa\u00e7\u00f5es, confedera\u00e7\u00f5es, al\u00e9m de organizadores de eventos esportivos.<\/p>\n<p>Hist\u00f3ria de Bras\u00edlia<\/p>\n<p>O melhor depoimento jornal\u00edstico sobre a crise surgida com a ren\u00fancia do sr. J\u00e2nio Quadros est\u00e1 mutilado. \u00c9 o do jornalista Reinaldo Ribeiro, secret\u00e1rio de imprensa do sr. Mazzilli. For\u00e7as pol\u00edticas est\u00e3o fazendo tudo para que o jornal n\u00e3o publique certos detalhes. (Publicado em 7\/10\/1961)<\/p>\n","protected":false},"excerpt":{"rendered":"<p>Desde 1960 colunadoaricunha@gmail.com; com Circe Cunha e Mamfil Reunidos numa mans\u00e3o, em um bairro nobre de S\u00e3o Paulo, os mais caros advogados criminalistas do pa\u00eds, que t\u00eam, em sua lista de clientes, nove entre dez personagens denunciados ou presos na Opera\u00e7\u00e3o Lava-Jato, resolveram unir for\u00e7as contra o que chamam de abusos cometidos pelo juiz S\u00e9rgio Moro e pelos procuradores do [&hellip;]<\/p>\n","protected":false},"author":34,"featured_media":0,"comment_status":"closed","ping_status":"open","sticky":false,"template":"","format":"standard","meta":{"footnotes":""},"categories":[23],"tags":[32],"class_list":["post-9213","post","type-post","status-publish","format-standard","hentry","category-integra","tag-politica-brasil-brasilia-mamfil-ari-cunha-circe-cunha"],"_links":{"self":[{"href":"https:\/\/blogs.correiobraziliense.com.br\/aricunha\/wp-json\/wp\/v2\/posts\/9213","targetHints":{"allow":["GET"]}}],"collection":[{"href":"https:\/\/blogs.correiobraziliense.com.br\/aricunha\/wp-json\/wp\/v2\/posts"}],"about":[{"href":"https:\/\/blogs.correiobraziliense.com.br\/aricunha\/wp-json\/wp\/v2\/types\/post"}],"author":[{"embeddable":true,"href":"https:\/\/blogs.correiobraziliense.com.br\/aricunha\/wp-json\/wp\/v2\/users\/34"}],"replies":[{"embeddable":true,"href":"https:\/\/blogs.correiobraziliense.com.br\/aricunha\/wp-json\/wp\/v2\/comments?post=9213"}],"version-history":[{"count":1,"href":"https:\/\/blogs.correiobraziliense.com.br\/aricunha\/wp-json\/wp\/v2\/posts\/9213\/revisions"}],"predecessor-version":[{"id":9214,"href":"https:\/\/blogs.correiobraziliense.com.br\/aricunha\/wp-json\/wp\/v2\/posts\/9213\/revisions\/9214"}],"wp:attachment":[{"href":"https:\/\/blogs.correiobraziliense.com.br\/aricunha\/wp-json\/wp\/v2\/media?parent=9213"}],"wp:term":[{"taxonomy":"category","embeddable":true,"href":"https:\/\/blogs.correiobraziliense.com.br\/aricunha\/wp-json\/wp\/v2\/categories?post=9213"},{"taxonomy":"post_tag","embeddable":true,"href":"https:\/\/blogs.correiobraziliense.com.br\/aricunha\/wp-json\/wp\/v2\/tags?post=9213"}],"curies":[{"name":"wp","href":"https:\/\/api.w.org\/{rel}","templated":true}]}}