{"id":9200,"date":"2017-11-09T01:49:59","date_gmt":"2017-11-09T03:49:59","guid":{"rendered":"https:\/\/blogs.correiobraziliense.com.br\/aricunha\/?p=9200"},"modified":"2017-11-14T07:55:42","modified_gmt":"2017-11-14T09:55:42","slug":"papa-francisco-pede-mais-oracoes-para-ele-saibam-razao","status":"publish","type":"post","link":"https:\/\/blogs.correiobraziliense.com.br\/aricunha\/papa-francisco-pede-mais-oracoes-para-ele-saibam-razao\/","title":{"rendered":"Papa Francisco pede mais ora\u00e7\u00f5es para ele. Saibam a raz\u00e3o"},"content":{"rendered":"<p>Desde 1960<br \/>\ncolunadoaricunha@gmail.com;<br \/>\ncom Circe Cunha  e Mamfil<\/p>\n<p>\u201cS\u00f3 em sua pr\u00f3pria terra, entre seus parentes e em sua pr\u00f3pria casa, \u00e9 que um profeta n\u00e3o tem honra\u201d. Marcos 6:4<\/p>\n<p>Not\u00edcias vindas do Vaticano confirmam as previs\u00f5es, feitas \u00e0 \u00e9poca da escolha do Papa Francisco para comandar os destinos da Igreja Cat\u00f3lica no mundo, de que esse seria um Pont\u00edfice bem diferente de todos os que haviam passado pelo trono de Pedro. Diferente e avesso ao conservadorismo reinante desde sempre naquele Estado.<\/p>\n<p>Com posi\u00e7\u00f5es pessoais, um tanto liberais para o establishment local, Francisco vem compreendendo, aos poucos, como ser\u00e1 dif\u00edcil administrar a sede central da igreja, adormecida por s\u00e9culos de contradi\u00e7\u00f5es e onde o poder temporal e as disputas materiais de pessoas e grupos em nada se diferencia de outros Estados.<\/p>\n<p>A oposi\u00e7\u00e3o ao atual papa \u00e9 vis\u00edvel aos olhos de todos, mesmo daqueles que n\u00e3o est\u00e3o acostumados ao dia a dia da Santa S\u00e9. Existem rumores cada vez maiores de que Francisco esteja sendo, para usar uma imagem familiar, \u201cfritado\u201d aos poucos, com intuito de desacredit\u00e1-lo e de enfraquecer suas posi\u00e7\u00f5es. Tramas pol\u00edticas sempre fizeram parte da Hist\u00f3ria do Vaticano e muitos foram os papas que, por n\u00e3o enfrent\u00e1-las com rigor, acabaram em desgra\u00e7a.<\/p>\n<p>Embora amado por milh\u00f5es, Francisco n\u00e3o tem encontrado acolhida pac\u00edfica dentro da sede da Igreja. Meses atr\u00e1s a cidade do Vaticano e em seu entorno amanheceu repleta de cartazes ap\u00f3crifos criticando o Papa por ter destitu\u00eddo os chefes das congrega\u00e7\u00f5es, removido sacerdotes, enfraquecido a Ordem de Malta e dos Franciscanos da Imaculada, al\u00e9m de ter ignorado cardeais. \u201cOnde est\u00e1 sua miseric\u00f3rdia?\u201d, perguntava o cartaz. Aqueles que sempre gozaram de privil\u00e9gios no Vaticano, vivendo como verdadeiros magnatas, rodeados de mordomias, veem na figura de Francisco uma amea\u00e7a que deve ser removida o mais r\u00e1pido poss\u00edvel.<\/p>\n<p>Ap\u00f3s sua chegada houve uma reestrutura\u00e7\u00e3o e um enxugamento das finan\u00e7as do Vaticano. Para tanto Francisco nomeou gente de sua estreita confian\u00e7a para a tarefa monumental. Criou comiss\u00f5es para debelar os v\u00e1rios casos de abuso sexual de crian\u00e7as dentro da Igreja, revelando sua toler\u00e2ncia zero contra esses criminosos.<\/p>\n<p>Por outro lado, o papa n\u00e3o tem poupado cr\u00edticas severas ao capitalismo excludente. Al\u00e9m disso tem seu dedo na aproxima\u00e7\u00e3o de Cuba com os EUA. \u00c9 dele tamb\u00e9m os esfor\u00e7os para encerrar os conflitos de d\u00e9cadas entre o governo da Col\u00f4mbia e os guerrilheiros das Farc.<\/p>\n<p>Por sua postura em favor de uma igreja mais tolerante em quest\u00f5es familiares, como o div\u00f3rcio e principalmente com rela\u00e7\u00e3o aos cat\u00f3licos homossexuais, o papa tem sido perseguido e criticado abertamente pela ala mais ortodoxa do catolicismo. O papa, dizem seus detratores, \u00e9 vig\u00e1rio de Cristo na Terra, mas n\u00e3o \u00e9 Cristo.<\/p>\n<p>Para essa ala conservadora, a igreja se encontra agora imersa na confus\u00e3o e desorientada. Para muitos especialistas em Vaticano, o papa vem sendo alvo de uma forte oposi\u00e7\u00e3o nos campos teol\u00f3gicos, institucionais e pol\u00edticos. Para Francisco \u00e9 chegada a hora de a igreja aceitar a realidade da sociedade contempor\u00e2nea de modo a n\u00e3o se distanciar muito do mundo atual, perdendo com isso parte consider\u00e1vel de fi\u00e9is em toda a parte.<\/p>\n<p>Fazer ajustes de percurso numa institui\u00e7\u00e3o que por mais de dois s\u00e9culos se mant\u00e9m firme em suas posi\u00e7\u00f5es, \u00e9, para muitos, um movimento perigoso e que pode abalar as estruturas da igreja. De todas as oposi\u00e7\u00f5es, a mais dura de ser enfrentada \u00e9 a oposi\u00e7\u00e3o pol\u00edtica. Num mundo em que as posi\u00e7\u00f5es de direita parecem se erguerem, as atitudes do papa Francisco assustam e s\u00e3o consideradas uma amea\u00e7a ao status quo, dentro e fora do Vaticano.<\/p>\n<p>O arco de grupos que v\u00eam agindo abertamente contra Francisco vai desde os fabricantes de armas at\u00e9 os governos conservadores na Europa e EUA. Suas posi\u00e7\u00f5es em prol da ecologia e de um mundo mais fraterno incomodam muitas lideran\u00e7as mundo afora. A verdade \u00e9 que os tempos de mudan\u00e7as chegaram ao Vaticano para desestabilizar todos aqueles que estavam confortavelmente instalados e desfrutando de todos os privil\u00e9gios.<\/p>\n<p>\u00c0 semelhan\u00e7a de Cristo, Francisco veio para confundir e sacudir a poeira milenar. Dessa forma vai se cumprindo o dito b\u00edblico: Portanto, qualquer que me confessar diante dos homens, eu o confessarei diante de meu Pai, que est\u00e1 nos c\u00e9us. Mas qualquer que me negar diante dos homens, eu o negarei tamb\u00e9m diante de meu Pai, que est\u00e1 nos c\u00e9us. N\u00e3o cuideis que vim trazer a paz \u00e0 terra; n\u00e3o vim trazer paz, mas espada. Mateus 10, 32-34.<\/p>\n<p>Talvez seja por esse motivo que Francisco vem repetidamente pedindo a todos que orem por ele.<\/p>\n<p>A frase que foi pronunciada<\/p>\n<p>\u201cEngana-se quem acha que a riqueza e o status atraem inveja&#8230; as pessoas invejam mesmo \u00e9 o sorriso f\u00e1cil, a luz pr\u00f3pria, a felicidade simples e sincera e a paz interior.\u201d<\/p>\n<p>Papa Francisco<\/p>\n<p>Como ficou<\/p>\n<p>\u00bb Aquele caso de sequestro que aconteceu no Conic rendeu \u00e0 sequestradora 2 anos e 6 meses de reclus\u00e3o em regime inicial semiaberto. A sequestradora se aproximou da m\u00e3e da crian\u00e7a, Arlete Bastos da Silva, que na ingenuidade pueril pensou ter feito uma forte amizade.<\/p>\n<p>Novidade<\/p>\n<p>\u00bb Membros do Executivo, Legislativo, CNJ e TSE que comp\u00f5em o Comit\u00ea Gestor de Identifica\u00e7\u00e3o Civil Nacional decidiram que o CPF ser\u00e1 adotado como n\u00famero p\u00fablico de identifica\u00e7\u00e3o do cidad\u00e3o brasileiro. Se o CPF dos membros do comit\u00ea tamb\u00e9m forem expostos \u00e9 porque a ideia \u00e9 boa.<\/p>\n<p>Ideal &amp; real<\/p>\n<p>\u00bb Rodrigo Rollemberg sempre foi uma pessoa sorridente, alegre, apreciador da m\u00fasica e poesia. Est\u00e1 visivelmente abatido. \u00c9 preciso ter nervos de a\u00e7o para governar. Fosse somente governar seria simples. Mas n\u00e3o \u00e9. Mesmo na cerim\u00f4nia da inaugura\u00e7\u00e3o da Farm\u00e1cia de alto custo do Gama, que \u00e9 uma iniciativa de valor inestim\u00e1vel, o governador parecia triste.<\/p>\n<p>Pratas da Casa<\/p>\n<p>\u00bb Por falar nisso foi uma beleza a entrega do pr\u00eamio aos ganhadores do Festival de M\u00fasica das Escolas P\u00fablicas do DF. O Centro de Conven\u00e7\u00f5es Ulysses Guimar\u00e3es emanava alegria. Esse tipo de iniciativa \u00e9 important\u00edssima para a cidade. Mobilizar estudantes para a cria\u00e7\u00e3o \u00e9 um passo certo de um futuro mais promissor. Os alunos ganhadores s\u00e3o do Centro de Ensino M\u00e9dio 414 de Samambaia Norte. Linda voz, Allany.<\/p>\n<p>Hist\u00f3ria de Bras\u00edlia<\/p>\n<p>Um dos pontos a que deu mais \u00eanfase o sr. Diogo Lordello em seu discurso na posse do presidente da Novacap, \u00e9 no que se refere \u00e0s rela\u00e7\u00f5es entre a Companhia e a Prefeitura. (Publicado em 07.10.1961)<\/p>\n","protected":false},"excerpt":{"rendered":"<p>Desde 1960 colunadoaricunha@gmail.com; com Circe Cunha e Mamfil \u201cS\u00f3 em sua pr\u00f3pria terra, entre seus parentes e em sua pr\u00f3pria casa, \u00e9 que um profeta n\u00e3o tem honra\u201d. Marcos 6:4 Not\u00edcias vindas do Vaticano confirmam as previs\u00f5es, feitas \u00e0 \u00e9poca da escolha do Papa Francisco para comandar os destinos da Igreja Cat\u00f3lica no mundo, de que esse seria um Pont\u00edfice [&hellip;]<\/p>\n","protected":false},"author":34,"featured_media":0,"comment_status":"closed","ping_status":"open","sticky":false,"template":"","format":"standard","meta":{"footnotes":""},"categories":[23],"tags":[32],"class_list":["post-9200","post","type-post","status-publish","format-standard","hentry","category-integra","tag-politica-brasil-brasilia-mamfil-ari-cunha-circe-cunha"],"_links":{"self":[{"href":"https:\/\/blogs.correiobraziliense.com.br\/aricunha\/wp-json\/wp\/v2\/posts\/9200","targetHints":{"allow":["GET"]}}],"collection":[{"href":"https:\/\/blogs.correiobraziliense.com.br\/aricunha\/wp-json\/wp\/v2\/posts"}],"about":[{"href":"https:\/\/blogs.correiobraziliense.com.br\/aricunha\/wp-json\/wp\/v2\/types\/post"}],"author":[{"embeddable":true,"href":"https:\/\/blogs.correiobraziliense.com.br\/aricunha\/wp-json\/wp\/v2\/users\/34"}],"replies":[{"embeddable":true,"href":"https:\/\/blogs.correiobraziliense.com.br\/aricunha\/wp-json\/wp\/v2\/comments?post=9200"}],"version-history":[{"count":1,"href":"https:\/\/blogs.correiobraziliense.com.br\/aricunha\/wp-json\/wp\/v2\/posts\/9200\/revisions"}],"predecessor-version":[{"id":9202,"href":"https:\/\/blogs.correiobraziliense.com.br\/aricunha\/wp-json\/wp\/v2\/posts\/9200\/revisions\/9202"}],"wp:attachment":[{"href":"https:\/\/blogs.correiobraziliense.com.br\/aricunha\/wp-json\/wp\/v2\/media?parent=9200"}],"wp:term":[{"taxonomy":"category","embeddable":true,"href":"https:\/\/blogs.correiobraziliense.com.br\/aricunha\/wp-json\/wp\/v2\/categories?post=9200"},{"taxonomy":"post_tag","embeddable":true,"href":"https:\/\/blogs.correiobraziliense.com.br\/aricunha\/wp-json\/wp\/v2\/tags?post=9200"}],"curies":[{"name":"wp","href":"https:\/\/api.w.org\/{rel}","templated":true}]}}