{"id":9191,"date":"2017-11-03T03:21:50","date_gmt":"2017-11-03T05:21:50","guid":{"rendered":"https:\/\/blogs.correiobraziliense.com.br\/aricunha\/?p=9191"},"modified":"2017-11-14T07:55:49","modified_gmt":"2017-11-14T09:55:49","slug":"lampiao-e-os-politicos-enjaulados","status":"publish","type":"post","link":"https:\/\/blogs.correiobraziliense.com.br\/aricunha\/lampiao-e-os-politicos-enjaulados\/","title":{"rendered":"Lampi\u00e3o e os pol\u00edticos enjaulados"},"content":{"rendered":"<p> Desde 1960<br \/>\ncolunadoaricunha@gmail.com;<\/p>\n<p>com Circe Cunha  e Mamfil<\/p>\n<p>         Vai ficando cada vez mais claro para todo mundo, que os sistemas penal e jur\u00eddico brasileiro n\u00e3o estavam nem um pouco preparados para se ajustar a nova realidade trazida pela Opera\u00e7\u00e3o Lava Jato e cong\u00eaneres. Principalmente com rela\u00e7\u00e3o a pris\u00e3o de grandes figur\u00f5es da rep\u00fablica. Acostumados ,por d\u00e9cadas, com a leni\u00eancia da justi\u00e7a , contando ainda com a blindagem dos cargos , o compadrio c\u00famplice de seus pares e sob a prote\u00e7\u00e3o dos mais caros escrit\u00f3rios de advocacia do pa\u00eds, muitos de nossos pol\u00edticos v\u00eam , de longa data, saqueando o Estado, atrav\u00e9s da transforma\u00e7\u00e3o dos partidos em verdadeiras lavanderias de propinas.<br \/>\n         Contando ainda com apoios discretos em toda a parte, a pris\u00e3o desses personagens de ponta tem sido uma dor de cabe\u00e7a para todos aqueles que ainda acreditam na efetividade da justi\u00e7a. A entrada e sa\u00edda advogados, sem qualquer fiscaliza\u00e7\u00e3o nos pres\u00eddios, tem mostrado o quanto \u00e9 f\u00e1cil para essa gente, mandar e receber recados, montar estrat\u00e9gias para desacreditar ju\u00edzes \u00edntegros, amea\u00e7ar agentes da lei, subornar carcereiros, e urdir estrat\u00e9gias mais desleais para escapar das garras da lei.<br \/>\n         O correto e mais sensato, seria afastar esses figur\u00f5es de seus feudos e capitanias , mandado-os para pres\u00eddios bem distantes de seus currais eleitorais, onde n\u00e3o possuam ascend\u00eancia . Coloc\u00e1-los sobre estrita vigil\u00e2ncia, deveria ser a primeira provid\u00eancia. N\u00e3o se trata aqui de revanchismo tolo , mas da simples constata\u00e7\u00e3o de que esse tipo de preso , por sua influ\u00eancia e pelo poder que ainda exerce sobre muitos de seus comparsas ainda livres , \u00e9 de extrema periculosidade para a sociedade.<br \/>\n         N\u00e3o s\u00e3o bandidos comuns, p\u00e9s de chinelo, mas  gente que conhece os meandros do Estado, a culpa de cada um e n\u00e3o raro contam com a simpatia cordial nas altas cortes. As seguidas amea\u00e7as, veladas ou n\u00e3o, feitas aos membros do judici\u00e1rio por estes presos, por si s\u00f3, j\u00e1 bastariam para enquadr\u00e1-los sob o mais severo regime disciplinar.<br \/>\n         A amea\u00e7a aqui, \u00e9 que a livre comunica\u00e7\u00e3o entre os que est\u00e3o enjaulados e seus pares do lado de fora , que ainda est\u00e3o com assento nos Legislativos do pa\u00eds, possa ensejar a confec\u00e7\u00e3o de leis de anistias, de abuso de autoridade, ou outras que impe\u00e7am a pris\u00e3o j\u00e1 em segunda inst\u00e2ncia. \u00c9 preciso n\u00e3o subestimar o poderio desse tipo de preso, muito menos sua capacidade de influir para soterrar as opera\u00e7\u00f5es do Minist\u00e9rio P\u00fablico e da Pol\u00edcia Federal. Ingenuidade pensar que este indiv\u00edduos passem a maior parte do dia lendo poesia e escrevendo di\u00e1rios sobre suas experi\u00eancias pessoais.<br \/>\n         Estes nov\u00edssimos presidi\u00e1rios est\u00e3o diuturnamente tramando, amea\u00e7ando, articulando e bolando planos para manter o status quo antigo onde, do alto de seus postos, roubavam um pa\u00eds inteiro, levando milh\u00f5es de brasileiros a mais vil mis\u00e9ria. Sem educa\u00e7\u00e3o, sem sa\u00fade, sem seguran\u00e7a. Taxas, impostos, \u00e1gua, luz, gasolina, pre\u00e7os cada vez mais altos galgando na passividade da popula\u00e7\u00e3o.<br \/>\n          N\u00e3o se sabe ainda o valor exato da dinheirama desviada dos cofres p\u00fablicos por estes sujeitos. O \u00f3bvio \u00e9 que pela situa\u00e7\u00e3o em que se encontra o pa\u00eds, do ponto de vista econ\u00f4mico, social , \u00e9tico e pol\u00edtico, o montante rapinado empurrou o pa\u00eds para a mais profunda crise de toda a sua hist\u00f3ria. N\u00e3o \u00e9 pouca coisa. Por isso todo o cuidado \u00e9 pouco.<br \/>\n         O caso do Rio de Janeiro \u00e9 o mais simb\u00f3lico. Por se tratar de uma antiga capital federal e cart\u00e3o de visita do pa\u00eds, \u00e9 neste estado da federa\u00e7\u00e3o que est\u00e3o caracterizados, da melhor forma poss\u00edvel, o qu\u00e3o nefasto pode ser o desvio de conduta das autoridades e qu\u00e3o danosas s\u00e3o as repercuss\u00f5es, quando pessoas designadas pela popula\u00e7\u00e3o para cuidar do Estado se transformam em bandidos e membros de quadrilhas que fariam hoje o bando de Lampi\u00e3o ser visto como dan\u00e7arinos de alguma festa de S\u00e3o Jo\u00e3o.<\/p>\n<p>A frase que foi pronunciada:<br \/>\n\u201cPor detr\u00e1s de uma grande fortuna h\u00e1 um crime.\u201d<br \/>\nHonor\u00e9 de Balzac<\/p>\n<p>Polinizar o saber<br \/>\nCurso de capacita\u00e7\u00e3o prepara os t\u00e9cnicos da Emater para a AgroBras\u00edlia de 2018 que ter\u00e1 como destaque a cria\u00e7\u00e3o de abelhas. \u00c1lvaro Castro, gerente de Metodologia e Comunica\u00e7\u00e3o Rural explica: \u201cTemos muitos extensionistas com especializa\u00e7\u00e3o, mestrado e doutorado. Este foi o primeiro curso em que estamos aproveitando nosso pr\u00f3prio saber para disseminar entre os demais\u201d, explicou.<\/p>\n<p>Emprego<br \/>\nAten\u00e7\u00e3o garotada que quer trabalhar. O aeroporto est\u00e1 com vagas para atendentes. \u00c9 s\u00f3 entrar no FB para buscar os detalhes.<\/p>\n<p>Insulto<br \/>\nQuando a Receita Federal anunciou que a revista da Organiza\u00e7\u00e3o da Avia\u00e7\u00e3o Civil Internacional destacou o Sistema de reconhecimento facial, novidade adotada pela institui\u00e7\u00e3o, o leitor paulista Roberto Galv\u00e3o comentou: \u201cEm contrapartida, os pol\u00edticos caras de pau mais conhecidos e reconhecidos do mundo, nunca caem em malha nenhuma n\u00e9?\u201d<\/p>\n<p>HIST\u00d3RIA DE BRAS\u00cdLIA 03\/11\/2017<br \/>\nAo ponto em que as coisas chegaram, a reconquista da confian\u00e7a no empreendimento \u00e9 uma obra dific\u00edlima, e precisa de um grande comandante, que saiba merecer a confian\u00e7a de todos. E o governo n\u00e3o v\u00ea isto, e o governo n\u00e3o enxerga, n\u00e3o compreende, foge, esguia-se, e teima em procurar um estranho. (Publicado em 06.10.1961)<\/p>\n","protected":false},"excerpt":{"rendered":"<p>Desde 1960 colunadoaricunha@gmail.com; com Circe Cunha e Mamfil Vai ficando cada vez mais claro para todo mundo, que os sistemas penal e jur\u00eddico brasileiro n\u00e3o estavam nem um pouco preparados para se ajustar a nova realidade trazida pela Opera\u00e7\u00e3o Lava Jato e cong\u00eaneres. Principalmente com rela\u00e7\u00e3o a pris\u00e3o de grandes figur\u00f5es da rep\u00fablica. Acostumados ,por d\u00e9cadas, com a leni\u00eancia da [&hellip;]<\/p>\n","protected":false},"author":34,"featured_media":0,"comment_status":"closed","ping_status":"open","sticky":false,"template":"","format":"standard","meta":{"footnotes":""},"categories":[23],"tags":[32],"class_list":["post-9191","post","type-post","status-publish","format-standard","hentry","category-integra","tag-politica-brasil-brasilia-mamfil-ari-cunha-circe-cunha"],"_links":{"self":[{"href":"https:\/\/blogs.correiobraziliense.com.br\/aricunha\/wp-json\/wp\/v2\/posts\/9191","targetHints":{"allow":["GET"]}}],"collection":[{"href":"https:\/\/blogs.correiobraziliense.com.br\/aricunha\/wp-json\/wp\/v2\/posts"}],"about":[{"href":"https:\/\/blogs.correiobraziliense.com.br\/aricunha\/wp-json\/wp\/v2\/types\/post"}],"author":[{"embeddable":true,"href":"https:\/\/blogs.correiobraziliense.com.br\/aricunha\/wp-json\/wp\/v2\/users\/34"}],"replies":[{"embeddable":true,"href":"https:\/\/blogs.correiobraziliense.com.br\/aricunha\/wp-json\/wp\/v2\/comments?post=9191"}],"version-history":[{"count":1,"href":"https:\/\/blogs.correiobraziliense.com.br\/aricunha\/wp-json\/wp\/v2\/posts\/9191\/revisions"}],"predecessor-version":[{"id":9192,"href":"https:\/\/blogs.correiobraziliense.com.br\/aricunha\/wp-json\/wp\/v2\/posts\/9191\/revisions\/9192"}],"wp:attachment":[{"href":"https:\/\/blogs.correiobraziliense.com.br\/aricunha\/wp-json\/wp\/v2\/media?parent=9191"}],"wp:term":[{"taxonomy":"category","embeddable":true,"href":"https:\/\/blogs.correiobraziliense.com.br\/aricunha\/wp-json\/wp\/v2\/categories?post=9191"},{"taxonomy":"post_tag","embeddable":true,"href":"https:\/\/blogs.correiobraziliense.com.br\/aricunha\/wp-json\/wp\/v2\/tags?post=9191"}],"curies":[{"name":"wp","href":"https:\/\/api.w.org\/{rel}","templated":true}]}}