{"id":9177,"date":"2017-10-28T03:12:20","date_gmt":"2017-10-28T05:12:20","guid":{"rendered":"https:\/\/blogs.correiobraziliense.com.br\/aricunha\/?p=9177"},"modified":"2017-11-14T07:55:55","modified_gmt":"2017-11-14T09:55:55","slug":"existencia-do-df-e-crise-hidrica","status":"publish","type":"post","link":"https:\/\/blogs.correiobraziliense.com.br\/aricunha\/existencia-do-df-e-crise-hidrica\/","title":{"rendered":"Exist\u00eancia do DF e a crise h\u00eddrica"},"content":{"rendered":"<p>Desde 1960<br \/>\ncolunadoaricunha@gmail.com;<br \/>\ncom Circe Cunha e Mamfil<\/p>\n<p> \tCom apenas 5.801,9Km\u00b2, o Distrito Federal se apresenta como um pequeno quadrado instalado bem no cora\u00e7\u00e3o da vasta regi\u00e3o Centro-Oeste. Por isso, no nosso caso espec\u00edfico, vale o dito: geografia \u00e9 destino e tamb\u00e9m fatalidade. O que vier a acontecer na regi\u00e3o central do Brasil, ter\u00e1 reflexos diretos em Bras\u00edlia, ditando inclusive a sua viabilidade futura como capital.<br \/>\n      Dessa forma fica mais do que evidente que os esfor\u00e7os no sentido de debelar, de modo satisfat\u00f3rio, a atual crise h\u00eddrica, tem necessariamente que ser estendidos a toda a regi\u00e3o circundante, num esfor\u00e7o conjunto, persistente e de longo prazo. Sem isso, n\u00e3o h\u00e1 solu\u00e7\u00e3o para o problema crescente de falta de \u00e1gua. Ambientalistas brasileiros e internacionais, que bem entendem do problema, s\u00e3o un\u00e2nimes em reconhecer que a regi\u00e3o Centro-Oeste do pa\u00eds e principalmente todo o bioma Cerrado est\u00e3o na imin\u00eancia de vir a se transformar, em pouco tempo, num grande e \u00e1rido deserto, por conta da gan\u00e2ncia humana desmedida e inescrupulosa.<br \/>\n        Observando o que vem se passando , num raio de pouco mais de 500 KM em torno da capital, \u00e9 poss\u00edvel agora ter uma ideia mais precisa dos ser\u00edssimos problemas que a anos vem ocorrendo e se acumulando em toda regi\u00e3o, e que mesmo a despeito dos seguidos alertas feitos, n\u00e3o foram enfrentados de forma pronta e respons\u00e1vel pelas autoridades. Nos \u00faltimos anos centenas de pequenos riachos e afluentes de rios caudalosos, simplesmente deixaram de existir. O mesmo fen\u00f4meno vem acontecendo com nascentes e lagoas: a maioria esta em avan\u00e7ado processo de desaparecimento.<br \/>\n        O que ocorre na regi\u00e3o Centro-Oeste se repete no restante do pa\u00eds. Dados divulgados agora pelo Observat\u00f3rio do Clima, mostram que no Brasil as emiss\u00f5es de gases de efeito estufa aumentaram em 8,9% no ano passado e dever\u00e3o seguir a mesma tend\u00eancia este ano. \u00c9 o n\u00edvel mais alto desde 2008 e a maior eleva\u00e7\u00e3o vista desde 2004, alertam os cientistas. No ano passado o pa\u00eds emitiu 2,278 bilh\u00f5es de toneladas brutas de g\u00e1s carb\u00f4nico equivalente (CO2e), o que coloca o Brasil como a s\u00e9timo maior poluidor do planeta. Pior \u00e9 que esse aumento de polui\u00e7\u00e3o se deu em meio a maior recess\u00e3o econ\u00f4mica da hist\u00f3ria do pa\u00eds, o que equivale a dizer o Brasil aumentou os \u00edndices de polui\u00e7\u00e3o sem gerar riqueza alguma para os brasileiros.<br \/>\n       O aumento de polui\u00e7\u00e3o se deu exclusivamente por conta do desmatamento, mudan\u00e7as de uso da terra e em consequ\u00eancia das seguidas queimadas. \u201cTemos hoje a pior manchete clim\u00e1tica do planeta: aumento de emiss\u00f5es em raz\u00e3o de desenfreada destrui\u00e7\u00e3o florestal e totalmente dissociado da economia. N\u00e3o vai adiantar o governo e os ruralistas dizerem l\u00e1 fora que o agro \u00e9 pop; n\u00e3o v\u00e3o convencer a comunidade internacional e os mercados de que est\u00e1 tudo bem por aqui\u201d, afirmou Carlos Rittl, secret\u00e1rio-executivo do Observat\u00f3rio do Clima.<br \/>\n        No caso da regi\u00e3o Centro-Oeste, que nos interessa mais particularmente, estudos demonstram que entre 2013 e 2015, 18.962 Km\u00b2 de Cerrado foram destru\u00eddos, o que equivale a perda de uma \u00e1rea equivalente a cidade de S\u00e3o Paulo a cada dois meses. Este ritmo de destrui\u00e7\u00e3o torna o o Cerrado um dos ecossistemas mais amea\u00e7ados do planeta. Todos os ambientalistas envolvidos com essa quest\u00e3o, concordam que a expans\u00e3o do agroneg\u00f3cio \u00e9 a principal causa do entrave clim\u00e1tico &#8221; a exemplo de compromissos assumidos por empresas na Amaz\u00f4nia para eliminar o desmatamento de suas cadeias, \u00e9 fundamental que um passo na mesma dire\u00e7\u00e3o seja dado para o Cerrado, onde a situa\u00e7\u00e3o do desmatamento \u00e9 muito grave\u201d, afirma Cristiane Mazzetti, especialista em desmatamento zero do Greenpeace Brasil.<\/p>\n<p>A frase que n\u00e3o foi pronunciada:<br \/>\n&#8221; Preserva\u00e7\u00e3o da esp\u00e9cie parece n\u00e3o ser uma caracter\u00edstica humana.&#8221;<br \/>\nDona Dita vendo um sabi\u00e1 atacando os micos.<\/p>\n<p>Hist\u00f3ria<br \/>\nFernando Cesar Mesquita, quando assessorava Antonio Carlos Magalh\u00e3es, criou uma cole\u00e7\u00e3o de CDs intitulada &#8220;Os melhores momentos do parlamento brasileiro&#8221;. Debates brilhantes entre parlamentares cultos e preparados para a miss\u00e3o. Por curiosidade tentamos ver se esses \u00e1udios estavam dispon\u00edveis na Internet e ao digitar o t\u00edtulo entre aspas veio apenas uma not\u00edcia de 1998: &#8220;Inaugurada nova p\u00e1gina no site do Senado Federal na Internet.&#8221; A nova p\u00e1gina foi produzida em conjunto pela Secretaria de Informa\u00e7\u00e3o e Documenta\u00e7\u00e3o, pelo Prodasen, pela Secretaria Especial de Editora\u00e7\u00e3o e Publica\u00e7\u00f5es e pela Subsecretaria de Rela\u00e7\u00f5es P\u00fablicas, sob a coordena\u00e7\u00e3o da Diretoria-Geral.<\/p>\n<p>HIST\u00d3RIA DE BRAS\u00cdLIA 28\/10\/2017<br \/>\n  Veio, depois, a nomea\u00e7\u00e3o do presidente da Novacap, antes da nomea\u00e7\u00e3o do prefeito. O carro adiante dos bois, e resta, agora, que o dr. Laranja Filho compreenda que a cidade espera muito de sua aten\u00e7\u00e3o. (Publicado em 06.10.1961)<\/p>\n","protected":false},"excerpt":{"rendered":"<p>Desde 1960 colunadoaricunha@gmail.com; com Circe Cunha e Mamfil Com apenas 5.801,9Km\u00b2, o Distrito Federal se apresenta como um pequeno quadrado instalado bem no cora\u00e7\u00e3o da vasta regi\u00e3o Centro-Oeste. Por isso, no nosso caso espec\u00edfico, vale o dito: geografia \u00e9 destino e tamb\u00e9m fatalidade. O que vier a acontecer na regi\u00e3o central do Brasil, ter\u00e1 reflexos diretos em Bras\u00edlia, ditando inclusive [&hellip;]<\/p>\n","protected":false},"author":34,"featured_media":0,"comment_status":"closed","ping_status":"open","sticky":false,"template":"","format":"standard","meta":{"footnotes":""},"categories":[23],"tags":[32],"class_list":["post-9177","post","type-post","status-publish","format-standard","hentry","category-integra","tag-politica-brasil-brasilia-mamfil-ari-cunha-circe-cunha"],"_links":{"self":[{"href":"https:\/\/blogs.correiobraziliense.com.br\/aricunha\/wp-json\/wp\/v2\/posts\/9177","targetHints":{"allow":["GET"]}}],"collection":[{"href":"https:\/\/blogs.correiobraziliense.com.br\/aricunha\/wp-json\/wp\/v2\/posts"}],"about":[{"href":"https:\/\/blogs.correiobraziliense.com.br\/aricunha\/wp-json\/wp\/v2\/types\/post"}],"author":[{"embeddable":true,"href":"https:\/\/blogs.correiobraziliense.com.br\/aricunha\/wp-json\/wp\/v2\/users\/34"}],"replies":[{"embeddable":true,"href":"https:\/\/blogs.correiobraziliense.com.br\/aricunha\/wp-json\/wp\/v2\/comments?post=9177"}],"version-history":[{"count":1,"href":"https:\/\/blogs.correiobraziliense.com.br\/aricunha\/wp-json\/wp\/v2\/posts\/9177\/revisions"}],"predecessor-version":[{"id":9178,"href":"https:\/\/blogs.correiobraziliense.com.br\/aricunha\/wp-json\/wp\/v2\/posts\/9177\/revisions\/9178"}],"wp:attachment":[{"href":"https:\/\/blogs.correiobraziliense.com.br\/aricunha\/wp-json\/wp\/v2\/media?parent=9177"}],"wp:term":[{"taxonomy":"category","embeddable":true,"href":"https:\/\/blogs.correiobraziliense.com.br\/aricunha\/wp-json\/wp\/v2\/categories?post=9177"},{"taxonomy":"post_tag","embeddable":true,"href":"https:\/\/blogs.correiobraziliense.com.br\/aricunha\/wp-json\/wp\/v2\/tags?post=9177"}],"curies":[{"name":"wp","href":"https:\/\/api.w.org\/{rel}","templated":true}]}}